{"id":30402,"date":"2024-02-05T15:56:36","date_gmt":"2024-02-05T12:56:36","guid":{"rendered":"http:\/\/mersinkadingazetesi.com\/?p=30402"},"modified":"2024-02-05T15:56:36","modified_gmt":"2024-02-05T12:56:36","slug":"buyuk-acilari-tekrar-yasamak-istemiyorsak-kentlerimizi-depreme-direncli-hale-getirmeliyiz","status":"publish","type":"post","link":"https:\/\/mersinkadingazetesi.com\/?p=30402","title":{"rendered":"\u201cB\u00dcY\u00dcK ACILARI TEKRAR YA\u015eAMAK \u0130STEM\u0130YORSAK, KENTLER\u0130M\u0130Z\u0130 DEPREME D\u0130REN\u00c7L\u0130 HALE GET\u0130RMEL\u0130Y\u0130Z\u201d"},"content":{"rendered":"<p>Akdeniz Belediye Ba\u015fkan\u0131 M. Mustafa G\u00fcltak, 6 \u015eubat 2023 tarihinde ya\u015fanan ve T\u00fcrkiye\u2019nin en a\u011f\u0131r felaketlerinden biri olarak d\u00fcnya tarihine ge\u00e7en depremlerin 1\u2019inci y\u0131ld\u00f6n\u00fcm\u00fc nedeniyle yapt\u0131\u011f\u0131 a\u00e7\u0131klamada; \u201cBilim insanlar\u0131n\u0131n da uyard\u0131\u011f\u0131 \u00fczere \u00fclkemiz bir deprem b\u00f6lgesi. Depremler yine olacak, bundan ka\u00e7mak m\u00fcmk\u00fcn de\u011fil. B\u00fcy\u00fck ac\u0131lar\u0131 tekrar ya\u015famamak i\u00e7in depreme kar\u015f\u0131 haz\u0131rl\u0131kl\u0131 olmak, kentlerimizi yenileyip g\u00fc\u00e7lendirmek, depreme kar\u015f\u0131 diren\u00e7li hale getirmek zorunday\u0131z\u201d dedi.<br \/>\nAkdeniz Belediye Meclisi \u015eubat ay\u0131 ilk toplant\u0131s\u0131nda konu\u015fan Ba\u015fkan G\u00fcltak, 6 \u015eubat 2023 tarihinde meydana gelen ve 12 kenti, milyonlarca insan\u0131 etkileyen deprem felaketinin y\u0131ld\u00f6n\u00fcm\u00fcnde ya\u015fam\u0131n\u0131 yitiren vatanda\u015flara rahmet, tedavisi s\u00fcren yaral\u0131lara \u015fifalar diledi. Ba\u015fkan G\u00fcltak; \u201c\u00dclkemiz tarihinin en a\u011f\u0131r felaketi sonucu ne yaz\u0131k ki 53 bin 537 insan\u0131m\u0131z\u0131 yitirdik; 107 bin 213 insan\u0131m\u0131z da yaraland\u0131. On binlerce vatanda\u015f\u0131m\u0131z ya\u015fad\u0131klar\u0131 kentleri terk edip ba\u015fka \u015fehirlere g\u00f6\u00e7 etmek zorunda kald\u0131. Akdeniz Belediyesi olarak kentimize gelen depremzede vatanda\u015flar\u0131m\u0131za, imk\u00e2nlar\u0131m\u0131z ve g\u00fcc\u00fcm\u00fcz elverdi\u011fince yard\u0131mc\u0131 olmaya, yaralar\u0131m\u0131z\u0131 sarmaya \u00e7al\u0131\u015ft\u0131k. Hatay K\u0131r\u0131khan\u2019a i\u015f makineleri ve ekip g\u00f6ndererek arama-kurtarma \u00e7al\u0131\u015fmas\u0131na destek olduk. Onlarca TIR dolusu g\u0131da ve temel ihtiya\u00e7 malzemesini b\u00f6lgeye ula\u015ft\u0131rd\u0131k. K\u0131r\u0131khan\u2019a bizzat giderek ekiplerimizin \u00e7al\u0131\u015fmalar\u0131n\u0131 yerinde takip ettim\u201d diye konu\u015ftu.<br \/>\n\u201cKentsel d\u00f6n\u00fc\u015f\u00fcm, hayati ve acil bir konu\u201d<br \/>\nS\u00f6zlerini; \u201cYar\u0131n; bu b\u00fcy\u00fck felaketin 1\u2019inci y\u0131ld\u00f6n\u00fcm\u00fc\u201d diyerek s\u00fcrd\u00fcren Ba\u015fkan G\u00fcltak, \u201cBilim insanlar\u0131n\u0131n da uyard\u0131\u011f\u0131 \u00fczere \u00fclkemiz bir deprem b\u00f6lgesi\u2026 Depremler yine olacak, bundan ka\u00e7mak da m\u00fcmk\u00fcn de\u011fil. \u00d6nemli olan depreme kar\u015f\u0131 haz\u0131rl\u0131kl\u0131 olmak ve kentlerimizi yenileyip g\u00fc\u00e7lendirmektir. Zira ge\u00e7mi\u015fte ya\u015fad\u0131\u011f\u0131m\u0131z afetlerde oldu\u011fu gibi 6 \u015eubat 2023\u2019te ya\u015fad\u0131\u011f\u0131m\u0131z tarihimizin en y\u0131k\u0131c\u0131 ikiz depremleri, kentsel d\u00f6n\u00fc\u015f\u00fcm\u00fcn ne kadar hayati ve acil bir konu oldu\u011funu \u00e7ok ac\u0131 bir \u015fekilde hepimize ya\u015fatt\u0131. Kentsel d\u00f6n\u00fc\u015f\u00fcm\u00fc \u00f6nemsiyor, projelerimizde \u00f6ncelik veriyoruz\u201d \u015feklinde konu\u015ftu.<br \/>\n\u201cAkdeniz\u2019de ilk kez kentsel d\u00f6n\u00fc\u015f\u00fcm projelerini ba\u015flatt\u0131k\u201d<br \/>\nG\u00f6reve gelir gelmez Akdeniz\u2019de kentsel d\u00f6n\u00fc\u015f\u00fcm\u00fcn hayata ge\u00e7mesini sa\u011flad\u0131klar\u0131n\u0131n alt\u0131n\u0131 \u00e7izen Ba\u015fkan Mustafa G\u00fcltak; \u201cAnkara ve Bakanl\u0131klar nezdindeki giri\u015fimlerimiz sonucu, 30 y\u0131l sonra ilk kez \u00c7ay Mahallesi\u2019nde yakla\u015f\u0131k 500 konutluk proje tamamland\u0131. Noter huzurunda \u00e7ekilen kuralar\u0131n ard\u0131ndan vatanda\u015flar\u0131m\u0131z\u0131n bir b\u00f6l\u00fcm\u00fc g\u00fcvenli, do\u011fal gazl\u0131, park ve ye\u015fil alanlar\u0131na sahip modern evlerine yerle\u015fip ya\u015famaya ba\u015flad\u0131. Kentsel d\u00f6n\u00fc\u015f\u00fcm\u00fcn ba\u015flamas\u0131n\u0131 sa\u011flad\u0131\u011f\u0131m\u0131z Bar\u0131\u015f Mahallemizde de \u00e7al\u0131\u015fmalar\u0131n y\u00fczde 65&#8217;i tamamland\u0131. Zira Bar\u0131\u015f Mahallesi\u2019nde hak sahibi vatanda\u015flar\u0131m\u0131z\u0131n y\u00fczde 91&#8217;i ile anla\u015fma sa\u011flad\u0131k ki bu rakam kentsel d\u00f6n\u00fc\u015f\u00fcm projelerinde elde edilebilecek en y\u00fcksek rakamd\u0131r. Mahallemizde ilk etapta 415 konut, 50 d\u00fckk\u00e2n, ticaret ve k\u00fclt\u00fcr merkezi, 1\u2019er cami ve kre\u015f ile \u00e7evre d\u00fczenlemesini kapsayan d\u00f6n\u00fc\u015f\u00fcm projesinde hak sahibi vatanda\u015flar\u0131m\u0131za ilk anahtarlar\u0131n 2024 y\u0131l\u0131 i\u00e7inde teslimi planlan\u0131yor\u201d ifadelerini kulland\u0131.<br \/>\n\u201cYeniden g\u00f6reve gelmem halinde projeler devam edecek\u201d<br \/>\nYerel se\u00e7im maratonunu da hat\u0131rlatan Ba\u015fkan G\u00fcltak, s\u00f6zlerini \u015f\u00f6yle s\u00fcrd\u00fcrd\u00fc; \u201cPartim beni yeniden aday g\u00f6sterir, halk\u0131m\u0131z\u0131n da takdir ve tevecc\u00fch\u00fc ile se\u00e7imi tekrar kazanarak yeniden Belediye Ba\u015fkan\u0131 olma onuruna ve gururuna lay\u0131k g\u00f6r\u00fcl\u00fcrsem, yeni d\u00f6nemde Turgut Reis, Bar\u0131\u015f, Bah\u00e7e, \u00c7ilek ve \u00c7ay Mahallesi TOK\u0130 m\u00fcjdelerini bir kez daha vermek istiyorum.<br \/>\nZira \u00c7ay Mahallemizde, ikinci etap yerinde kentsel d\u00f6n\u00fc\u015f\u00fcm projesi kapsam\u0131nda haz\u0131rlad\u0131\u011f\u0131m\u0131z, 330 yeni ve modern daireyi kapsayan projemiz, \u00c7evre \u015eehircilik ve \u0130klim De\u011fi\u015fikli\u011fi Bakanl\u0131\u011f\u0131\u2019nca kabul edildi. Se\u00e7imin ard\u0131ndan \u00c7ay Mahallemizde 2\u2019nci etap d\u00f6n\u00fc\u015f\u00fcme ba\u015flayaca\u011f\u0131z. S\u0131rada d\u00f6n\u00fc\u015f\u00fcme acil ihtiya\u00e7 duyan en az 5-6 mahallemiz daha var. 31 Mart\u2019tan sonra bu mahallelerimize ili\u015fkin yeni kentsel d\u00f6n\u00fc\u015f\u00fcm projelerini en k\u0131sa s\u00fcrede hayata ge\u00e7irece\u011fiz.\u201d<br \/>\n\u201cKentlerimizi deprem ger\u00e7e\u011fine g\u00f6re yeniden kurmal\u0131y\u0131z\u201d<br \/>\n\u201cE\u011fer, deprem bizim ger\u00e7e\u011fimiz ise, bizler de se\u00e7ilmi\u015f belediye ba\u015fkanlar\u0131 olarak s\u0131n\u0131rlar\u0131m\u0131z i\u00e7inde deprem ger\u00e7e\u011fine g\u00f6re kentlerimizi yeniden kurmal\u0131y\u0131z\u201d diyen Ba\u015fkan G\u00fcltak; \u201cBe\u015f y\u0131l \u00f6nce de \u0131srarla s\u00f6yl\u00fcyordum, bug\u00fcn tekrar ediyorum. Genelde kentimizin, \u00f6zelde Akdeniz il\u00e7emizin \u00e7\u00f6z\u00fcm bekleyen en b\u00fcy\u00fck sorunu plans\u0131z, imars\u0131z, ka\u00e7ak ve \u00e7arp\u0131k yap\u0131la\u015fmad\u0131r. Bu nedenledir ki \u00fczerinde en \u00e7ok durdu\u011fumuz ve \u00e7\u00f6zmeye \u00e7al\u0131\u015ft\u0131\u011f\u0131m\u0131z konular\u0131n ba\u015f\u0131nda kentsel d\u00f6n\u00fc\u015f\u00fcm projeleri, imar ve ka\u00e7ak yap\u0131 sorunu gelmi\u015ftir. Bu ger\u00e7ekten hareketle; bir yandan depremlere kar\u015f\u0131 diren\u00e7li mahalleler in\u015fa ederken, vatanda\u015flar\u0131m\u0131za da hak ettikleri kent ya\u015fam\u0131n\u0131n konfor, imk\u00e2n ve nimetlerini sunmaya, Akdeniz\u2019i hayat\u0131n her alan\u0131nda de\u011fi\u015ftirip d\u00f6n\u00fc\u015ft\u00fcrmeye, terk edilen de\u011fil ya\u015famak i\u00e7in tercih edilen bir il\u00e7e haline getirmeye devam edece\u011fiz\u201d dedi.<\/p>\n","protected":false},"excerpt":{"rendered":"<p>Akdeniz Belediye Ba\u015fkan\u0131 M. Mustafa G\u00fcltak, 6 \u015eubat 2023 tarihinde ya\u015fanan ve T\u00fcrkiye\u2019nin en a\u011f\u0131r felaketlerinden biri olarak d\u00fcnya tarihine ge\u00e7en depremlerin 1\u2019inci y\u0131ld\u00f6n\u00fcm\u00fc nedeniyle yapt\u0131\u011f\u0131 a\u00e7\u0131klamada; \u201cBilim insanlar\u0131n\u0131n da uyard\u0131\u011f\u0131 \u00fczere \u00fclkemiz bir deprem b\u00f6lgesi. Depremler yine olacak, bundan ka\u00e7mak m\u00fcmk\u00fcn de\u011fil. B\u00fcy\u00fck ac\u0131lar\u0131 tekrar ya\u015famamak i\u00e7in depreme kar\u015f\u0131 haz\u0131rl\u0131kl\u0131 olmak, kentlerimizi yenileyip g\u00fc\u00e7lendirmek, [&hellip;]<\/p>\n","protected":false},"author":2,"featured_media":30403,"comment_status":"open","ping_status":"open","sticky":false,"template":"","format":"standard","meta":{"footnotes":""},"categories":[2,3],"tags":[],"class_list":["post-30402","post","type-post","status-publish","format-standard","has-post-thumbnail","hentry","category-gundem","category-manset"],"views":1,"_links":{"self":[{"href":"https:\/\/mersinkadingazetesi.com\/index.php?rest_route=\/wp\/v2\/posts\/30402"}],"collection":[{"href":"https:\/\/mersinkadingazetesi.com\/index.php?rest_route=\/wp\/v2\/posts"}],"about":[{"href":"https:\/\/mersinkadingazetesi.com\/index.php?rest_route=\/wp\/v2\/types\/post"}],"author":[{"embeddable":true,"href":"https:\/\/mersinkadingazetesi.com\/index.php?rest_route=\/wp\/v2\/users\/2"}],"replies":[{"embeddable":true,"href":"https:\/\/mersinkadingazetesi.com\/index.php?rest_route=%2Fwp%2Fv2%2Fcomments&post=30402"}],"version-history":[{"count":0,"href":"https:\/\/mersinkadingazetesi.com\/index.php?rest_route=\/wp\/v2\/posts\/30402\/revisions"}],"wp:featuredmedia":[{"embeddable":true,"href":"https:\/\/mersinkadingazetesi.com\/index.php?rest_route=\/wp\/v2\/media\/30403"}],"wp:attachment":[{"href":"https:\/\/mersinkadingazetesi.com\/index.php?rest_route=%2Fwp%2Fv2%2Fmedia&parent=30402"}],"wp:term":[{"taxonomy":"category","embeddable":true,"href":"https:\/\/mersinkadingazetesi.com\/index.php?rest_route=%2Fwp%2Fv2%2Fcategories&post=30402"},{"taxonomy":"post_tag","embeddable":true,"href":"https:\/\/mersinkadingazetesi.com\/index.php?rest_route=%2Fwp%2Fv2%2Ftags&post=30402"}],"curies":[{"name":"wp","href":"https:\/\/api.w.org\/{rel}","templated":true}]}}