{"id":30405,"date":"2024-02-05T15:57:04","date_gmt":"2024-02-05T12:57:04","guid":{"rendered":"http:\/\/mersinkadingazetesi.com\/?p=30405"},"modified":"2024-02-05T15:57:04","modified_gmt":"2024-02-05T12:57:04","slug":"baskan-secerden-6-subat-depremi-yildonumu-mesaji","status":"publish","type":"post","link":"https:\/\/mersinkadingazetesi.com\/?p=30405","title":{"rendered":"BA\u015eKAN SE\u00c7ER&#8217;DEN 6 \u015eUBAT DEPREM\u0130 YILD\u00d6N\u00dcM\u00dc MESAJI"},"content":{"rendered":"<p>Mersin B\u00fcy\u00fck\u015fehir Belediye Ba\u015fkan\u0131 Vahap Se\u00e7er, 6 \u015eubat 2023 tarihinde Kahramanmara\u015f merkezli olarak meydana gelen, 11 ilin etkilendi\u011fi ve binlerce yurtta\u015f\u0131n hayat\u0131n\u0131 kaybetti\u011fi deprem felaketinin y\u0131ld\u00f6n\u00fcm\u00fc dolay\u0131s\u0131yla bir mesaj yay\u0131mlad\u0131.<\/p>\n<p>Ba\u015fkan Se\u00e7er mesaj\u0131nda \u015fu ifadelere yer verdi:<\/p>\n<p>&#8220;6 \u015eubat 2023&#8217;te ya\u015fanan, binlerce vatanda\u015f\u0131m\u0131z\u0131n hayat\u0131n\u0131 kaybetti\u011fi Kahramanmara\u015f, Hatay, Ad\u0131yaman, Osmaniye, Gaziantep, \u015eanl\u0131urfa, Malatya, Diyarbak\u0131r, Adana, Kilis ve Elaz\u0131\u011f&#8217;da b\u00fcy\u00fck y\u0131k\u0131mlara neden olan deprem felaketlerinin \u00fczerinden 1 y\u0131l ge\u00e7ti.<\/p>\n<p>Deprem sonras\u0131 s\u00fcre\u00e7te, depremden etkilenen 11 ilin ac\u0131s\u0131n\u0131 derinden ya\u015fayan Mersin&#8217;de; birlik, beraberlik ve dayan\u0131\u015fma i\u00e7erisinde pek \u00e7ok depremzedeye destek olurken; afet b\u00f6lgesindeki ihtiya\u00e7 sahiplerine ula\u015fmak i\u00e7in de gece g\u00fcnd\u00fcz \u00e7al\u0131\u015ft\u0131k. Hatay, Kahramanmara\u015f ve Ad\u0131yaman ba\u015fta olmak \u00fczere depremden etkilenen t\u00fcm illerimizde yurtta\u015flar\u0131m\u0131za Mersinlilerin yard\u0131m elini uzatt\u0131k.<\/p>\n<p>Mersin B\u00fcy\u00fck\u015fehir Belediyesi olarak, afetlere kar\u015f\u0131 haz\u0131rl\u0131kl\u0131 olmak, acil durum m\u00fcdahale planlar\u0131n\u0131 g\u00fc\u00e7lendirmek ve vatanda\u015flar\u0131m\u0131z\u0131n g\u00fcvenli\u011fini en \u00fcst d\u00fczeyde tutmak i\u00e7in \u00e7al\u0131\u015fmalar\u0131m\u0131z\u0131 s\u00fcrd\u00fcr\u00fcyoruz. Bundan sonra da \u015fehrimizin daha g\u00fcvenli ve diren\u00e7li bir yap\u0131ya kavu\u015fmas\u0131 i\u00e7in h\u0131z kesmeden, el birli\u011fiyle \u00e7al\u0131\u015fmaya devam edece\u011fiz.<\/p>\n<p>Bu vesileyle, gelecekte b\u00f6yle b\u00fcy\u00fck ac\u0131lar ve felaketlerin tekrar ya\u015fanmamas\u0131 temennisiyle; depremlerde kaybetti\u011fimiz vatanda\u015flar\u0131m\u0131z\u0131 rahmet ve minnetle an\u0131yor, ailelerine ve milletimize ba\u015fsa\u011fl\u0131\u011f\u0131 ve sab\u0131r diliyorum.&#8221;<\/p>\n","protected":false},"excerpt":{"rendered":"<p>Mersin B\u00fcy\u00fck\u015fehir Belediye Ba\u015fkan\u0131 Vahap Se\u00e7er, 6 \u015eubat 2023 tarihinde Kahramanmara\u015f merkezli olarak meydana gelen, 11 ilin etkilendi\u011fi ve binlerce yurtta\u015f\u0131n hayat\u0131n\u0131 kaybetti\u011fi deprem felaketinin y\u0131ld\u00f6n\u00fcm\u00fc dolay\u0131s\u0131yla bir mesaj yay\u0131mlad\u0131. Ba\u015fkan Se\u00e7er mesaj\u0131nda \u015fu ifadelere yer verdi: &#8220;6 \u015eubat 2023&#8217;te ya\u015fanan, binlerce vatanda\u015f\u0131m\u0131z\u0131n hayat\u0131n\u0131 kaybetti\u011fi Kahramanmara\u015f, Hatay, Ad\u0131yaman, Osmaniye, Gaziantep, \u015eanl\u0131urfa, Malatya, Diyarbak\u0131r, Adana, Kilis [&hellip;]<\/p>\n","protected":false},"author":2,"featured_media":30406,"comment_status":"open","ping_status":"open","sticky":false,"template":"","format":"standard","meta":{"footnotes":""},"categories":[3],"tags":[],"class_list":["post-30405","post","type-post","status-publish","format-standard","has-post-thumbnail","hentry","category-manset"],"views":4,"_links":{"self":[{"href":"https:\/\/mersinkadingazetesi.com\/index.php?rest_route=\/wp\/v2\/posts\/30405"}],"collection":[{"href":"https:\/\/mersinkadingazetesi.com\/index.php?rest_route=\/wp\/v2\/posts"}],"about":[{"href":"https:\/\/mersinkadingazetesi.com\/index.php?rest_route=\/wp\/v2\/types\/post"}],"author":[{"embeddable":true,"href":"https:\/\/mersinkadingazetesi.com\/index.php?rest_route=\/wp\/v2\/users\/2"}],"replies":[{"embeddable":true,"href":"https:\/\/mersinkadingazetesi.com\/index.php?rest_route=%2Fwp%2Fv2%2Fcomments&post=30405"}],"version-history":[{"count":0,"href":"https:\/\/mersinkadingazetesi.com\/index.php?rest_route=\/wp\/v2\/posts\/30405\/revisions"}],"wp:featuredmedia":[{"embeddable":true,"href":"https:\/\/mersinkadingazetesi.com\/index.php?rest_route=\/wp\/v2\/media\/30406"}],"wp:attachment":[{"href":"https:\/\/mersinkadingazetesi.com\/index.php?rest_route=%2Fwp%2Fv2%2Fmedia&parent=30405"}],"wp:term":[{"taxonomy":"category","embeddable":true,"href":"https:\/\/mersinkadingazetesi.com\/index.php?rest_route=%2Fwp%2Fv2%2Fcategories&post=30405"},{"taxonomy":"post_tag","embeddable":true,"href":"https:\/\/mersinkadingazetesi.com\/index.php?rest_route=%2Fwp%2Fv2%2Ftags&post=30405"}],"curies":[{"name":"wp","href":"https:\/\/api.w.org\/{rel}","templated":true}]}}