{"id":30408,"date":"2024-02-05T16:07:06","date_gmt":"2024-02-05T13:07:06","guid":{"rendered":"http:\/\/mersinkadingazetesi.com\/?p=30408"},"modified":"2024-02-05T18:09:56","modified_gmt":"2024-02-05T15:09:56","slug":"laiklik-cumhuriyetin-teminatidir","status":"publish","type":"post","link":"https:\/\/mersinkadingazetesi.com\/?p=30408","title":{"rendered":"\u2018Laiklik her f\u0131rsatta tart\u0131\u015fmaya a\u00e7\u0131l\u0131yor!\u2019"},"content":{"rendered":"<p>CHP Mersin \u0130l Ba\u015fkan\u0131 Koral \u00d6m\u00fcr Laiklik \u0130lkesi\u2019nin Anayasa\u2019ya giri\u015finin y\u0131ld\u00f6n\u00fcm\u00fc sebebiyle bas\u0131n a\u00e7\u0131klamas\u0131nda bulundu.\u00a01924 Anayasas\u0131nda, 5 \u015fubat 1937\u2019de yap\u0131lan de\u011fi\u015fiklikle Laiklik \u0130lkesi\u2019nin Anayasa\u2019da ilk defa yer ald\u0131\u011f\u0131n\u0131 hat\u0131rlatan \u00d6m\u00fcr, \u201cArd\u0131ndan 1961 Anayasas\u0131\u2019nda ve son olarak 1982 Anayasas\u0131\u2019n\u0131n 2. maddesinde laiklik ilkesi Cumhuriyetimizin de\u011fi\u015fmez nitelikleri aras\u0131nda yer alm\u0131\u015ft\u0131r. Laiklik sadece kelime anlam\u0131nda oldu\u011fu gibi din ve devlet i\u015flerinin birbirinden ayr\u0131lmas\u0131 de\u011fildir. Laiklik din ve vicdan \u00f6zg\u00fcrl\u00fc\u011f\u00fcn\u00fcn, ayn\u0131 toplumda \u00f6zg\u00fcrce ya\u015faman\u0131n, hukuk g\u00fcvenli\u011finin teminat\u0131d\u0131r. Laiklik cumhuriyetin teminatt\u0131d\u0131r. \u00c7a\u011fda\u015f uygarl\u0131k seviyesine ula\u015fma hedefindeki en \u00f6nemli ilkelerden biri olan ve Anayasam\u0131z\u0131n ilk d\u00f6rt maddesi ile de\u011fi\u015ftirilmesi teklif dahi edilmemesi gereken laiklik ilkesi \u00a0son 23 y\u0131ld\u0131r mevcut iktidar taraf\u0131ndan her f\u0131rsatta tart\u0131\u015fmaya a\u00e7\u0131lmaktad\u0131r. \u0130ktidar\u0131n Milli E\u011fitim Bakan\u0131, laiklik kar\u015f\u0131t\u0131 odaklar\u0131n s\u00f6zc\u00fcl\u00fc\u011f\u00fcn\u00fc \u00fcstlenmi\u015f, tarikat ve cemaatlerle yapt\u0131klar\u0131 protokoller hakk\u0131nda, bu yap\u0131lar\u0131n STK oldu\u011funu ve bu yap\u0131larla protokol yapmaya devam edeceklerini meclis k\u00fcrs\u00fcs\u00fcnden savunmu\u015ftur.\u201d dedi.<\/p>\n<p>\u00d6m\u00fcr \u015f\u00f6yle devam etti;\u201cBunlar\u0131n yan\u0131nda okullara \u2018Manevi dan\u0131\u015fman\u2019 ad\u0131yla din g\u00f6revlileri g\u00f6revlendirerek laik \u00e7a\u011fda\u015f e\u011fitim faaliyetlerinin bir b\u00f6l\u00fcm\u00fc Milli E\u011fitim Bakanl\u0131\u011f\u0131&#8217;n\u0131n g\u00f6rev alan\u0131ndan \u00e7\u0131kar\u0131larak Diyanet \u0130\u015fleri Ba\u015fkanl\u0131\u011f\u0131&#8217;n\u0131n g\u00f6rev alan\u0131na sokulma gayesindedir. B\u00f6ylelikle \u00fclkemizde \u00e7a\u011fda\u015f, laik e\u011fitim sistemini sonland\u0131rma hamlesi birinci a\u011f\u0131zdan duyurulmu\u015ftur.\u00a0 Mevcut iktidar e\u011fitim konusunda a\u00e7\u0131k\u00e7a belirtti\u011fi laiklik kar\u015f\u0131t\u0131 s\u00f6ylem ve eylemlerini , sa\u011fl\u0131ktan , silahl\u0131 kuvvetlere, yarg\u0131dan emniyete \u00a0kadar her alanda tart\u0131\u015fmaya a\u00e7ma gayesindedir.\u00a0Laiklik ilkesinden uzakla\u015f\u0131ld\u0131\u011f\u0131nda bunun en a\u011f\u0131r bedelini \u00a0devletimizin ve vatanda\u015flar\u0131m\u0131z\u0131n \u00f6dedi\u011fini mevcut iktidar ve ortaklar\u0131 hala idrak edememi\u015fleridr.\u00a0 Kadrolar\u0131n\u0131n liyakate g\u00f6re de\u011fil, do\u011frudan siyasi otorite taraf\u0131ndan dini bir gruba yak\u0131nl\u0131klar\u0131 gerek\u00e7e g\u00f6sterilen gruplara teslim edilmi\u015f olmas\u0131n\u0131n bunun en a\u00e7\u0131k ispat\u0131d\u0131r. 15 Temmuz darbe giri\u015fimden ders \u00e7\u0131karmayan iktidar ve ortaklar\u0131 laik cumhuriyet rejimine kar\u015f\u0131 gruplarla birlikte yol y\u00fcr\u00fcmekten vazge\u00e7memektedir. Cumhuriyet Halk Partisi bu ve bunun gibi her t\u00fcrl\u00fc \u00e7aban\u0131n kar\u015f\u0131s\u0131ndad\u0131r. Cumhuriyet Halk Partisi, cumhuriyeti kuran parti misyonuyla da cumhuriyet kazan\u0131mlar\u0131na, cumhuriyet temel ilkelerine en \u00e7ok da laiklik ilkesine sahip \u00e7\u0131km\u0131\u015f ve \u00e7\u0131kacakt\u0131r. Ulu \u00f6nder Gazi Mustafa Kemal Atat\u00fcrk \u00a0&#8220;Benim iki b\u00fcy\u00fck eserim var; biri T\u00fcrkiye Cumhuriyet&#8217;i di\u011feri Cumhuriyet Halk Partisi.&#8221; derken CHP&#8217;ye de rejimin korunmas\u0131nda g\u00f6rev vermi\u015f, sorumluluk da y\u00fcklemi\u015ftir. Partimiz t\u00fcm organlar\u0131 ile bu vasiyete sahip \u00e7\u0131kmaktad\u0131r. Cumhuriyet Halk Partisi olarak ne laiklik ilkesini ne de di\u011fer ilkeleri tart\u0131\u015fmaya dahi a\u00e7t\u0131rmamak i\u00e7in var g\u00fcc\u00fcyle m\u00fccadele edece\u011fimizi kamuoyuna sayg\u0131yla bildiririz.\u201d<\/p>\n","protected":false},"excerpt":{"rendered":"<p>CHP Mersin \u0130l Ba\u015fkan\u0131 Koral \u00d6m\u00fcr Laiklik \u0130lkesi\u2019nin Anayasa\u2019ya giri\u015finin y\u0131ld\u00f6n\u00fcm\u00fc sebebiyle bas\u0131n a\u00e7\u0131klamas\u0131nda bulundu.\u00a01924 Anayasas\u0131nda, 5 \u015fubat 1937\u2019de yap\u0131lan de\u011fi\u015fiklikle Laiklik \u0130lkesi\u2019nin Anayasa\u2019da ilk defa yer ald\u0131\u011f\u0131n\u0131 hat\u0131rlatan \u00d6m\u00fcr, \u201cArd\u0131ndan 1961 Anayasas\u0131\u2019nda ve son olarak 1982 Anayasas\u0131\u2019n\u0131n 2. maddesinde laiklik ilkesi Cumhuriyetimizin de\u011fi\u015fmez nitelikleri aras\u0131nda yer alm\u0131\u015ft\u0131r. Laiklik sadece kelime anlam\u0131nda oldu\u011fu gibi din [&hellip;]<\/p>\n","protected":false},"author":2,"featured_media":30409,"comment_status":"open","ping_status":"open","sticky":false,"template":"","format":"standard","meta":{"footnotes":""},"categories":[2,3],"tags":[],"class_list":["post-30408","post","type-post","status-publish","format-standard","has-post-thumbnail","hentry","category-gundem","category-manset"],"views":1,"_links":{"self":[{"href":"https:\/\/mersinkadingazetesi.com\/index.php?rest_route=\/wp\/v2\/posts\/30408"}],"collection":[{"href":"https:\/\/mersinkadingazetesi.com\/index.php?rest_route=\/wp\/v2\/posts"}],"about":[{"href":"https:\/\/mersinkadingazetesi.com\/index.php?rest_route=\/wp\/v2\/types\/post"}],"author":[{"embeddable":true,"href":"https:\/\/mersinkadingazetesi.com\/index.php?rest_route=\/wp\/v2\/users\/2"}],"replies":[{"embeddable":true,"href":"https:\/\/mersinkadingazetesi.com\/index.php?rest_route=%2Fwp%2Fv2%2Fcomments&post=30408"}],"version-history":[{"count":0,"href":"https:\/\/mersinkadingazetesi.com\/index.php?rest_route=\/wp\/v2\/posts\/30408\/revisions"}],"wp:featuredmedia":[{"embeddable":true,"href":"https:\/\/mersinkadingazetesi.com\/index.php?rest_route=\/wp\/v2\/media\/30409"}],"wp:attachment":[{"href":"https:\/\/mersinkadingazetesi.com\/index.php?rest_route=%2Fwp%2Fv2%2Fmedia&parent=30408"}],"wp:term":[{"taxonomy":"category","embeddable":true,"href":"https:\/\/mersinkadingazetesi.com\/index.php?rest_route=%2Fwp%2Fv2%2Fcategories&post=30408"},{"taxonomy":"post_tag","embeddable":true,"href":"https:\/\/mersinkadingazetesi.com\/index.php?rest_route=%2Fwp%2Fv2%2Ftags&post=30408"}],"curies":[{"name":"wp","href":"https:\/\/api.w.org\/{rel}","templated":true}]}}