{"id":30412,"date":"2024-02-06T09:51:15","date_gmt":"2024-02-06T06:51:15","guid":{"rendered":"http:\/\/mersinkadingazetesi.com\/?p=30412"},"modified":"2024-02-06T09:51:15","modified_gmt":"2024-02-06T06:51:15","slug":"forum-mersinin-yeni-muduru-necati-ufuk-toydemir","status":"publish","type":"post","link":"https:\/\/mersinkadingazetesi.com\/?p=30412","title":{"rendered":"FORUM MERS\u0130N\u2018\u0130N YEN\u0130 M\u00dcD\u00dcR\u00dc NECAT\u0130 UFUK TOYDEM\u0130R"},"content":{"rendered":"<p>Al\u0131\u015fveri\u015f merkezi y\u00f6netimi konusunda T\u00fcrkiye\u2019de en tecr\u00fcbeli y\u00f6neticilerden biri olan Necati Ufuk<br \/>\nToydemir, 1 \u015eubat 2024 itibariyle Forum Mersin Al\u0131\u015fveri\u015f Merkezi\u2019nin M\u00fcd\u00fcr\u00fc oldu.<br \/>\nAkdeniz \u00dcniversitesi Turizm \u0130\u015fletmecili\u011fi ve Otelcilik B\u00f6l\u00fcm\u00fc\u2019nden 1997 y\u0131l\u0131nda mezun olan Necati Ufuk<br \/>\nToydemir, 2006 y\u0131l\u0131nda AVM M\u00fcd\u00fcr\u00fc olarak al\u0131\u015fveri\u015f merkezi sekt\u00f6r\u00fcne ad\u0131m att\u0131. Sekt\u00f6r\u00fcn \u00f6nde gelen<br \/>\nfirmalar\u0131nda uzun y\u0131llar y\u00f6neticilik yapt\u0131ktan sonra 2022 y\u0131l\u0131 A\u011fustos ay\u0131 itibariyle kariyerine Multi T\u00fcrkiye<\/p>\n<p>b\u00fcnyesinde bulunan Forum Kayseri Avm\u2019de AVM M\u00fcd\u00fcr\u00fc olarak devam etmi\u015ftir.<br \/>\nKariyeri boyunca \u00f6nemli sosyal sorumluluk projeleri geli\u015ftiren Necati Ufuk Toydemir; 2014 y\u0131l\u0131nda<br \/>\nprojesiyle ICSC European Shopping Centre Awards 2014 Commendation \u00d6d\u00fcl\u00fc\u2019n\u00fc kazand\u0131. Bir sonraki<br \/>\ny\u0131l \u20192015 Mutlu \u00c7ocuk\u2019 sosyal sorumluluk projesine imza atan Toydemir, 2016 y\u0131l\u0131nda 6 bin 972 adet<br \/>\norigami turna ku\u015funun geri d\u00f6n\u00fc\u015f\u00fcm d\u00f6n\u00fc\u015f\u00fcm ka\u011f\u0131tlar\u0131 ile sergilenmesi sonucu d\u00fcnya \u00e7ocuk rekorlar\u0131<\/p>\n<p>kitab\u0131na giren projeyi y\u00fcr\u00fctt\u00fc.<\/p>\n<p>Sekt\u00f6rde ba\u015far\u0131l\u0131 projelere liderlik eden Necati Ufuk Toydemir, bundan sonraki s\u00fcre\u00e7te Forum Mersin\u2019de<\/p>\n<p>AVM M\u00fcd\u00fcr\u00fc olarak kariyerine devam edecek.<\/p>\n","protected":false},"excerpt":{"rendered":"<p>Al\u0131\u015fveri\u015f merkezi y\u00f6netimi konusunda T\u00fcrkiye\u2019de en tecr\u00fcbeli y\u00f6neticilerden biri olan Necati Ufuk Toydemir, 1 \u015eubat 2024 itibariyle Forum Mersin Al\u0131\u015fveri\u015f Merkezi\u2019nin M\u00fcd\u00fcr\u00fc oldu. Akdeniz \u00dcniversitesi Turizm \u0130\u015fletmecili\u011fi ve Otelcilik B\u00f6l\u00fcm\u00fc\u2019nden 1997 y\u0131l\u0131nda mezun olan Necati Ufuk Toydemir, 2006 y\u0131l\u0131nda AVM M\u00fcd\u00fcr\u00fc olarak al\u0131\u015fveri\u015f merkezi sekt\u00f6r\u00fcne ad\u0131m att\u0131. Sekt\u00f6r\u00fcn \u00f6nde gelen firmalar\u0131nda uzun y\u0131llar y\u00f6neticilik yapt\u0131ktan [&hellip;]<\/p>\n","protected":false},"author":2,"featured_media":30413,"comment_status":"open","ping_status":"open","sticky":false,"template":"","format":"standard","meta":{"footnotes":""},"categories":[1],"tags":[],"class_list":["post-30412","post","type-post","status-publish","format-standard","has-post-thumbnail","hentry","category-genel"],"views":172,"_links":{"self":[{"href":"https:\/\/mersinkadingazetesi.com\/index.php?rest_route=\/wp\/v2\/posts\/30412"}],"collection":[{"href":"https:\/\/mersinkadingazetesi.com\/index.php?rest_route=\/wp\/v2\/posts"}],"about":[{"href":"https:\/\/mersinkadingazetesi.com\/index.php?rest_route=\/wp\/v2\/types\/post"}],"author":[{"embeddable":true,"href":"https:\/\/mersinkadingazetesi.com\/index.php?rest_route=\/wp\/v2\/users\/2"}],"replies":[{"embeddable":true,"href":"https:\/\/mersinkadingazetesi.com\/index.php?rest_route=%2Fwp%2Fv2%2Fcomments&post=30412"}],"version-history":[{"count":0,"href":"https:\/\/mersinkadingazetesi.com\/index.php?rest_route=\/wp\/v2\/posts\/30412\/revisions"}],"wp:featuredmedia":[{"embeddable":true,"href":"https:\/\/mersinkadingazetesi.com\/index.php?rest_route=\/wp\/v2\/media\/30413"}],"wp:attachment":[{"href":"https:\/\/mersinkadingazetesi.com\/index.php?rest_route=%2Fwp%2Fv2%2Fmedia&parent=30412"}],"wp:term":[{"taxonomy":"category","embeddable":true,"href":"https:\/\/mersinkadingazetesi.com\/index.php?rest_route=%2Fwp%2Fv2%2Fcategories&post=30412"},{"taxonomy":"post_tag","embeddable":true,"href":"https:\/\/mersinkadingazetesi.com\/index.php?rest_route=%2Fwp%2Fv2%2Ftags&post=30412"}],"curies":[{"name":"wp","href":"https:\/\/api.w.org\/{rel}","templated":true}]}}