{"id":30428,"date":"2024-02-06T12:41:11","date_gmt":"2024-02-06T09:41:11","guid":{"rendered":"http:\/\/mersinkadingazetesi.com\/?p=30428"},"modified":"2024-02-06T12:41:11","modified_gmt":"2024-02-06T09:41:11","slug":"buyuksehirin-avrupa-standartlarinda-veri-ve-teknoloji-merkezi-mertelkom","status":"publish","type":"post","link":"https:\/\/mersinkadingazetesi.com\/?p=30428","title":{"rendered":"B\u00dcY\u00dcK\u015eEH\u0130R&#8217;\u0130N AVRUPA STANDARTLARINDA VER\u0130 VE TEKNOLOJ\u0130 MERKEZ\u0130: &#8216;MERTELKOM&#8217;"},"content":{"rendered":"<p>Her ge\u00e7en g\u00fcn dijitalle\u015fen \u00e7a\u011fa ayak uydurmak i\u00e7in teknolojik yenilikleri takip eden ve projelerini de bu do\u011frultuda hayata ge\u00e7iren Mersin B\u00fcy\u00fck\u015fehir Belediyesi, \u0130mar \u0130n\u015faat A.\u015e. b\u00fcnyesinde &#8216;MERTELKOM&#8217; veri ve teknoloji merkezini hayata ge\u00e7irdi.<\/p>\n<p>Avrupa standartlar\u0131nda tasarlanan ve \u015firketlerin fikri m\u00fclkiyetlerini ve hassas m\u00fc\u015fteri bilgilerini korumaya yard\u0131mc\u0131 olan &#8216;ISO 270001&#8242; sertifikas\u0131na sahip olan merkez, Ankara ve \u0130stanbul&#8217;dan sonra b\u00f6lgede veri g\u00fcvenli\u011fini sa\u011flayan b\u00fcy\u00fck bir merkez olma \u00f6zelli\u011fini ta\u015f\u0131yor.<\/p>\n<p>Veri g\u00fcvenli\u011finin yan\u0131 s\u0131ra, teknolojik altyap\u0131 yat\u0131r\u0131mlar\u0131 i\u00e7in de AR-GE \u00e7al\u0131\u015fmas\u0131 yap\u0131lan tam donan\u0131ml\u0131 merkez, sahip oldu\u011fu kapasite ile \u00e7ok daha h\u0131zl\u0131, g\u00fcvenilir, kesintisiz ve s\u00fcrd\u00fcr\u00fclebilir bir bili\u015fim hizmeti sunuyor.<\/p>\n<p>\u00d6zg\u00fcr: &#8220;MERTELKOM, tam te\u015fekk\u00fcll\u00fc ve Avrupa standartlar\u0131nda yap\u0131ld\u0131&#8221;<\/p>\n<p>Mersin B\u00fcy\u00fck\u015fehir Belediyesi \u0130mar \u0130n\u015faat A.\u015e. Genel M\u00fcd\u00fcr Yard\u0131mc\u0131s\u0131 Emir Can \u00d6zg\u00fcr, MERTELKOM&#8217; un tam te\u015fekk\u00fcll\u00fc bir veri ve teknoloji merkezi oldu\u011funu dile getirerek, yak\u0131n illerde ve civar b\u00f6lgelerde bu standartlarda yap\u0131lm\u0131\u015f bir merkez olmad\u0131\u011f\u0131n\u0131 ifade etti. MERTELKOM&#8217;un Avrupa standartlar\u0131nda tasarlanm\u0131\u015f bir yer oldu\u011funu s\u00f6yleyen \u00d6zg\u00fcr, &#8220;Ayn\u0131 zamanda ISO 270001 sertifikal\u0131 bir veri merkezi. MERTELKOM&#8217;un \u00f6ncelikli amac\u0131; \u015fehrimizde ve \u015fehrimizdeki di\u011fer b\u00fcy\u00fck kurumlardaki veri g\u00fcvenli\u011fini sa\u011flamak ve verileri bar\u0131nd\u0131rmak. Bununla birlikte kurum b\u00fcnyesinde \u00e7e\u015fitli teknoloji geli\u015ftirme ve AR-GE i\u015flemlerini de y\u00fcr\u00fct\u00fcyoruz&#8221; dedi.<\/p>\n<p>MERTELKOM&#8217;un bulundu\u011fu lokasyonun da \u00f6zenle se\u00e7ildi\u011fini aktaran \u00d6zg\u00fcr, &#8220;Buras\u0131 eski bir Telekom binas\u0131 ve ilimizdeki data hatlar\u0131n\u0131n da birle\u015fim noktas\u0131. Buray\u0131 in\u015fa ederken Avrupa standartlar\u0131na ve ISO sertifikalar\u0131na uygun \u015fekilde tasarlad\u0131k. Lokasyonun \u00f6zel se\u00e7ilmi\u015f olmas\u0131, data hizmetinin \u00e7ok daha h\u0131zl\u0131 ve verimli \u00fcretilmesi ile ilgili&#8221; diye konu\u015ftu.<\/p>\n<p>&#8220;B\u00f6lgede bu standartlarda yap\u0131lm\u0131\u015f bir merkez yok&#8221;<\/p>\n<p>MERTELKOM&#8217;un \u0130mar \u0130n\u015faat A.\u015e.&#8217;nin elde etti\u011fi yat\u0131r\u0131mlarla olu\u015fturuldu\u011funu ve hizmet alanlar\u0131nda \u00f6ncelikle B\u00fcy\u00fck\u015fehir Belediyesi ve MESK\u0130 oldu\u011funu kaydeden \u00d6zg\u00fcr, &#8220;B\u00fcnyemizde verilerimizin \u00e7ok daha g\u00fcvenli ve \u00e7ok daha h\u0131zl\u0131 bar\u0131nmas\u0131n\u0131 sa\u011fl\u0131yoruz. Bu merkez yakla\u015f\u0131k 10 b\u00fcy\u00fck\u015fehir belediyesi b\u00fcy\u00fckl\u00fc\u011f\u00fcndeki kuruma hizmet verebilecek kapasitede tasarland\u0131. Dolay\u0131s\u0131yla biz yak\u0131n zamanda di\u011fer kurumlara da ayn\u0131 hizmeti vermeyi hedefliyoruz&#8221; ifadelerini kulland\u0131.<\/p>\n<p>Kurum sayesinde verilerin art\u0131k \u00e7ok daha g\u00fcvenli ve korunakl\u0131 bir \u015fekilde sakland\u0131\u011f\u0131n\u0131 belirten \u00d6zg\u00fcr, &#8220;MERTELKOM sadece veri bar\u0131nd\u0131rma hizmeti de\u011fil, ayn\u0131 zamanda bir\u00e7ok farkl\u0131 hizmeti de b\u00fcnyesinde bar\u0131nd\u0131r\u0131yor. Bunlardan bir tanesi de elektronik \u00fccret toplama sistemi. Kentimizde olan 33 kartlar\u0131n\u0131n y\u00f6netim merkezi buras\u0131.  Ayn\u0131 zamanda burada geli\u015ftirilen projelerle, Sular \u0130daresi ile birlikte uzaktan saya\u00e7 okuma hizmetleri de verebiliyoruz. Buna benzer baz\u0131 teknolojik altyap\u0131 yat\u0131r\u0131mlar\u0131 da buradan ilerletiliyor&#8221; dedi. Proje kapsam\u0131nda ilerleyen g\u00fcnlerde teknoloji e\u011fitimleri vermeyi de hedeflediklerini belirten \u00d6zg\u00fcr, binada dersliklerin de mevcut oldu\u011funu ve binan\u0131n buna uygun \u015fekilde tasarland\u0131\u011f\u0131n\u0131 s\u00f6zlerine ekledi.<\/p>\n","protected":false},"excerpt":{"rendered":"<p>Her ge\u00e7en g\u00fcn dijitalle\u015fen \u00e7a\u011fa ayak uydurmak i\u00e7in teknolojik yenilikleri takip eden ve projelerini de bu do\u011frultuda hayata ge\u00e7iren Mersin B\u00fcy\u00fck\u015fehir Belediyesi, \u0130mar \u0130n\u015faat A.\u015e. b\u00fcnyesinde &#8216;MERTELKOM&#8217; veri ve teknoloji merkezini hayata ge\u00e7irdi. Avrupa standartlar\u0131nda tasarlanan ve \u015firketlerin fikri m\u00fclkiyetlerini ve hassas m\u00fc\u015fteri bilgilerini korumaya yard\u0131mc\u0131 olan &#8216;ISO 270001&#8242; sertifikas\u0131na sahip olan merkez, Ankara ve [&hellip;]<\/p>\n","protected":false},"author":2,"featured_media":30429,"comment_status":"open","ping_status":"open","sticky":false,"template":"","format":"standard","meta":{"footnotes":""},"categories":[3,11],"tags":[],"class_list":["post-30428","post","type-post","status-publish","format-standard","has-post-thumbnail","hentry","category-manset","category-teknoloji"],"views":9,"_links":{"self":[{"href":"https:\/\/mersinkadingazetesi.com\/index.php?rest_route=\/wp\/v2\/posts\/30428"}],"collection":[{"href":"https:\/\/mersinkadingazetesi.com\/index.php?rest_route=\/wp\/v2\/posts"}],"about":[{"href":"https:\/\/mersinkadingazetesi.com\/index.php?rest_route=\/wp\/v2\/types\/post"}],"author":[{"embeddable":true,"href":"https:\/\/mersinkadingazetesi.com\/index.php?rest_route=\/wp\/v2\/users\/2"}],"replies":[{"embeddable":true,"href":"https:\/\/mersinkadingazetesi.com\/index.php?rest_route=%2Fwp%2Fv2%2Fcomments&post=30428"}],"version-history":[{"count":0,"href":"https:\/\/mersinkadingazetesi.com\/index.php?rest_route=\/wp\/v2\/posts\/30428\/revisions"}],"wp:featuredmedia":[{"embeddable":true,"href":"https:\/\/mersinkadingazetesi.com\/index.php?rest_route=\/wp\/v2\/media\/30429"}],"wp:attachment":[{"href":"https:\/\/mersinkadingazetesi.com\/index.php?rest_route=%2Fwp%2Fv2%2Fmedia&parent=30428"}],"wp:term":[{"taxonomy":"category","embeddable":true,"href":"https:\/\/mersinkadingazetesi.com\/index.php?rest_route=%2Fwp%2Fv2%2Fcategories&post=30428"},{"taxonomy":"post_tag","embeddable":true,"href":"https:\/\/mersinkadingazetesi.com\/index.php?rest_route=%2Fwp%2Fv2%2Ftags&post=30428"}],"curies":[{"name":"wp","href":"https:\/\/api.w.org\/{rel}","templated":true}]}}