{"id":30435,"date":"2024-02-06T19:20:55","date_gmt":"2024-02-06T16:20:55","guid":{"rendered":"http:\/\/mersinkadingazetesi.com\/?p=30435"},"modified":"2024-02-06T19:20:55","modified_gmt":"2024-02-06T16:20:55","slug":"tarsusta-halk-ekmek-fabrikasi-aciliyor","status":"publish","type":"post","link":"https:\/\/mersinkadingazetesi.com\/?p=30435","title":{"rendered":"TARSUS\u2019TA HALK EKMEK FABR\u0130KASI A\u00c7ILIYOR"},"content":{"rendered":"<p>Tarsus Belediyesi, sosyal belediyecilik anlay\u0131\u015f\u0131n\u0131n en \u00f6nemli yat\u0131r\u0131mlar\u0131ndan olan yeni \u201cHalk Ekmek Fabrikas\u0131\u201dn\u0131, 7 \u015eubat \u00c7ar\u015famba g\u00fcn\u00fc saat 14.30\u2019te d\u00fczenlenecek a\u00e7\u0131l\u0131\u015f t\u00f6reniyle Tarsuslular\u0131n hizmetine sunacak. Tarsus Belediye Ba\u015fkan\u0131 Dr. Haluk Bozdo\u011fan, Memleket Partisi Genel Ba\u015fkan\u0131 Muharrem \u0130nce\u2019nin kat\u0131l\u0131m\u0131yla a\u00e7\u0131lacak olan Fabrikaya t\u00fcm Tarsuslular\u0131 davet etti.<\/p>\n<p>Tarsus Belediye Ba\u015fkan\u0131 Dr. Haluk Bozdo\u011fan\u2019\u0131n sosyal hizmet projelerinden biri olarak faaliyetlerine ba\u015flayan Halk Ekmek, gerek mevcut tesis kapasitesinin artan ihtiyaca cevap verememesi gerekse halk\u0131n yo\u011fun ilgisi nedeniyle ba\u015flat\u0131lan \u00e7al\u0131\u015fma kapsam\u0131nda yeni bir tesise kavu\u015fuyor. Kemalpa\u015fa Sanayi Sitesi i\u00e7erisinde bulunan yeni Tarsus Belediyesi Halk Ekmek Fabrikas\u0131, 7 \u015eubat \u00c7ar\u015famba g\u00fcn\u00fc saat 14.30\u2019da d\u00fczenlenecek resmi t\u00f6renle Tarsuslular\u0131n hizmetine sunulacak. Tarsuslular\u0131n uygun fiyatl\u0131 ve sa\u011fl\u0131kl\u0131 ekmek ihtiyac\u0131n\u0131 kar\u015f\u0131lamaya devam edecek tesis, el de\u011fmeden \u00fcretilen ekmeklerin yan\u0131 s\u0131ra \u00fcr\u00fcn kapasite ve \u00e7e\u015fitlili\u011fini de artt\u0131racak. Halk Ekmek, yeni fabrika ile ayl\u0131k yakla\u015f\u0131k 2 milyon ekmek kapasitesine sahip olacak.<\/p>\n<p>\u201cFABR\u0130KA A\u00c7ILI\u015eIMIZA T\u00dcM HALKIMIZ DAVETL\u0130D\u0130R\u201d<\/p>\n<p>Ya\u015fanan ekonomik kriz ve hayat pahal\u0131l\u0131\u011f\u0131 nedeniyle Halk Ekmek\u2019in \u00e7ok \u00f6nemli bir noktada oldu\u011funu belirten Tarsus Belediye Ba\u015fkan\u0131 Dr. Haluk Bozdo\u011fan, \u201cEn \u00f6nemli sosyal hizmet projelerimizden biri olarak ba\u015flatt\u0131\u011f\u0131m\u0131z Halk Ekmek Fabrikas\u0131 ile Tarsuslulara sa\u011fl\u0131kl\u0131 ve uygun fiyatl\u0131 \u00fcr\u00fcnleri ula\u015ft\u0131rmaya devam edece\u011fiz. Memleket Partisi Genel Ba\u015fkan\u0131m\u0131z Say\u0131n Muharrem \u0130nce\u2019nin de kat\u0131l\u0131m sa\u011flayaca\u011f\u0131 fabrika a\u00e7\u0131l\u0131\u015f\u0131m\u0131za t\u00fcm halk\u0131m\u0131z davetlidir. Tarsus\u2019umuza \u015fimdiden hay\u0131rl\u0131 u\u011furlu olsun\u201d ifadelerini kulland\u0131.<\/p>\n<p>Bozdo\u011fan, halk\u0131n g\u00fcveni ile b\u00fcy\u00fcyen Halk Ekmek\u2019in 7 \u015eubat \u00c7ar\u015famba g\u00fcn\u00fc saat 14.30\u2019da, Kemalpa\u015fa Sanayi Sitesi i\u00e7erisindeki yeni fabrikas\u0131n\u0131n a\u00e7\u0131l\u0131\u015f\u0131na t\u00fcm Tarsuslular\u0131 davet etti.<\/p>\n","protected":false},"excerpt":{"rendered":"<p>Tarsus Belediyesi, sosyal belediyecilik anlay\u0131\u015f\u0131n\u0131n en \u00f6nemli yat\u0131r\u0131mlar\u0131ndan olan yeni \u201cHalk Ekmek Fabrikas\u0131\u201dn\u0131, 7 \u015eubat \u00c7ar\u015famba g\u00fcn\u00fc saat 14.30\u2019te d\u00fczenlenecek a\u00e7\u0131l\u0131\u015f t\u00f6reniyle Tarsuslular\u0131n hizmetine sunacak. Tarsus Belediye Ba\u015fkan\u0131 Dr. Haluk Bozdo\u011fan, Memleket Partisi Genel Ba\u015fkan\u0131 Muharrem \u0130nce\u2019nin kat\u0131l\u0131m\u0131yla a\u00e7\u0131lacak olan Fabrikaya t\u00fcm Tarsuslular\u0131 davet etti. Tarsus Belediye Ba\u015fkan\u0131 Dr. Haluk Bozdo\u011fan\u2019\u0131n sosyal hizmet projelerinden biri [&hellip;]<\/p>\n","protected":false},"author":2,"featured_media":30436,"comment_status":"open","ping_status":"open","sticky":false,"template":"","format":"standard","meta":{"footnotes":""},"categories":[3],"tags":[],"class_list":["post-30435","post","type-post","status-publish","format-standard","has-post-thumbnail","hentry","category-manset"],"views":14,"_links":{"self":[{"href":"https:\/\/mersinkadingazetesi.com\/index.php?rest_route=\/wp\/v2\/posts\/30435"}],"collection":[{"href":"https:\/\/mersinkadingazetesi.com\/index.php?rest_route=\/wp\/v2\/posts"}],"about":[{"href":"https:\/\/mersinkadingazetesi.com\/index.php?rest_route=\/wp\/v2\/types\/post"}],"author":[{"embeddable":true,"href":"https:\/\/mersinkadingazetesi.com\/index.php?rest_route=\/wp\/v2\/users\/2"}],"replies":[{"embeddable":true,"href":"https:\/\/mersinkadingazetesi.com\/index.php?rest_route=%2Fwp%2Fv2%2Fcomments&post=30435"}],"version-history":[{"count":0,"href":"https:\/\/mersinkadingazetesi.com\/index.php?rest_route=\/wp\/v2\/posts\/30435\/revisions"}],"wp:featuredmedia":[{"embeddable":true,"href":"https:\/\/mersinkadingazetesi.com\/index.php?rest_route=\/wp\/v2\/media\/30436"}],"wp:attachment":[{"href":"https:\/\/mersinkadingazetesi.com\/index.php?rest_route=%2Fwp%2Fv2%2Fmedia&parent=30435"}],"wp:term":[{"taxonomy":"category","embeddable":true,"href":"https:\/\/mersinkadingazetesi.com\/index.php?rest_route=%2Fwp%2Fv2%2Fcategories&post=30435"},{"taxonomy":"post_tag","embeddable":true,"href":"https:\/\/mersinkadingazetesi.com\/index.php?rest_route=%2Fwp%2Fv2%2Ftags&post=30435"}],"curies":[{"name":"wp","href":"https:\/\/api.w.org\/{rel}","templated":true}]}}