{"id":30438,"date":"2024-02-07T12:12:52","date_gmt":"2024-02-07T09:12:52","guid":{"rendered":"http:\/\/mersinkadingazetesi.com\/?p=30438"},"modified":"2024-02-07T12:12:52","modified_gmt":"2024-02-07T09:12:52","slug":"buyuksehirin-geleneksellesen-kandil-simidi-ikrami-mirac-kandilinde-de-surdu","status":"publish","type":"post","link":"https:\/\/mersinkadingazetesi.com\/?p=30438","title":{"rendered":"B\u00dcY\u00dcK\u015eEH\u0130R&#8217;\u0130N GELENEKSELLE\u015eEN KAND\u0130L S\u0130M\u0130D\u0130 \u0130KRAMI M\u0130RA\u00c7 KAND\u0130L\u0130&#8217;NDE DE S\u00dcRD\u00dc"},"content":{"rendered":"<p>Kandillerde vatanda\u015flara kandil simidi ikram\u0131n\u0131 geleneksel hale getiren Mersin B\u00fcy\u00fck\u015fehir Belediyesi Sosyal Hizmetler Dairesi, d\u00fcn gece kutlanan Mira\u00e7 Kandili&#8217;nde de vatanda\u015flara kandil simidi da\u011f\u0131tt\u0131.<\/p>\n<p>B\u00fcy\u00fck\u015fehir Belediyesi b\u00fcnyesinde \u00fcretilen ve haz\u0131rlanan kandil simitleri tek tek paketlendi. 30 cami ve 5 da\u011f\u0131t\u0131m noktas\u0131nda stant kuran ekipler, vatanda\u015flar\u0131n kandilini kutlayarak, kandil simidi ikram etti. B\u00fcy\u00fck\u015fehir ekipleri; 4 merkez il\u00e7enin yan\u0131 s\u0131ra Tarsus, \u00c7aml\u0131yayla, Erdemli, Silifke, Anamur, Bozyaz\u0131, G\u00fclnar, Ayd\u0131nc\u0131k ve Mut&#8217;ta olmak \u00fczere t\u00fcm il\u00e7elerde toplam 15 bin kandil simidi da\u011f\u0131tt\u0131. Ayr\u0131ca 6 \u015eubat depremlerinin y\u0131l d\u00f6n\u00fcm\u00fc dolay\u0131s\u0131yla Tarsus \u015eehir Mezarl\u0131\u011f\u0131&#8217;nda d\u00fczenlenen Kuran&#8217;\u0131 Kerim okuma program\u0131na kat\u0131lanlara da kandil simidi da\u011f\u0131t\u0131ld\u0131. Vatanda\u015flar da simit da\u011f\u0131t\u0131m\u0131n\u0131 memnuniyetle kar\u015f\u0131lad\u0131.<\/p>\n<p>&#8220;Vatanda\u015flar\u0131m\u0131z\u0131n g\u00f6n\u00fcllerine dokunuyoruz&#8221;<\/p>\n<p>Sosyal Hizmetler Dairesi Ba\u015fkanl\u0131\u011f\u0131&#8217;nda \u00e7al\u0131\u015fan G\u00fcl\u015fah Arslan, da\u011f\u0131t\u0131mlarla ilgili bilgi vererek, &#8220;\u0130slam alemi i\u00e7in \u00f6nemli bir g\u00fcn; Mira\u00e7 Kandili. Her kandilde oldu\u011fu gibi bu kandilde de kandil simitlerimizi vatanda\u015flar\u0131m\u0131za da\u011f\u0131t\u0131yor ve Vahap Ba\u015fkan\u0131m\u0131z\u0131n sevgi ve selamlar\u0131n\u0131 iletiyoruz. \u0130limiz genelinde 30 cami, 5 ayr\u0131 da\u011f\u0131t\u0131m noktas\u0131 olmak \u00fczere 35 ayr\u0131 noktada 15 bin adet kandil simidimiz vatanda\u015flar\u0131m\u0131za da\u011f\u0131t\u0131l\u0131yor. Bir nebze olsun vatanda\u015flar\u0131m\u0131z\u0131n g\u00f6n\u00fcllerine dokunuyoruz. Bu vesileyle de t\u00fcm vatanda\u015flar\u0131m\u0131z\u0131n Mira\u00e7 Kandili M\u00fcbarek olsun&#8221; dedi.<\/p>\n<p>Vatanda\u015flardan Song\u00fcl Cansev, kandilde simit da\u011f\u0131t\u0131m\u0131na ilk kez denk geldi\u011fini s\u00f6yleyerek, &#8220;\u00c7ok ho\u015f, \u015fu anda ilk defa al\u0131yorum. Bir de \u00e7orbam\u0131z var. Her Per\u015fembe \u00e7orba da\u011f\u0131t\u0131l\u0131yor. \u00c7ok da g\u00fczel. Sabahlar\u0131 o so\u011fukta s\u0131cak \u00e7orban\u0131n da\u011f\u0131t\u0131lmas\u0131 ger\u00e7ekten \u00e7ok g\u00fczel&#8221; diye konu\u015ftu.<\/p>\n<p>Kandil simidi alan \u0130brahim Cansev de, simit da\u011f\u0131t\u0131m\u0131n\u0131 de\u011ferlendirerek, &#8220;Ben ilk defa b\u00f6yle bir \u015feye rastlad\u0131m. Te\u015fekk\u00fcr ediyoruz. \u0130yi \u015feyler yap\u0131yorlar. Yapmaya devam etsinler&#8221; diye konu\u015ftu.  Vatanda\u015flardan Selma Metin ise, &#8220;G\u00fczel bir \u015fey. Ge\u00e7en de kaynar da\u011f\u0131tt\u0131lar, o da g\u00fczeldi. Severek i\u00e7tik. Emeklerine sa\u011fl\u0131k. Memnunuz Ba\u015fkan\u0131m\u0131zdan&#8221; dedi.<\/p>\n<p>Vatanda\u015flardan Nursen G\u00fcle\u00e7o\u011flu, Vahap Se\u00e7er ve B\u00fcy\u00fck\u015fehir Belediyesi&#8217;nin t\u00fcm hizmetlerinden memnun olduklar\u0131n\u0131 belirterek, &#8220;Her \u015feyinden memnunuz. Ba\u015far\u0131lar diliyorum&#8221; dedi.<\/p>\n","protected":false},"excerpt":{"rendered":"<p>Kandillerde vatanda\u015flara kandil simidi ikram\u0131n\u0131 geleneksel hale getiren Mersin B\u00fcy\u00fck\u015fehir Belediyesi Sosyal Hizmetler Dairesi, d\u00fcn gece kutlanan Mira\u00e7 Kandili&#8217;nde de vatanda\u015flara kandil simidi da\u011f\u0131tt\u0131. B\u00fcy\u00fck\u015fehir Belediyesi b\u00fcnyesinde \u00fcretilen ve haz\u0131rlanan kandil simitleri tek tek paketlendi. 30 cami ve 5 da\u011f\u0131t\u0131m noktas\u0131nda stant kuran ekipler, vatanda\u015flar\u0131n kandilini kutlayarak, kandil simidi ikram etti. B\u00fcy\u00fck\u015fehir ekipleri; 4 merkez [&hellip;]<\/p>\n","protected":false},"author":2,"featured_media":30439,"comment_status":"open","ping_status":"open","sticky":false,"template":"","format":"standard","meta":{"footnotes":""},"categories":[2,3],"tags":[],"class_list":["post-30438","post","type-post","status-publish","format-standard","has-post-thumbnail","hentry","category-gundem","category-manset"],"views":5,"_links":{"self":[{"href":"https:\/\/mersinkadingazetesi.com\/index.php?rest_route=\/wp\/v2\/posts\/30438"}],"collection":[{"href":"https:\/\/mersinkadingazetesi.com\/index.php?rest_route=\/wp\/v2\/posts"}],"about":[{"href":"https:\/\/mersinkadingazetesi.com\/index.php?rest_route=\/wp\/v2\/types\/post"}],"author":[{"embeddable":true,"href":"https:\/\/mersinkadingazetesi.com\/index.php?rest_route=\/wp\/v2\/users\/2"}],"replies":[{"embeddable":true,"href":"https:\/\/mersinkadingazetesi.com\/index.php?rest_route=%2Fwp%2Fv2%2Fcomments&post=30438"}],"version-history":[{"count":0,"href":"https:\/\/mersinkadingazetesi.com\/index.php?rest_route=\/wp\/v2\/posts\/30438\/revisions"}],"wp:featuredmedia":[{"embeddable":true,"href":"https:\/\/mersinkadingazetesi.com\/index.php?rest_route=\/wp\/v2\/media\/30439"}],"wp:attachment":[{"href":"https:\/\/mersinkadingazetesi.com\/index.php?rest_route=%2Fwp%2Fv2%2Fmedia&parent=30438"}],"wp:term":[{"taxonomy":"category","embeddable":true,"href":"https:\/\/mersinkadingazetesi.com\/index.php?rest_route=%2Fwp%2Fv2%2Fcategories&post=30438"},{"taxonomy":"post_tag","embeddable":true,"href":"https:\/\/mersinkadingazetesi.com\/index.php?rest_route=%2Fwp%2Fv2%2Ftags&post=30438"}],"curies":[{"name":"wp","href":"https:\/\/api.w.org\/{rel}","templated":true}]}}