{"id":30441,"date":"2024-02-07T12:14:29","date_gmt":"2024-02-07T09:14:29","guid":{"rendered":"http:\/\/mersinkadingazetesi.com\/?p=30441"},"modified":"2024-02-07T12:14:29","modified_gmt":"2024-02-07T09:14:29","slug":"gumruk-sektoru-kalifiye-personel-icin-egitim-ve-kalkinma-vakfi-ile-isbirligi-yapti","status":"publish","type":"post","link":"https:\/\/mersinkadingazetesi.com\/?p=30441","title":{"rendered":"G\u00fcmr\u00fck sekt\u00f6r\u00fc kalifiye personel i\u00e7in E\u011fitim ve Kalk\u0131nma Vakf\u0131 ile i\u015fbirli\u011fi yapt\u0131"},"content":{"rendered":"<p>G\u00fcmr\u00fck sekt\u00f6r\u00fcnde \u00e7al\u0131\u015fmak, kariyer hedefinde g\u00fcmr\u00fck m\u00fc\u015faviri olmak ve kendini geli\u015ftirmek isteyenler i\u00e7in \u2018G\u00fcmr\u00fck Sekt\u00f6r\u00fc E\u011fitimi\u2019 d\u00fczenleniyor. E\u011fitimin ilk g\u00fcn\u00fcnde kursiyerleri MTSO 18 No\u2019lu G\u00fcmr\u00fck M\u00fc\u015favirli\u011fi Hizmetleri Meslek Komitesi Ba\u015fkan\u0131 Serhan Koylan, Meclis \u00dcyeleri Zeki \u015ean ve Cengizhan K\u00fc\u00e7\u00fckgerger, MTSO E\u011fitim ve Kalk\u0131nma Vakf\u0131 Ba\u015fkan Vekili Tamer G\u00fcner de yaln\u0131z b\u0131rakmad\u0131. 5-27 \u015eubat 2024 g\u00fcnleri aras\u0131nda d\u00fczenlenecek e\u011fitim hafta i\u00e7i her g\u00fcn 17.00 \u2013 19.00 saatleri aras\u0131nda ger\u00e7ekle\u015fecek. 25 ki\u015finin kat\u0131ld\u0131\u011f\u0131 e\u011fitimin ilk haftas\u0131nda Tarsus \u00dcniversitesi Uluslararas\u0131 Ticaret ve Lojistik B\u00f6l\u00fcm\u00fc\u2019nden Do\u00e7. Dr. Sami S\u00fcyg\u00fcn temel d\u0131\u015f ticaret e\u011fitimi verirken, ikinci ve \u00fc\u00e7\u00fcnc\u00fc haftas\u0131nda G\u00fcmr\u00fck M\u00fc\u015faviri \u00d6mer \u00dcnal; uygulamal\u0131 beyanname yazma, otomasyon ve meslek derslerini anlatacak. E\u011fitimin son haftas\u0131 Komite \u00dcyeleri ve sekt\u00f6r temsilcilerinin kat\u0131l\u0131m\u0131yla uygulamal\u0131 olarak ger\u00e7ekle\u015ftirilecek vaka analizleri, tecr\u00fcbe payla\u015f\u0131mlar\u0131, sekt\u00f6rde ya\u015fanabilecek muhtemel sorunlara sunulacak \u00e7\u00f6z\u00fcm \u00f6nerileriyle son bulacak. <\/p>\n<p>G\u00fcner: \u201cS\u0131rada d\u0131\u015f ticaret e\u011fitimi var\u201d<br \/>\nE\u011fitimin ba\u015flang\u0131c\u0131nda konu\u015fan MTSO E\u011fitim ve Kalk\u0131nma Vakf\u0131 Ba\u015fkan Vekili Tamer G\u00fcner, Vak\u0131f olarak gelen taleplerle birlikte d\u0131\u015f ticaret kenti Mersin\u2019in bu alandaki g\u00fcc\u00fcn\u00fc art\u0131rmak ad\u0131na sekt\u00f6r\u00fcn kalifiye eleman ihtiyac\u0131n\u0131 kar\u015f\u0131layacak e\u011fitimlere destek verdiklerini s\u00f6yledi. Mevcut e\u011fitimin i\u00e7eri\u011fi hakk\u0131nda yapt\u0131\u011f\u0131 bilgilendirme sonras\u0131 G\u00fcner, G\u00fcmr\u00fck Sekt\u00f6r E\u011fitimi\u2019nin yan\u0131 s\u0131ra Mart ay\u0131nda Mersin Ticaret ve Sanayi Odas\u0131, Akdeniz \u0130hracat\u00e7\u0131 Birlikleri ve MTSO E\u011fitim ve Kalk\u0131nma Vakf\u0131 organizasyonunda; Mersin, Tarsus, \u00c7a\u011f ve Toros \u00dcniversitesi i\u015fbirli\u011finde ba\u015flayacak olan \u2018D\u0131\u015f Ticaret E\u011fitimi\u2019nin kay\u0131tlar\u0131n\u0131n a\u00e7\u0131ld\u0131\u011f\u0131n\u0131 da hat\u0131rlatt\u0131. Toplamda 3 ay 152 saat s\u00fcrecek kapsaml\u0131 bir e\u011fitim ger\u00e7ekle\u015fece\u011fini bildiren G\u00fcner s\u00f6zlerini, \u201cE\u011fitimlerimizden haberdar olmak i\u00e7in sosyal medya hesaplar\u0131n\u0131zdan Vakf\u0131m\u0131z\u0131 takip edebilirsiniz\u201d diye tamamlad\u0131. <\/p>\n<p>\u015ean: \u201cE\u011fitimlerimiz devam edecek\u201d<br \/>\nKomite olarak ge\u00e7mi\u015f d\u00f6nemlerde de \u00e7e\u015fitli e\u011fitim \u00e7al\u0131\u015fmalar\u0131 y\u00fcr\u00fctt\u00fcklerini kaydeden MTSO 18 No\u2019lu G\u00fcmr\u00fck M\u00fc\u015favirli\u011fi Hizmetleri Meslek Komitesi Meclis \u00dcyesi Zeki \u015ean, \u201cAmac\u0131m\u0131z bir taraftan gen\u00e7lerimize meslek edindirirken di\u011fer taraftan sekt\u00f6r\u00fcm\u00fcz\u00fcn kalifiye eleman ihtiyac\u0131na \u00e7\u00f6z\u00fcm sunmak\u201d diye konu\u015ftu. Mersin\u2019de faaliyet g\u00f6steren \u00fcniversitelerle i\u015fbirli\u011fi i\u00e7inde d\u0131\u015f ticaret kenti Mersin\u2019in bu alandaki potansiyelini geli\u015ftirmeye y\u00f6nelik projeler geli\u015ftirdiklerini vurgulayan \u015ean, gelecek taleplerle birlikte bu tarz e\u011fitimlere devam edeceklerini s\u00f6yledi.<\/p>\n","protected":false},"excerpt":{"rendered":"<p>G\u00fcmr\u00fck sekt\u00f6r\u00fcnde \u00e7al\u0131\u015fmak, kariyer hedefinde g\u00fcmr\u00fck m\u00fc\u015faviri olmak ve kendini geli\u015ftirmek isteyenler i\u00e7in \u2018G\u00fcmr\u00fck Sekt\u00f6r\u00fc E\u011fitimi\u2019 d\u00fczenleniyor. E\u011fitimin ilk g\u00fcn\u00fcnde kursiyerleri MTSO 18 No\u2019lu G\u00fcmr\u00fck M\u00fc\u015favirli\u011fi Hizmetleri Meslek Komitesi Ba\u015fkan\u0131 Serhan Koylan, Meclis \u00dcyeleri Zeki \u015ean ve Cengizhan K\u00fc\u00e7\u00fckgerger, MTSO E\u011fitim ve Kalk\u0131nma Vakf\u0131 Ba\u015fkan Vekili Tamer G\u00fcner de yaln\u0131z b\u0131rakmad\u0131. 5-27 \u015eubat 2024 g\u00fcnleri [&hellip;]<\/p>\n","protected":false},"author":2,"featured_media":30442,"comment_status":"open","ping_status":"open","sticky":false,"template":"","format":"standard","meta":{"footnotes":""},"categories":[3],"tags":[],"class_list":["post-30441","post","type-post","status-publish","format-standard","has-post-thumbnail","hentry","category-manset"],"views":2,"_links":{"self":[{"href":"https:\/\/mersinkadingazetesi.com\/index.php?rest_route=\/wp\/v2\/posts\/30441"}],"collection":[{"href":"https:\/\/mersinkadingazetesi.com\/index.php?rest_route=\/wp\/v2\/posts"}],"about":[{"href":"https:\/\/mersinkadingazetesi.com\/index.php?rest_route=\/wp\/v2\/types\/post"}],"author":[{"embeddable":true,"href":"https:\/\/mersinkadingazetesi.com\/index.php?rest_route=\/wp\/v2\/users\/2"}],"replies":[{"embeddable":true,"href":"https:\/\/mersinkadingazetesi.com\/index.php?rest_route=%2Fwp%2Fv2%2Fcomments&post=30441"}],"version-history":[{"count":0,"href":"https:\/\/mersinkadingazetesi.com\/index.php?rest_route=\/wp\/v2\/posts\/30441\/revisions"}],"wp:featuredmedia":[{"embeddable":true,"href":"https:\/\/mersinkadingazetesi.com\/index.php?rest_route=\/wp\/v2\/media\/30442"}],"wp:attachment":[{"href":"https:\/\/mersinkadingazetesi.com\/index.php?rest_route=%2Fwp%2Fv2%2Fmedia&parent=30441"}],"wp:term":[{"taxonomy":"category","embeddable":true,"href":"https:\/\/mersinkadingazetesi.com\/index.php?rest_route=%2Fwp%2Fv2%2Fcategories&post=30441"},{"taxonomy":"post_tag","embeddable":true,"href":"https:\/\/mersinkadingazetesi.com\/index.php?rest_route=%2Fwp%2Fv2%2Ftags&post=30441"}],"curies":[{"name":"wp","href":"https:\/\/api.w.org\/{rel}","templated":true}]}}