{"id":30447,"date":"2024-02-07T12:18:46","date_gmt":"2024-02-07T09:18:46","guid":{"rendered":"http:\/\/mersinkadingazetesi.com\/?p=30447"},"modified":"2024-02-07T12:18:46","modified_gmt":"2024-02-07T09:18:46","slug":"chp-mersin-milletvekili-kis-depremin-1-yilinda-hataydaydi","status":"publish","type":"post","link":"https:\/\/mersinkadingazetesi.com\/?p=30447","title":{"rendered":"CHP MERS\u0130N M\u0130LLETVEK\u0130L\u0130 KI\u015e, DEPREM\u0130N 1. YILINDA HATAY&#8217;DAYDI"},"content":{"rendered":"<p>CHP Mersin Milletvekili G\u00fclcan K\u0131\u015f, 6 \u015eubat Depremlerinin 1. Y\u0131ld\u00f6n\u00fcm\u00fcnde Hatay&#8217;dayd\u0131.<\/p>\n<p>CHP Genel Ba\u015fkan\u0131 \u00d6zg\u00fcr \u00d6zel&#8217;in beraberindeki heyette yer alan K\u0131\u015f, depremin ard\u0131ndan ge\u00e7en 1 y\u0131l sonras\u0131nda depremzedelerle bir araya geldi, b\u00f6lgede incelemelerde bulundu.<\/p>\n<p>Kahramanmara\u015f merkezli 6 \u015eubat depremlerinin ger\u00e7ekle\u015fti\u011fi sabah saatlerinde Hatay&#8217;da depremzedelerle olan CHP&#8217;li K\u0131\u015f, ya\u015fan\u0131lan felaketin, ac\u0131n\u0131n d\u00fcn gibi taze oldu\u011funu ifade etti.<\/p>\n<p>365 g\u00fcn sonra b\u00f6lgede g\u00f6zle g\u00f6r\u00fcl\u00fcr bir iyile\u015fme olmad\u0131\u011f\u0131na dikkat \u00e7eken K\u0131\u015f, her bir depremzedenin ayn\u0131 ac\u0131y\u0131 ya\u015famaya devam ederken, bar\u0131nma, sa\u011fl\u0131k, enkaz kald\u0131rma, ge\u00e7im ve \u00fcretim s\u0131k\u0131nt\u0131lar\u0131n\u0131n da \u00e7\u00f6z\u00fclemedi\u011fini belirtti.<\/p>\n<p>Depremin ger\u00e7ekle\u015fti\u011fi saatlerde, 04.17&#8217;de sayg\u0131 duru\u015fu ve anma t\u00f6renine kat\u0131lan CHP heyeti, b\u00f6lgede bir dizi programa kat\u0131ld\u0131 ve depremzedelerle bir araya geldi.<\/p>\n<p>Konteyner kentleri gezerek depremzedelerin s\u0131k\u0131nt\u0131lar\u0131n\u0131 dinleyen milletvekili K\u0131\u015f, aradan 1 y\u0131l ge\u00e7mesine ra\u011fmen, AKP h\u00fck\u00fcmeti taraf\u0131ndan s\u00f6z verilip bitirilemeyen kal\u0131c\u0131 konutlar\u0131n teslim edilmemesine tepki g\u00f6sterdi.<\/p>\n<p>T\u00fcrk milletinin tarihte g\u00f6r\u00fclmemi\u015f bir ac\u0131 kar\u015f\u0131s\u0131nda kenetlendi\u011fini, b\u00fcy\u00fck bir dayan\u0131\u015fma \u00f6rne\u011fi g\u00f6stererek ac\u0131lar\u0131 payla\u015ft\u0131\u011f\u0131n\u0131 ifade eden CHP&#8217;li K\u0131\u015f, ayn\u0131 dayan\u0131\u015fmay\u0131 h\u00fck\u00fcmetin g\u00f6steremedi\u011fini ve deprem b\u00f6lgesinde sorunlar\u0131n devam etti\u011fini belirtti.<\/p>\n<p>Depremzedelerin ac\u0131lar\u0131n\u0131n hala \u00e7ok taze oldu\u011funa de\u011finen K\u0131\u015f \u015funlar\u0131 s\u00f6yledi:<\/p>\n<p>&#8220;6 \u015eubat Depremlerinde 11 ilde toplam 518 bin konut y\u0131k\u0131lm\u0131\u015f ve a\u011f\u0131r hasar alm\u0131\u015fken, depremin hemen ard\u0131ndan Cumhurba\u015fkan\u0131 Erdo\u011fan, 1 y\u0131l i\u00e7inde t\u00fcm konutlar\u0131 yap\u0131p teslim edece\u011fi s\u00f6z\u00fcn\u00fc vermi\u015fti. Ancak b\u00f6lgeye bak\u0131yoruz. Yar\u0131s\u0131 bile tamamlanmam\u0131\u015f. Cumhurba\u015fkan\u0131 Erdo\u011fan bitirilen konutlar\u0131n teslim t\u00f6renini bile siyasi propaganda arac\u0131 haline getiriyor. Sonra \u00e7\u0131k\u0131p, ac\u0131lar\u0131 hala dinmemi\u015f olan depremzedeleri tehdit ediyor ve oy vermezseniz hizmette yok diyebiliyor. Bu b\u00fcy\u00fck bir utan\u00e7t\u0131r.  Biz Cumhuriyet Halk Partisi olarak, ben Mersin Milletvekili olarak depremi en yak\u0131ndan hisseden ve ya\u015fayan biri olarak, t\u0131pk\u0131 bir y\u0131l \u00f6nce haberi ald\u0131\u011f\u0131m\u0131z ilk dakikalardan itibaren oldu\u011fu gibi \u015fimdi de buraday\u0131z. T\u00fcm milletvekillerimiz ile buraday\u0131z.<\/p>\n<p>G\u00f6rd\u00fc\u011f\u00fcm\u00fcz manzara \u015fu ki; depremzedelerimiz seslerinin duyulmad\u0131\u011f\u0131n\u0131, bar\u0131nma, sa\u011fl\u0131k, ge\u00e7im, temizlik, e\u011fitim, i\u015f ba\u015fta olmak \u00fczere sorunlar\u0131n\u0131n \u00e7\u00f6z\u00fclmedi\u011fini belirtiyorlar ve de hakl\u0131 olarak \u00e7ok tepkililer. Kal\u0131c\u0131 konutlar\u0131n bir an evvel bitirilmesini bekliyorlar.&#8221;<\/p>\n<p>Ayn\u0131 zamanda \u0130n\u015faat M\u00fchendisi olan CHP Milletvekili K\u0131\u015f, b\u00f6lgeyle ilgili \u00e7ok \u00f6nemli uyar\u0131larda bulundu. K\u0131\u015f \u015funlar\u0131 s\u00f6yledi:<\/p>\n<p>&#8220;Depremin hemen ard\u0131ndan b\u00f6lgede yapt\u0131\u011f\u0131m\u0131z incelemelerde asbest tehlikesine dikkat \u00e7ektik. Bug\u00fcn, 1 y\u0131l sonra burada bak\u0131yoruz ki hi\u00e7bir \u00f6nlem al\u0131nmadan gerekli tedbirler al\u0131nmadan enkaz kald\u0131rma \u00e7al\u0131\u015fmalar\u0131 devam ediyor. Deprem sonras\u0131 ortaya \u00e7\u0131kan enkaz do\u011fru bir \u015fekilde bertaraf edilemedi\u011fi takdirde yeralt\u0131 sular\u0131na, tar\u0131m arazilerine, \u00e7evre ve insan sa\u011fl\u0131\u011f\u0131na zarar verece\u011fini belirtmi\u015ftik. Afet b\u00f6lgesindeki 11 ilimizde y\u0131k\u0131lan binalar\u0131n at\u0131klar\u0131n\u0131n \u00f6nceden bir planlama olmad\u0131\u011f\u0131 i\u00e7in kontrols\u00fcz bir \u015fekilde bo\u015f arazilere d\u00f6k\u00fcld\u00fc\u011f\u00fc s\u00f6ylenmektedir. Bir\u00e7ok vatanda\u015f\u0131m\u0131z kanser riski ile kar\u015f\u0131 kar\u015f\u0131yad\u0131r. Bu binalar\u0131n \u00e7evresinde insanlar ya\u015f\u0131yor ve y\u0131k\u0131m yaparken \u00e7evreye ciddi bir toz b\u0131rak\u0131yorlar. Bu tozun i\u00e7inde silikat, asbest ve ba\u015fka bir\u00e7ok zararl\u0131 madde var.&#8221;<\/p>\n<p>21 y\u0131ld\u0131r iktidarda olan bir h\u00fck\u00fcmetin depremin hemen ard\u0131ndan verdi\u011fi s\u00f6zleri yerine getiremedi\u011fi i\u00e7in s\u0131n\u0131fta kald\u0131\u011f\u0131n\u0131 belirten K\u0131\u015f, &#8220;depremzedelerimiz, eksikler, \u00e7\u00f6z\u00fclemeyen sorunlar ve \u00fczerine bir de tehditlerle yeni ma\u011fduriyetler ya\u015famaya devam etmektedir&#8221; dedi. <\/p>\n<p>K\u0131\u015f b\u00f6lgeye ili\u015fkin \u015funlar\u0131 belirtti; &#8220;Hatay halk\u0131n\u0131n ve t\u00fcm di\u011fer deprem b\u00f6lgelerinde ya\u015fayan depremzedelerimizin talebi, ya\u015fanan ma\u011fduriyetlerinin bir an evvel giderilmesi ve normal hayatlar\u0131na devam edebilmesidir. Bunun i\u00e7inde Cumhuriyet Halk Partisi olarak her t\u00fcrl\u00fc deste\u011fi sunmaya devam edece\u011fiz&#8221;.<\/p>\n","protected":false},"excerpt":{"rendered":"<p>CHP Mersin Milletvekili G\u00fclcan K\u0131\u015f, 6 \u015eubat Depremlerinin 1. Y\u0131ld\u00f6n\u00fcm\u00fcnde Hatay&#8217;dayd\u0131. CHP Genel Ba\u015fkan\u0131 \u00d6zg\u00fcr \u00d6zel&#8217;in beraberindeki heyette yer alan K\u0131\u015f, depremin ard\u0131ndan ge\u00e7en 1 y\u0131l sonras\u0131nda depremzedelerle bir araya geldi, b\u00f6lgede incelemelerde bulundu. Kahramanmara\u015f merkezli 6 \u015eubat depremlerinin ger\u00e7ekle\u015fti\u011fi sabah saatlerinde Hatay&#8217;da depremzedelerle olan CHP&#8217;li K\u0131\u015f, ya\u015fan\u0131lan felaketin, ac\u0131n\u0131n d\u00fcn gibi taze oldu\u011funu ifade [&hellip;]<\/p>\n","protected":false},"author":2,"featured_media":30448,"comment_status":"open","ping_status":"open","sticky":false,"template":"","format":"standard","meta":{"footnotes":""},"categories":[2,3],"tags":[],"class_list":["post-30447","post","type-post","status-publish","format-standard","has-post-thumbnail","hentry","category-gundem","category-manset"],"views":1,"_links":{"self":[{"href":"https:\/\/mersinkadingazetesi.com\/index.php?rest_route=\/wp\/v2\/posts\/30447"}],"collection":[{"href":"https:\/\/mersinkadingazetesi.com\/index.php?rest_route=\/wp\/v2\/posts"}],"about":[{"href":"https:\/\/mersinkadingazetesi.com\/index.php?rest_route=\/wp\/v2\/types\/post"}],"author":[{"embeddable":true,"href":"https:\/\/mersinkadingazetesi.com\/index.php?rest_route=\/wp\/v2\/users\/2"}],"replies":[{"embeddable":true,"href":"https:\/\/mersinkadingazetesi.com\/index.php?rest_route=%2Fwp%2Fv2%2Fcomments&post=30447"}],"version-history":[{"count":0,"href":"https:\/\/mersinkadingazetesi.com\/index.php?rest_route=\/wp\/v2\/posts\/30447\/revisions"}],"wp:featuredmedia":[{"embeddable":true,"href":"https:\/\/mersinkadingazetesi.com\/index.php?rest_route=\/wp\/v2\/media\/30448"}],"wp:attachment":[{"href":"https:\/\/mersinkadingazetesi.com\/index.php?rest_route=%2Fwp%2Fv2%2Fmedia&parent=30447"}],"wp:term":[{"taxonomy":"category","embeddable":true,"href":"https:\/\/mersinkadingazetesi.com\/index.php?rest_route=%2Fwp%2Fv2%2Fcategories&post=30447"},{"taxonomy":"post_tag","embeddable":true,"href":"https:\/\/mersinkadingazetesi.com\/index.php?rest_route=%2Fwp%2Fv2%2Ftags&post=30447"}],"curies":[{"name":"wp","href":"https:\/\/api.w.org\/{rel}","templated":true}]}}