{"id":30453,"date":"2024-02-07T12:21:37","date_gmt":"2024-02-07T09:21:37","guid":{"rendered":"http:\/\/mersinkadingazetesi.com\/?p=30453"},"modified":"2024-02-07T12:21:37","modified_gmt":"2024-02-07T09:21:37","slug":"onat-depremin-ilk-anindan-itibaren-sahadaydik","status":"publish","type":"post","link":"https:\/\/mersinkadingazetesi.com\/?p=30453","title":{"rendered":"Onat: Depremin ilk an\u0131ndan itibaren sahadayd\u0131k"},"content":{"rendered":"<p>Cumhurba\u015fkanl\u0131\u011f\u0131 \u0130leti\u015fim Ba\u015fkanl\u0131\u011f\u0131 taraf\u0131ndan 6 \u015eubat 2023 depremlerinin 1. y\u0131l d\u00f6n\u00fcm\u00fcnde afet, kriz y\u00f6netimi ve ileti\u015fim alanlar\u0131nda uzman, akademisyen, yazar ve gazetecilerin kat\u0131l\u0131m\u0131yla \u201cAsr\u0131n Felaketi\u2019nin 1. Y\u0131l\u0131nda Afet \u0130leti\u015fimi Sempozyumu\u201d d\u00fczenlendi. Sempozyum, \u0130leti\u015fim Ba\u015fkan\u0131 Prof. Dr. Fahrettin Altun, Cumhurba\u015fkanl\u0131\u011f\u0131 Strateji ve B\u00fct\u00e7e Ba\u015fkan\u0131 \u0130brahim \u015eenel ile AFAD Ba\u015fkan\u0131 Okay Memi\u015f\u2019in a\u00e7\u0131l\u0131\u015f konu\u015fmalar\u0131yla ba\u015flad\u0131.<\/p>\n<p>Sempozyumun ikinci g\u00fcn\u00fcnde \u201cAfet \u0130leti\u015fiminde Yerel ve Ulusal Medyan\u0131n Fonksiyonu\u201d ba\u015fl\u0131kl\u0131 oturumda konu\u015fan Bas\u0131n \u0130lan Kurumu Genel M\u00fcd\u00fcr Yard\u0131mc\u0131s\u0131 Mesut Onat, deprem sonras\u0131nda Kurumun b\u00f6lgede y\u00fcr\u00fctt\u00fc\u011f\u00fc faaliyetleri anlatarak, yerel medyan\u0131n afet s\u0131ras\u0131nda \u00fcstlendi\u011fi \u00f6nemli role de\u011findi.<\/p>\n<p>Onat, deprem b\u00f6lgesindeki bas\u0131n kurulu\u015flar\u0131 ba\u015fta olmak \u00fczere her konuda sekt\u00f6r\u00fcn yan\u0131nda olduklar\u0131n\u0131, asr\u0131n dayan\u0131\u015fmas\u0131n\u0131 bundan sonra da hep birlikte g\u00f6stermeye devam edeceklerini s\u00f6yledi.<\/p>\n<p>Asr\u0131n felaketinden asr\u0131n birlikteli\u011fine\u2026<\/p>\n<p>Genel M\u00fcd\u00fcr Yard\u0131mc\u0131s\u0131 Onat, 6 \u015eubat 2023 tarihindeki y\u0131k\u0131c\u0131 afetin ilk anlar\u0131ndan itibaren \u00f6zellikle yerel medya kurulu\u015flar\u0131n\u0131n b\u00f6lge halk\u0131na umut \u0131\u015f\u0131\u011f\u0131 oldu\u011funu ve afet y\u00f6netiminin ba\u015far\u0131s\u0131na \u00f6nemli katk\u0131larda bulundu\u011funu belirtti.<\/p>\n<p>Yerel medyan\u0131n sahada canla ba\u015fla \u00e7al\u0131\u015ft\u0131\u011f\u0131n\u0131 ifade eden Onat, \u201cDepremde haberle\u015fme altyap\u0131s\u0131n\u0131n b\u00fcy\u00fck \u00f6l\u00e7\u00fcde hasar g\u00f6rmesi nedeniyle b\u00f6lgeden gelen haberlerin ve g\u00f6r\u00fcnt\u00fclerin b\u00fcy\u00fck bir k\u0131sm\u0131 yerel medya taraf\u0131ndan sa\u011fland\u0131. Yerel gazeteciler ile yerel radyo ve televizyonlar sosyal medya platformlar\u0131n\u0131 da kullanarak canla ba\u015fla \u00e7al\u0131\u015ft\u0131 ve b\u00f6lgedeki geli\u015fmeleri anbean kamuoyuna aktard\u0131\u201d ifadelerini kulland\u0131.<\/p>\n<p>Asr\u0131n felaketinin asr\u0131n birlikteli\u011fine d\u00f6n\u00fc\u015fmesi i\u00e7in Bas\u0131n \u0130lan Kurumu\u2019nun depremin ard\u0131ndan sahada y\u00fcr\u00fctt\u00fc\u011f\u00fc faaliyetleri anlatan Onat, \u201cDepremin ilk dakikalar\u0131ndan itibaren B\u00f6lge M\u00fcd\u00fcrl\u00fcklerimiz arac\u0131l\u0131\u011f\u0131yla sahadayd\u0131k. Asr\u0131n felaketinin ikinci haftas\u0131nda Kurumun \u00fcst y\u00f6netiminden olu\u015fan heyetle deprem b\u00f6lgesindeki b\u00fct\u00fcn il ve il\u00e7e gazetelerini ziyaret ederek, b\u00f6lge bas\u0131n\u0131n\u0131n yan\u0131nda olduk. Afetin bas\u0131n\u0131m\u0131z \u00fczerinde yaratt\u0131\u011f\u0131 hasarla ilgili detayl\u0131 bir rapor da haz\u0131rlad\u0131k\u201d bilgilerini payla\u015ft\u0131.<\/p>\n<p>Haz\u0131rlanan rapor do\u011frultusunda b\u00f6lge bas\u0131n\u0131na y\u00f6nelik \u00e7e\u015fitli tedbirler ald\u0131klar\u0131n\u0131 belirten Onat, afet s\u00fcreci boyunca gazete ve dergilere 80.886.427 TL\u2019lik, internet haber sitelerine ise 51.204.319 TL\u2019lik ilan ve reklam deste\u011fi sa\u011fland\u0131\u011f\u0131n\u0131 kaydetti.<\/p>\n<p>Bas\u0131n \u0130lan Kurumu Genel Kurul \u00dcyesi Prof. Dr. Zakir Av\u015far\u2019\u0131n moderat\u00f6rl\u00fc\u011f\u00fcndeki oturuma Mesut Onat\u2019\u0131n yan\u0131 s\u0131ra Anadolu Yay\u0131nc\u0131lar Derne\u011fi Ba\u015fkan Vekili Zeki Akb\u0131y\u0131k, Telgraf Medya\u2019dan Mehmet Levent \u00d6zkurt, Yeni Malatya Gazetesi\u2019nden \u0130skender Y\u0131lmaz ve Ad\u0131yaman\u2019da Halk\u0131n Sesi Gazetesi\u2019nden Nazire Han\u0131m F\u0131rat da konu\u015fmac\u0131 olarak katk\u0131 sa\u011flad\u0131.<\/p>\n","protected":false},"excerpt":{"rendered":"<p>Cumhurba\u015fkanl\u0131\u011f\u0131 \u0130leti\u015fim Ba\u015fkanl\u0131\u011f\u0131 taraf\u0131ndan 6 \u015eubat 2023 depremlerinin 1. y\u0131l d\u00f6n\u00fcm\u00fcnde afet, kriz y\u00f6netimi ve ileti\u015fim alanlar\u0131nda uzman, akademisyen, yazar ve gazetecilerin kat\u0131l\u0131m\u0131yla \u201cAsr\u0131n Felaketi\u2019nin 1. Y\u0131l\u0131nda Afet \u0130leti\u015fimi Sempozyumu\u201d d\u00fczenlendi. Sempozyum, \u0130leti\u015fim Ba\u015fkan\u0131 Prof. Dr. Fahrettin Altun, Cumhurba\u015fkanl\u0131\u011f\u0131 Strateji ve B\u00fct\u00e7e Ba\u015fkan\u0131 \u0130brahim \u015eenel ile AFAD Ba\u015fkan\u0131 Okay Memi\u015f\u2019in a\u00e7\u0131l\u0131\u015f konu\u015fmalar\u0131yla ba\u015flad\u0131. Sempozyumun ikinci [&hellip;]<\/p>\n","protected":false},"author":2,"featured_media":30454,"comment_status":"open","ping_status":"open","sticky":false,"template":"","format":"standard","meta":{"footnotes":""},"categories":[2,3],"tags":[],"class_list":["post-30453","post","type-post","status-publish","format-standard","has-post-thumbnail","hentry","category-gundem","category-manset"],"views":1,"_links":{"self":[{"href":"https:\/\/mersinkadingazetesi.com\/index.php?rest_route=\/wp\/v2\/posts\/30453"}],"collection":[{"href":"https:\/\/mersinkadingazetesi.com\/index.php?rest_route=\/wp\/v2\/posts"}],"about":[{"href":"https:\/\/mersinkadingazetesi.com\/index.php?rest_route=\/wp\/v2\/types\/post"}],"author":[{"embeddable":true,"href":"https:\/\/mersinkadingazetesi.com\/index.php?rest_route=\/wp\/v2\/users\/2"}],"replies":[{"embeddable":true,"href":"https:\/\/mersinkadingazetesi.com\/index.php?rest_route=%2Fwp%2Fv2%2Fcomments&post=30453"}],"version-history":[{"count":0,"href":"https:\/\/mersinkadingazetesi.com\/index.php?rest_route=\/wp\/v2\/posts\/30453\/revisions"}],"wp:featuredmedia":[{"embeddable":true,"href":"https:\/\/mersinkadingazetesi.com\/index.php?rest_route=\/wp\/v2\/media\/30454"}],"wp:attachment":[{"href":"https:\/\/mersinkadingazetesi.com\/index.php?rest_route=%2Fwp%2Fv2%2Fmedia&parent=30453"}],"wp:term":[{"taxonomy":"category","embeddable":true,"href":"https:\/\/mersinkadingazetesi.com\/index.php?rest_route=%2Fwp%2Fv2%2Fcategories&post=30453"},{"taxonomy":"post_tag","embeddable":true,"href":"https:\/\/mersinkadingazetesi.com\/index.php?rest_route=%2Fwp%2Fv2%2Ftags&post=30453"}],"curies":[{"name":"wp","href":"https:\/\/api.w.org\/{rel}","templated":true}]}}