{"id":30456,"date":"2024-02-07T17:38:51","date_gmt":"2024-02-07T14:38:51","guid":{"rendered":"http:\/\/mersinkadingazetesi.com\/?p=30456"},"modified":"2024-02-07T17:38:51","modified_gmt":"2024-02-07T14:38:51","slug":"koklerinden-filizlerine-bir-cinarin-dallariyiz","status":"publish","type":"post","link":"https:\/\/mersinkadingazetesi.com\/?p=30456","title":{"rendered":"&#8216;K\u00f6klerinden filizlerine bir \u00e7\u0131nar\u0131n dallar\u0131y\u0131z&#8217;"},"content":{"rendered":"<p>\u00d6nceki d\u00f6nem CHP \u0130l Ba\u015fkanlar\u0131, yo\u011fun se\u00e7im \u00e7al\u0131\u015fmalar\u0131 s\u00fcrd\u00fcren CHP Mezitli Belediye Ba\u015fkan Aday\u0131 Ahmet Serkan Tuncer&#8217;in se\u00e7im ofisini ziyaret ettiler. <\/p>\n<p> Ahmet Serkan Tuncer yapt\u0131\u011f\u0131 toplant\u0131da, &#8220;Merkez Se\u00e7im Ofisimizi ziyaret ederek bizleri onurland\u0131ran U\u011fur Y\u0131ld\u0131r\u0131m, Y\u0131lmaz \u015eanl\u0131, Faruk Mehmet Akar ve Adil Aktay ile bir araya gelerek #Mezitli i\u00e7in Mersin i\u00e7in de\u011ferli bir sohbet ger\u00e7ekle\u015ftirdik. D\u00fcnden bug\u00fcne el ele ve omuz omuza yol y\u00fcr\u00fcd\u00fc\u011f\u00fcm, bilgi ve tecr\u00fcbelerinden daima yararland\u0131\u011f\u0131m k\u0131ymetli ba\u015fkanlar\u0131m\u0131za, de\u011ferli b\u00fcy\u00fcklerime ziyaretleri ve a\u00e7\u0131k destekleri i\u00e7in \u00e7ok te\u015fekk\u00fcr ediyorum. K\u00f6klerinden filizlerine bir \u00e7\u0131nar\u0131n dallar\u0131y\u0131z; birlik ve beraberlik i\u00e7erisinde Mezitli\u2019de tarih yazaca\u011f\u0131z!&#8221; dedi.<br \/>\nZiyaret sonras\u0131  Ahmet Serkan Tuncer ve CHP \u0130l Ba\u015fkanlar\u0131 birlikte pasta kestiler.<\/p>\n","protected":false},"excerpt":{"rendered":"<p>\u00d6nceki d\u00f6nem CHP \u0130l Ba\u015fkanlar\u0131, yo\u011fun se\u00e7im \u00e7al\u0131\u015fmalar\u0131 s\u00fcrd\u00fcren CHP Mezitli Belediye Ba\u015fkan Aday\u0131 Ahmet Serkan Tuncer&#8217;in se\u00e7im ofisini ziyaret ettiler. Ahmet Serkan Tuncer yapt\u0131\u011f\u0131 toplant\u0131da, &#8220;Merkez Se\u00e7im Ofisimizi ziyaret ederek bizleri onurland\u0131ran U\u011fur Y\u0131ld\u0131r\u0131m, Y\u0131lmaz \u015eanl\u0131, Faruk Mehmet Akar ve Adil Aktay ile bir araya gelerek #Mezitli i\u00e7in Mersin i\u00e7in de\u011ferli bir sohbet ger\u00e7ekle\u015ftirdik. [&hellip;]<\/p>\n","protected":false},"author":2,"featured_media":30457,"comment_status":"open","ping_status":"open","sticky":false,"template":"","format":"standard","meta":{"footnotes":""},"categories":[3],"tags":[],"class_list":["post-30456","post","type-post","status-publish","format-standard","has-post-thumbnail","hentry","category-manset"],"views":1,"_links":{"self":[{"href":"https:\/\/mersinkadingazetesi.com\/index.php?rest_route=\/wp\/v2\/posts\/30456"}],"collection":[{"href":"https:\/\/mersinkadingazetesi.com\/index.php?rest_route=\/wp\/v2\/posts"}],"about":[{"href":"https:\/\/mersinkadingazetesi.com\/index.php?rest_route=\/wp\/v2\/types\/post"}],"author":[{"embeddable":true,"href":"https:\/\/mersinkadingazetesi.com\/index.php?rest_route=\/wp\/v2\/users\/2"}],"replies":[{"embeddable":true,"href":"https:\/\/mersinkadingazetesi.com\/index.php?rest_route=%2Fwp%2Fv2%2Fcomments&post=30456"}],"version-history":[{"count":0,"href":"https:\/\/mersinkadingazetesi.com\/index.php?rest_route=\/wp\/v2\/posts\/30456\/revisions"}],"wp:featuredmedia":[{"embeddable":true,"href":"https:\/\/mersinkadingazetesi.com\/index.php?rest_route=\/wp\/v2\/media\/30457"}],"wp:attachment":[{"href":"https:\/\/mersinkadingazetesi.com\/index.php?rest_route=%2Fwp%2Fv2%2Fmedia&parent=30456"}],"wp:term":[{"taxonomy":"category","embeddable":true,"href":"https:\/\/mersinkadingazetesi.com\/index.php?rest_route=%2Fwp%2Fv2%2Fcategories&post=30456"},{"taxonomy":"post_tag","embeddable":true,"href":"https:\/\/mersinkadingazetesi.com\/index.php?rest_route=%2Fwp%2Fv2%2Ftags&post=30456"}],"curies":[{"name":"wp","href":"https:\/\/api.w.org\/{rel}","templated":true}]}}