{"id":30463,"date":"2024-02-07T20:37:10","date_gmt":"2024-02-07T17:37:10","guid":{"rendered":"http:\/\/mersinkadingazetesi.com\/?p=30463"},"modified":"2024-02-07T20:37:10","modified_gmt":"2024-02-07T17:37:10","slug":"turk-siyasi-tarihinin-karaoglani-bulent-ecevitin-anisi-tarsusta-yasiyor","status":"publish","type":"post","link":"https:\/\/mersinkadingazetesi.com\/?p=30463","title":{"rendered":"T\u00dcRK S\u0130YAS\u0130 TAR\u0130H\u0130N\u0130N KARAO\u011eLANI B\u00dcLENT ECEV\u0130T\u2019\u0130N ANISI TARSUS\u2019TA YA\u015eIYOR"},"content":{"rendered":"<p>Memleket Partisi Genel Ba\u015fkan\u0131 Muharrem \u0130nce, Tarsus\u2019un nabz\u0131n\u0131 tutarak ger\u00e7ekle\u015ftirdi\u011fi ziyaretler kapsam\u0131nda, Tarsus Belediye Ba\u015fkan\u0131 Dr. Haluk Bozdo\u011fan ile birlikte T\u00fcrk siyasi tarihinin Karao\u011flan\u2019\u0131 olarak an\u0131lan 16. T\u00fcrkiye Cumhuriyeti Ba\u015fbakan\u0131 B\u00fclent Ecevit\u2019in an\u0131s\u0131na yap\u0131lan b\u00fcst\u00fcn a\u00e7\u0131l\u0131\u015f\u0131n\u0131 ger\u00e7ekle\u015ftirdi. Ba\u015fkan Bozdo\u011fan, &#8220;Bizim iki g\u00fcc\u00fcm\u00fcz var: Hak ve Halk&#8221; diyerek Ecevit\u2019in miras\u0131n\u0131 vurgulad\u0131 ve T\u00fcrk milletinin bar\u0131\u015f timsali olmas\u0131n\u0131 sa\u011flayan Ecevit\u2019in \u00f6nemine dikkat \u00e7ekti.<\/p>\n<p>Tarsus\u2019a bir dizi ziyaretler ger\u00e7ekle\u015ftirmek \u00fczere gelen, Memleket Partisi Genel Ba\u015fkan\u0131 Muharrem \u0130nce\u2019nin kat\u0131l\u0131mlar\u0131yla T\u00fcrk siyasi tarihine fikirleriyle, azmi ve m\u00fccadelesiyle iz b\u0131rakan 16. T\u00fcrkiye Cumhuriyeti Ba\u015fbakan\u0131 B\u00fclent Ecevit\u2019in an\u0131s\u0131na Kuvayi Milliye Park\u0131\u2019nda yap\u0131lan heykelin a\u00e7\u0131l\u0131\u015f\u0131 yap\u0131ld\u0131.<\/p>\n<p>B\u00fclent Ecevit\u2019i anarak konu\u015fmalar\u0131na ba\u015flayan Tarsus Belediye Ba\u015fkan\u0131 Dr. Haluk Bozdo\u011fan \u201cBug\u00fcn, T\u00fcrk siyasi tarihine fikirleriyle, azmi ve m\u00fccadelesiyle, kalemiyle, onurlu bir iz b\u0131rakm\u0131\u015f Mustafa B\u00fclent Ecevit\u2019in g\u00fczel ve sayg\u0131n an\u0131s\u0131n\u0131 ya\u015fatmak i\u00e7in burada bulunuyoruz. Cumhuriyet\u2019imizin temel ilkelerini, de\u011ferlerini ve Cumhuriyet savunucular\u0131n\u0131n an\u0131lar\u0131n\u0131 ya\u015fatmak, vatanda\u015fl\u0131k g\u00f6revimiz oldu\u011fu gibi; gelecek nesillere kar\u015f\u0131 da b\u00fcy\u00fck bir sorumlulu\u011fumuzu i\u00e7erir.\u201d diye ifade etti.<\/p>\n<p>\u201cB\u0130Z\u0130M \u0130K\u0130 G\u00dcC\u00dcM\u00dcZ VAR: HAK VE HALK\u201d<\/p>\n<p>Her zaman hak ve halk yolunda ilerledi\u011fini belirten Ba\u015fkan Bozdo\u011fan \u201cK\u0131br\u0131s\u2019ta yaln\u0131z T\u00fcrkler\u2019e de\u011fil, Rumlar\u2019a da bar\u0131\u015f getirece\u011fiz diyecek kadar bar\u0131\u015f a\u015f\u0131\u011f\u0131, bir elinden d\u00fc\u015f\u00fcrmedi\u011fi k\u0131l\u0131\u00e7tan keskin kalemi ve kitab\u0131, di\u011fer elinden bir an olsun b\u0131rakmad\u0131\u011f\u0131 g\u00fcverciniyle T\u00fcrk milletinin t\u00fcm d\u00fcnyada bar\u0131\u015f timsali olmas\u0131n\u0131 sa\u011flamas\u0131, bug\u00fcn insanl\u0131k onurumuzla daha g\u00fc\u00e7l\u00fc \u00f6v\u00fcnmemizi sa\u011fl\u0131yor. \u201cBizim iki g\u00fcc\u00fcm\u00fcz var: Hak ve Halk\u2019\u2019 s\u00f6ylemi, siyasi ya\u015fam\u0131m boyunca yol haritam, pusulam ve \u015fiar\u0131m olmaya yetmi\u015ftir.\u201d ifadelerini kulland\u0131.<\/p>\n<p>\u201cVATAN SEVDALISININ \u0130Z\u0130N\u0130 S\u00dcRMEYE DEVAM EDECE\u011e\u0130M\u201d<\/p>\n<p>S\u00f6zlerine devam eden Ba\u015fkan Bozdo\u011fan \u201cD\u00fcn oldu\u011fu gibi bug\u00fcn de, bug\u00fcn oldu\u011fu gibi yar\u0131nlarda da b\u00fcy\u00fck devlet adam\u0131 merhum B\u00fclent Ecevit\u2019i sayg\u0131 ve rahmetle anacak, ilke ve d\u00fcr\u00fcstl\u00fc\u011f\u00fcnden \u015fa\u015fmayacak, onun gibi bir vatan sevdal\u0131s\u0131n\u0131n izini s\u00fcrmeye devam edece\u011fime, bir kez daha huzurlar\u0131n\u0131zda s\u00f6z veriyorum.\u201d \u015feklinde ifade etti.<\/p>\n<p>\u201c50 SENE \u00d6NCE BUG\u00dcNDEN DAHA DEMOKRATTI\u201d<\/p>\n<p>B\u00fclent Ecevit\u2019in s\u00f6zleriyle a\u00e7\u0131l\u0131\u015f konu\u015fmalar\u0131n\u0131 ger\u00e7ekle\u015ftiren Memleket Partisi Genel Ba\u015fkan\u0131 Muharrem \u0130nce \u201cT\u00fcrkiye&#8217;nin geldi\u011fi noktaya bak\u0131n 50 sene \u00f6nce bug\u00fcnden daha demokratt\u0131, daha \u00f6zg\u00fcrd\u00fc. Daha moderndi daha \u00e7a\u011fda\u015ft\u0131. Madem bug\u00fcn 13 ya\u015f\u0131nda elini tutamad\u0131\u011f\u0131m ve g\u00fcnlerce a\u011flad\u0131\u011f\u0131m rahmetli B\u00fclent Ecevit&#8217;in b\u00fcst\u00fcn\u00fc a\u015faca\u011f\u0131z. Onun o g\u00fczel s\u00f6zleriyle konuyu kapatmak istiyorum. Milliyet\u00e7i de\u011filsiniz diye su\u00e7lam\u0131\u015flard\u0131 onu. O da \u00e7ok g\u00fczel bir cevap vermi\u015fti. Demi\u015fti ki, biz milliyet\u00e7ili\u011fi da\u011flara de\u011fil, Ege\u2019nin karanl\u0131k sular\u0131na, Afyon\u2019un ha\u015fha\u015f tarlalar\u0131na, K\u0131br\u0131s\u2019\u0131n Be\u015fparmak Da\u011flar\u0131na yazd\u0131k demi\u015fti. Onun i\u00e7in de\u011fi\u015fen ama ba\u015fkala\u015fmayan \u00d6nderimiz Genel Ba\u015fkan\u0131m\u0131z Rahmetli B\u00fclent Ecevit&#8217;i sayg\u0131yla, minnetle, h\u00fcrmetle an\u0131yorum, ruhu \u015fad olsun, kat\u0131ld\u0131\u011f\u0131n\u0131z i\u00e7in de hepinize \u00e7ok te\u015fekk\u00fcr ediyorum.\u201d \u015feklinde konu\u015ftu.<\/p>\n","protected":false},"excerpt":{"rendered":"<p>Memleket Partisi Genel Ba\u015fkan\u0131 Muharrem \u0130nce, Tarsus\u2019un nabz\u0131n\u0131 tutarak ger\u00e7ekle\u015ftirdi\u011fi ziyaretler kapsam\u0131nda, Tarsus Belediye Ba\u015fkan\u0131 Dr. Haluk Bozdo\u011fan ile birlikte T\u00fcrk siyasi tarihinin Karao\u011flan\u2019\u0131 olarak an\u0131lan 16. T\u00fcrkiye Cumhuriyeti Ba\u015fbakan\u0131 B\u00fclent Ecevit\u2019in an\u0131s\u0131na yap\u0131lan b\u00fcst\u00fcn a\u00e7\u0131l\u0131\u015f\u0131n\u0131 ger\u00e7ekle\u015ftirdi. Ba\u015fkan Bozdo\u011fan, &#8220;Bizim iki g\u00fcc\u00fcm\u00fcz var: Hak ve Halk&#8221; diyerek Ecevit\u2019in miras\u0131n\u0131 vurgulad\u0131 ve T\u00fcrk milletinin bar\u0131\u015f timsali [&hellip;]<\/p>\n","protected":false},"author":2,"featured_media":30464,"comment_status":"open","ping_status":"open","sticky":false,"template":"","format":"standard","meta":{"footnotes":""},"categories":[2,3,5],"tags":[],"class_list":["post-30463","post","type-post","status-publish","format-standard","has-post-thumbnail","hentry","category-gundem","category-manset","category-mersin"],"views":3,"_links":{"self":[{"href":"https:\/\/mersinkadingazetesi.com\/index.php?rest_route=\/wp\/v2\/posts\/30463"}],"collection":[{"href":"https:\/\/mersinkadingazetesi.com\/index.php?rest_route=\/wp\/v2\/posts"}],"about":[{"href":"https:\/\/mersinkadingazetesi.com\/index.php?rest_route=\/wp\/v2\/types\/post"}],"author":[{"embeddable":true,"href":"https:\/\/mersinkadingazetesi.com\/index.php?rest_route=\/wp\/v2\/users\/2"}],"replies":[{"embeddable":true,"href":"https:\/\/mersinkadingazetesi.com\/index.php?rest_route=%2Fwp%2Fv2%2Fcomments&post=30463"}],"version-history":[{"count":0,"href":"https:\/\/mersinkadingazetesi.com\/index.php?rest_route=\/wp\/v2\/posts\/30463\/revisions"}],"wp:featuredmedia":[{"embeddable":true,"href":"https:\/\/mersinkadingazetesi.com\/index.php?rest_route=\/wp\/v2\/media\/30464"}],"wp:attachment":[{"href":"https:\/\/mersinkadingazetesi.com\/index.php?rest_route=%2Fwp%2Fv2%2Fmedia&parent=30463"}],"wp:term":[{"taxonomy":"category","embeddable":true,"href":"https:\/\/mersinkadingazetesi.com\/index.php?rest_route=%2Fwp%2Fv2%2Fcategories&post=30463"},{"taxonomy":"post_tag","embeddable":true,"href":"https:\/\/mersinkadingazetesi.com\/index.php?rest_route=%2Fwp%2Fv2%2Ftags&post=30463"}],"curies":[{"name":"wp","href":"https:\/\/api.w.org\/{rel}","templated":true}]}}