{"id":30466,"date":"2024-02-07T21:49:18","date_gmt":"2024-02-07T18:49:18","guid":{"rendered":"http:\/\/mersinkadingazetesi.com\/?p=30466"},"modified":"2024-02-07T21:50:44","modified_gmt":"2024-02-07T18:50:44","slug":"halk-ekmek-fabrikasi-hizmete-acildi-ramazan-ayinda-ekmek-1-tl","status":"publish","type":"post","link":"https:\/\/mersinkadingazetesi.com\/?p=30466","title":{"rendered":"HALK EKMEK FABR\u0130KASI H\u0130ZMETE A\u00c7ILDI! RAMAZAN AYI\u2019NDA EKMEK 1 TL!"},"content":{"rendered":"<p>Tarsus Belediye Ba\u015fkan\u0131 Dr. Haluk Bozdo\u011fan&#8217;\u0131n \u00f6nc\u00fcl\u00fc\u011f\u00fcnde ger\u00e7ekle\u015ftirilen sosyal belediyecilik projelerinden biri olan Halk Ekmek Fabrikas\u0131, Memleket Partisi Genel Ba\u015fkan\u0131 Muharrem \u0130nce&#8217;nin kat\u0131l\u0131m\u0131yla co\u015fkulu bir t\u00f6renle a\u00e7\u0131ld\u0131. Tarsus halk\u0131n\u0131n yo\u011fun ilgi g\u00f6sterdi\u011fi a\u00e7\u0131l\u0131\u015f t\u00f6reninde, ayl\u0131k 2 milyon ekmek \u00fcretimi yapacak ve Ramazan Ay\u0131\u2019nda halka ekme\u011fin 1 liradan sat\u0131\u015fa sunulaca\u011f\u0131 fabrika b\u00fcy\u00fck bir heyecanla kar\u015f\u0131land\u0131.<\/p>\n<p>Tarsus Belediye Ba\u015fkan\u0131 Dr. Haluk Bozdo\u011fan\u2019\u0131n en \u00f6nemli sosyal belediyecilik proje \u00f6rneklerinden biri olan halk ekmek, Tarsuslular\u0131n yo\u011fun ilgisiyle halka sunulmaya devam ediyor. Artan Tarsus n\u00fcfusu ve y\u00fckselen ekmek fiyatlar\u0131 i\u00e7in harekete ge\u00e7en Ba\u015fkan Bozdo\u011fan halka destek olmak amac\u0131yla ayl\u0131k 2 milyon ekmek \u00fcretimi yapacak Tarsus\u2019un k\u00f6ylerine ekmek ula\u015ft\u0131r\u0131lacak olan Halk Ekmek Fabrikas\u0131n\u0131 Memleket Partisi genel Ba\u015fkan\u0131 Muharrem \u0130nce ile birlikte hizmete a\u00e7t\u0131. A\u00e7\u0131l\u0131\u015f t\u00f6reninde halka \u00fccretsiz olarak un, portakal, limon, aromatik bitkiler, fide, fidan, ekmek ve marul da\u011f\u0131t\u0131m\u0131 yap\u0131ld\u0131. Fabrika, son teknoloji ve el de\u011fmeden \u00fcretim sa\u011flayacak makinelerle donat\u0131ld\u0131, b\u00f6ylece hijyenik ve kaliteli ekmek \u00fcretimi garanti alt\u0131na al\u0131nd\u0131. Ayr\u0131ca, ayl\u0131k 2 milyon ekmek \u00fcretim kapasitesiyle Tarsus&#8217;un \u00e7evre k\u00f6ylerine de ekonomik ve sa\u011fl\u0131kl\u0131 ekmek temin edilmesine olanak sa\u011flayacak. A\u00e7\u0131l\u0131\u015f t\u00f6renine, protokol \u00fcyeleri, muhtarlar, sivil toplum kurulu\u015fu \u00fcyeleri yan\u0131 s\u0131ra vatanda\u015flar da yo\u011fun ilgi g\u00f6sterdi.<\/p>\n<p>Memleket Partisi Genel Ba\u015fkan\u0131 Muharrem \u0130nce, a\u00e7\u0131l\u0131\u015f t\u00f6reninde yapt\u0131\u011f\u0131 konu\u015fmada, Haluk Bozdo\u011fan&#8217;\u0131n kente kazand\u0131rd\u0131\u011f\u0131 de\u011ferlerden \u00f6vg\u00fcyle bahsederek, sosyal belediyecilik anlay\u0131\u015f\u0131n\u0131n \u00f6nemine vurgu yapt\u0131. \u0130nce, halk\u0131n ekonomik ve sa\u011fl\u0131kl\u0131 g\u0131daya eri\u015fimine y\u00f6nelik bu \u00f6nemli ad\u0131m\u0131 takdirle kar\u015f\u0131lad\u0131klar\u0131n\u0131 belirtti.<\/p>\n<p>Tarsus Belediye Ba\u015fkan\u0131 Dr. Haluk Bozdo\u011fan&#8217;\u0131n halka destek \u00e7al\u0131\u015fmalar\u0131 kapsam\u0131nda hayata ge\u00e7irilen Halk Ekmek Fabrikas\u0131 projesi, kentin sosyal ve ekonomik ya\u015fam\u0131na \u00f6nemli bir katk\u0131 sunarak, halk\u0131n ya\u015fam kalitesini art\u0131racak.<\/p>\n<p>\u201cBEN HER ZAMAN HALKIMA G\u00dcVEND\u0130M, HALKIM \u0130\u00c7\u0130N \u00c7ALI\u015eTIM VE DEVAM EDECE\u011e\u0130M\u201d<\/p>\n<p>Tarsus Belediye Ba\u015fkan\u0131 Dr. Haluk Bozdo\u011fan yap\u0131lan \u00e7al\u0131\u015fmalara de\u011finerek, \u201cK\u0131ymetli genel ba\u015fkan\u0131m, hem\u015fehrilerim hepiniz ho\u015f geldiniz. G\u00f6reve geldi\u011fimizde \u00f6yle \u015feyler yapt\u0131k ki bor\u00e7la devrald\u0131\u011f\u0131m\u0131z belediyede sa\u011fl\u0131k bakanl\u0131\u011f\u0131n\u0131n yapmas\u0131 gereken ASM\u2019leri doktor odalar\u0131n\u0131 halk\u0131m\u0131z\u0131n hizmetine sunduk. Covid d\u00f6neminde yapt\u0131\u011f\u0131m\u0131z hizmetler ile T\u00fcrkiye g\u00fcndemine oturduk. Bu kent ilklerin kenti elektri\u011fin ilk verildi\u011fi, ilk sanayi ve ticaret odas\u0131n\u0131n kuruldu\u011fu kent. 5 defa ba\u015fkentlik yapm\u0131\u015f bir kent. Bu kenti ikiye b\u00f6ld\u00fcrmemek i\u00e7in \u00e7ok \u00e7aba sarf ettik ve ba\u015fard\u0131k bu kenti ikiye b\u00f6ld\u00fcrmedik. Nas\u0131l bu kenti ikiye b\u00f6ld\u00fcrmediysek bu kentin hakk\u0131 olan, al\u0131nmas\u0131 gerekenleri de tek tek ald\u0131k. Her ne kadar \u00f6n\u00fcm\u00fcz\u00fc kesmeye \u00e7al\u0131\u015fan Ankara\u2019da olsa Mersin\u2019de olsa, Adana\u2019da olsa ben her gitti\u011fim yerde halk\u0131ma g\u00fcvenirim dedim, ben halk\u0131m\u0131n avukat\u0131y\u0131m dedim ve isteklerimi o \u015fekilde s\u0131ralad\u0131m. Sizlere sonsuz te\u015fekk\u00fcrler ediyorum ve \u00f6zellikle genel ba\u015fkan\u0131m Muharrem \u0130nce\u2019nin \u015fu son g\u00fcnlerde te\u015fkilat\u0131yla her \u015feyiyle yan\u0131mda olmas\u0131n\u0131 2019 se\u00e7imini kazand\u0131ktan sonra hi\u00e7 g\u00f6remedim. S\u00fcrekli olarak \u00f6n\u00fcm\u00fc kesen garip bir siyasi lobi vard\u0131.\u201d ifadelerini kulland\u0131.<\/p>\n<p>\u201cRAMAZAN\u2019DA 1 L\u0130RADAN EKMEK ULA\u015eTIRACA\u011eIZ\u201d<\/p>\n<p>Ba\u015fkan Bozdo\u011fan Halk Ekmek Fabrikas\u0131n\u0131n Ramazan Ay\u0131\u2019nda 1 liradan halka ekmek \u00fcretece\u011fine de\u011finerek, \u201cBug\u00fcn ekmek fabrikas\u0131n\u0131 a\u00e7\u0131yoruz. Ayl\u0131k 2 milyon ekmek \u00fcretece\u011fiz, halk\u0131m\u0131za Ramazan\u2019da 1 liradan ekmek ula\u015ft\u0131raca\u011f\u0131z, k\u00f6ylerimize ekmek g\u00f6t\u00fcrece\u011fiz. Buradaki makineleri bir y\u0131l \u00f6nce ald\u0131k. \u015eu an \u00fccretleri 3 kat\u0131n\u0131 ge\u00e7ti. \u015eu an yap\u0131n derseniz yapamazs\u0131n\u0131z. \u00c7\u00fcnk\u00fc \u0130ller Bankas\u0131\u2019ndan gelen para, belediye personelinin, i\u015f\u00e7inin, memurun maa\u015f\u0131na yetmiyor. Ek kaynaklar\u0131 \u00e7ok iyi \u015fekilde yaratmak zorundas\u0131n\u0131z ki, varl\u0131\u011f\u0131n\u0131z\u0131 daha iyi bir \u015fekilde devam ettirebilelim. Ama buna ra\u011fmen bir milyar bug\u00fcn\u00fcn paras\u0131yla borcu \u00f6dendi bu belediyenin. O b\u00fcy\u00fck oto galericiler sitesi gibi daha bir\u00e7ok projelerimizin \u00f6n\u00fcn\u00fc kestiler hep. Bunlar\u0131 mecliste her zaman izlediniz. Bu kenti y\u00f6netmesi gereken halkt\u0131r. Halk bu kenti y\u00f6netirken, sivil toplum kurulu\u015flar\u0131yla, dernekleriyle, \u00f6rg\u00fctleriyle, kitleleriyle y\u00f6netir.\u201d ifadelerini kulland\u0131.<\/p>\n<p>\u201cB\u0130Z SADECE EKMEKLE DE\u011e\u0130L VATANDA\u015eIMIZI HER Y\u00d6NDEN DESTEKLED\u0130K\u201d<\/p>\n<p>Gelen yo\u011fun kat\u0131l\u0131ma te\u015fekk\u00fcr eden Ba\u015fkan Bozdo\u011fan, \u201cBiz sadece ekmekle de\u011fil vatanda\u015f\u0131m\u0131z\u0131 her y\u00f6nden destekledik. T\u00fcrkiye&#8217;de tek bir tane il\u00e7e var, kat\u0131 at\u0131k su bedelini evsel at\u0131klar\u0131 almayan tek bir tane belediye var o da, Tarsus Belediyesi. K\u0131ymetli Tarsuslular 3 tane \u00f6nemli proje var. B\u00f6yle bir kat\u0131l\u0131mla genel ba\u015fkan\u0131m\u0131 g\u00f6rmek i\u00e7in \u00e7ok uzak yerlerden geldi\u011finizi de biliyorum \u00e7ok te\u015fekk\u00fcr ediyorum. Tarsus\u2019u \u0130stanbul\u2019da oturup Ankara\u2019dan y\u00f6netenleri hep i\u00e7imde sakl\u0131yorum. Meydanlarda tek tek bunlar\u0131 konu\u015faca\u011f\u0131m ve halk\u0131ma anlataca\u011f\u0131m. Tarsus mutlaka hakk\u0131n\u0131 alacak. Bundan emin olun. Genel Ba\u015fkan\u0131m Say\u0131n Muharrem \u0130nce\u2019ye, il\u00e7e te\u015fkilat\u0131na, t\u00fcm ekibine, k\u0131ymetli halk\u0131ma destek olan her bir vatanda\u015f\u0131ma te\u015fekk\u00fcr ediyorum.\u201d ifadelerini kulland\u0131.<\/p>\n<p>\u0130NCE, \u201c\u0130STANBUL\u2019DA OTURAN M\u0130LLETVEK\u0130L\u0130NE TARSUS\u2019U D\u0130ZAYN ETT\u0130RMEY\u0130N\u201d<\/p>\n<p>Ba\u015fkan Bozdo\u011fan\u2019a yap\u0131lan haks\u0131zl\u0131klar\u0131 anlatan Ba\u015fkan \u0130nce \u201cHaluk Bozdo\u011fan 5 sene CHP\u2019den belediye ba\u015fkan aday\u0131 olmu\u015f. Sonra birileri keyfi olarak seni aday yapm\u0131yorum diyor. \u015e\u00f6yle yapsalar anlayaca\u011f\u0131m. CHP \u00fcyelerinin \u00f6n\u00fcne sand\u0131k koyarlar, sand\u0131ktan da Haluk Bozdo\u011fan \u00e7\u0131kmaz. Tamam \u00e7ekilirsin kenara ba\u015fkas\u0131 olur. Peki b\u00f6yle bir sand\u0131k koymu\u015flar m\u0131? Hay\u0131r. Peki bir h\u0131rs\u0131zl\u0131\u011f\u0131, bir yolsuzlu\u011fu duyulmu\u015f mu? Ben duymad\u0131m. Siz bu \u00fclkede demokrasi istiyorsan\u0131z, bu \u00fclkenin zenginle\u015fmesini istiyorsan\u0131z, bu \u00fclkenin demokrasisine katk\u0131 sa\u011flamak istiyorsan\u0131z bu derebeyli\u011fe bir son vermelisin. Bu bir a\u011fal\u0131k, pa\u015fal\u0131k d\u00fczeni. Yani CHP\u2019nin \u0130stanbul\u2019da oturan milletvekiline Tarsus\u2019u dizayn ettirmeyin.\u201d \u015feklinde ifade etti.<\/p>\n<p>\u0130NCE, \u201cTARSUS\u2019U TARSUSLULAR Y\u00d6NETS\u0130N\u201d<\/p>\n<p>T\u00fcrkiye\u2019nin 55 vilayetinden daha b\u00fcy\u00fck Tarsus\u2019ta Haluk Bozdo\u011fan\u2019\u0131 se\u00e7in diyen Ba\u015fkan \u0130nce \u201cBak\u0131n rahmetli Ecevit bu \u00fclkede bir soluk oldu. DSP\u2019yi kurdu\u011funda se\u00e7imlere girdi, bir belediye ald\u0131. O da \u0130stanbul Bayrampa\u015fa Belediyesi. O Bayrampa\u015fa Belediyesi\u2019nde partisini 2 kere b\u00fcy\u00fctt\u00fc. Ba\u015fbakan oldu. Sizden bir iste\u011fim var. Gelin Tarsus\u2019u Memleket Partisi&#8217;ne Haluk Bozdo\u011fan\u2019a verelim. Kafalar\u0131na g\u00f6re belediye ba\u015fkan aday\u0131 tayin edemezler. Benim g\u00f6rd\u00fcklerim ba\u015far\u0131l\u0131 bir belediye ba\u015fkanl\u0131\u011f\u0131 yapm\u0131\u015f. Tarsus\u2019u Tarsuslular y\u00f6netsin. T\u00fcrkiye&#8217;de bu d\u00fczene bir son verelim. Bunun ba\u015flang\u0131\u00e7 yeri Tarsus olsun. Haluk Bozdo\u011fan\u2019\u0131 se\u00e7in, Memleket Partisi\u2019ne T\u00fcrkiye\u2019nin 55 vilayetinden daha b\u00fcy\u00fck Tarsus\u2019u se\u00e7in. Size s\u00f6z veriyorum Yalova\u2019ya ne kadar gidiyorsam Tarsus\u2019a da o kadar gelece\u011fim. Ramazan Ay\u0131\u2019nda ekmek 1 TL.  Vallahi g\u00fczel bir i\u015f, \u00e7ok do\u011fru.\u201d diyerek herkese te\u015fekk\u00fcrlerini iletti.<\/p>\n","protected":false},"excerpt":{"rendered":"<p>Tarsus Belediye Ba\u015fkan\u0131 Dr. Haluk Bozdo\u011fan&#8217;\u0131n \u00f6nc\u00fcl\u00fc\u011f\u00fcnde ger\u00e7ekle\u015ftirilen sosyal belediyecilik projelerinden biri olan Halk Ekmek Fabrikas\u0131, Memleket Partisi Genel Ba\u015fkan\u0131 Muharrem \u0130nce&#8217;nin kat\u0131l\u0131m\u0131yla co\u015fkulu bir t\u00f6renle a\u00e7\u0131ld\u0131. Tarsus halk\u0131n\u0131n yo\u011fun ilgi g\u00f6sterdi\u011fi a\u00e7\u0131l\u0131\u015f t\u00f6reninde, ayl\u0131k 2 milyon ekmek \u00fcretimi yapacak ve Ramazan Ay\u0131\u2019nda halka ekme\u011fin 1 liradan sat\u0131\u015fa sunulaca\u011f\u0131 fabrika b\u00fcy\u00fck bir heyecanla kar\u015f\u0131land\u0131. Tarsus [&hellip;]<\/p>\n","protected":false},"author":2,"featured_media":30467,"comment_status":"open","ping_status":"open","sticky":false,"template":"","format":"standard","meta":{"footnotes":""},"categories":[1,2,3,5,6],"tags":[],"class_list":["post-30466","post","type-post","status-publish","format-standard","has-post-thumbnail","hentry","category-genel","category-gundem","category-manset","category-mersin","category-siyaset-2"],"views":6,"_links":{"self":[{"href":"https:\/\/mersinkadingazetesi.com\/index.php?rest_route=\/wp\/v2\/posts\/30466"}],"collection":[{"href":"https:\/\/mersinkadingazetesi.com\/index.php?rest_route=\/wp\/v2\/posts"}],"about":[{"href":"https:\/\/mersinkadingazetesi.com\/index.php?rest_route=\/wp\/v2\/types\/post"}],"author":[{"embeddable":true,"href":"https:\/\/mersinkadingazetesi.com\/index.php?rest_route=\/wp\/v2\/users\/2"}],"replies":[{"embeddable":true,"href":"https:\/\/mersinkadingazetesi.com\/index.php?rest_route=%2Fwp%2Fv2%2Fcomments&post=30466"}],"version-history":[{"count":0,"href":"https:\/\/mersinkadingazetesi.com\/index.php?rest_route=\/wp\/v2\/posts\/30466\/revisions"}],"wp:featuredmedia":[{"embeddable":true,"href":"https:\/\/mersinkadingazetesi.com\/index.php?rest_route=\/wp\/v2\/media\/30467"}],"wp:attachment":[{"href":"https:\/\/mersinkadingazetesi.com\/index.php?rest_route=%2Fwp%2Fv2%2Fmedia&parent=30466"}],"wp:term":[{"taxonomy":"category","embeddable":true,"href":"https:\/\/mersinkadingazetesi.com\/index.php?rest_route=%2Fwp%2Fv2%2Fcategories&post=30466"},{"taxonomy":"post_tag","embeddable":true,"href":"https:\/\/mersinkadingazetesi.com\/index.php?rest_route=%2Fwp%2Fv2%2Ftags&post=30466"}],"curies":[{"name":"wp","href":"https:\/\/api.w.org\/{rel}","templated":true}]}}