{"id":30493,"date":"2024-02-09T12:41:59","date_gmt":"2024-02-09T09:41:59","guid":{"rendered":"http:\/\/mersinkadingazetesi.com\/?p=30493"},"modified":"2024-02-09T12:41:59","modified_gmt":"2024-02-09T09:41:59","slug":"tarsus-genclik-kampinda-anne-ve-cocuklari-moral-depoladi","status":"publish","type":"post","link":"https:\/\/mersinkadingazetesi.com\/?p=30493","title":{"rendered":"TARSUS GEN\u00c7L\u0130K KAMPI&#8217;NDA ANNE VE \u00c7OCUKLARI MORAL DEPOLADI"},"content":{"rendered":"<p>Mersin B\u00fcy\u00fck\u015fehir Belediyesi Kad\u0131n ve Aile Hizmetleri Dairesi Ba\u015fkanl\u0131\u011f\u0131&#8217;na ba\u011fl\u0131 olan Tarsus Gen\u00e7lik Kamp\u0131&#8217;nda; annelerin, \u00e7ocuklar\u0131yla birlikte keyifli anlar ya\u015famalar\u0131 i\u00e7in etkinlikler d\u00fczenlendi.<\/p>\n<p>Anne ve \u00e7ocuklar\u0131n\u0131n bir gece konaklad\u0131klar\u0131 Tarsus Gen\u00e7lik Kamp\u0131&#8217;nda, yine farkl\u0131 il\u00e7elerden gelen bir\u00e7ok grup, g\u00fcn\u00fcbirlik olarak g\u00f6n\u00fcllerince e\u011flenme f\u0131rsat\u0131 buldular. Yemek ikram\u0131ndan m\u00fczikli dakikalara, \u00e7ocuklar\u0131n survivor parkurlar\u0131nda yar\u0131\u015fmas\u0131ndan gezi arac\u0131yla tur at\u0131lmas\u0131na kadar bir\u00e7ok aktivitenin ger\u00e7ekle\u015fti\u011fi Tarsus Gen\u00e7lik Kamp\u0131&#8217;ndan, kendi imkanlar\u0131yla gidebilen vatanda\u015flar da faydalanabiliyorlar.<\/p>\n<p>\u00d6zkan: &#8220;Hem annelerimizi dinlendiriyor, hem de \u00e7ocuklar\u0131m\u0131z\u0131 e\u011flendiriyoruz&#8221;<\/p>\n<p>Anneler ve \u00e7ocuklar\u0131n\u0131 biraz dinlendirmek amac\u0131yla bir gece konaklatt\u0131klar\u0131n\u0131 ve keyifli bir zaman ge\u00e7irmelerini sa\u011flad\u0131klar\u0131n\u0131 kaydeden Tarsus Gen\u00e7lik Kamp\u0131 g\u00f6revlilerinden Asl\u0131 \u00d6zkan, &#8220;Burada ayr\u0131ca de\u011fi\u015fik mahallelerimizden gelen vatanda\u015flar\u0131 da e\u011flenceli aktivitelere kat\u0131lmalar\u0131 ve kamp\u0131m\u0131z\u0131 tan\u0131tmak amac\u0131yla misafir ediyoruz. Kamp b\u00fcnyesinde 8 adet parkurumuz var ve bir\u00e7ok aktivite ger\u00e7ekle\u015ftiriyoruz. Kamp sayesinde annelerimiz dinlenirken, \u00e7ocuklar da e\u011flenme f\u0131rsat\u0131 buldu&#8221; diye konu\u015ftu.  <\/p>\n<p>Muhtar Kaptan: &#8220;\u00c7ocuklar\u0131n\u0131 d\u0131\u015far\u0131ya \u00e7\u0131kartamayan aileler bile vard\u0131&#8221;<\/p>\n<p>Mahalle sakinleri kad\u0131nlar ve \u00e7ocuklar\u0131yla birlikte 2. kez Tarsus Gen\u00e7lik Kamp\u0131&#8217;na geldiklerini belirten Mezitli Atat\u00fcrk Mahallesi Muhtar\u0131 Badeg\u00fcl Kaptan, &#8220;B\u00fcy\u00fck\u015fehir&#8217;in otob\u00fcsleriyle geldik. 3-4 y\u0131l \u00f6nce yine gelmi\u015ftik. \u015eimdi \u00e7ok daha g\u00fczel olmu\u015f. \u00c7ocuk parkur alanlar\u0131, piknik alanlar\u0131 ger\u00e7ekten harika. \u00dcst\u00fc a\u00e7\u0131k ara\u00e7la gezinti yapt\u0131rd\u0131lar. Herkes \u00e7ok memnun oldu. \u00c7ocuklar \u00e7ok mutlu oldu. \u00c7ocuklar\u0131n\u0131 d\u0131\u015far\u0131ya \u00e7\u0131kartamayan aileler, bu sayede \u00e7ocuklar\u0131n\u0131 d\u0131\u015far\u0131 \u00e7\u0131karm\u0131\u015f oldular. Vahap Se\u00e7er Ba\u015fkan\u0131m\u0131za \u00e7ok te\u015fekk\u00fcr ediyoruz&#8221; dedi.<\/p>\n<p>Anneler de \u00e7ocuklar da etkinlikten memnun ayr\u0131ld\u0131<\/p>\n<p>K\u0131z\u0131yla birlikte kamp etkinliklerine kat\u0131lan Berna Akba\u015f, &#8220;\u00d6ncelikle Vahap Ba\u015fkan\u0131m\u0131za \u00e7ok te\u015fekk\u00fcr ediyorum. O&#8217;nu \u00e7ok seviyoruz. \u00d6ncesinde ben buraya L\u00d6SEV ailesini getirmi\u015ftim. Bug\u00fcn etkinli\u011fe k\u0131z\u0131mla ve 3 arkada\u015f\u0131mla, onlar\u0131n k\u0131zlar\u0131yla geldik. Te\u015fekk\u00fcr ediyoruz her \u015fey i\u00e7in. \u0130yi ki Mersin B\u00fcy\u00fck\u015fehir Belediye Ba\u015fkan\u0131m\u0131z var&#8221; ifadelerini kulland\u0131.<\/p>\n<p>Mezitli&#8217;den Tarsus Gen\u00e7lik Kamp\u0131&#8217;na giden Havva Dal ise o\u011flunun \u00e7ok e\u011flendi\u011fini belirterek, &#8220;\u00c7ok g\u00fczel bir kamp yeri. O\u011flum zaten parkurlara bay\u0131l\u0131yor. Belediye Ba\u015fkan\u0131m\u0131za \u00e7ok te\u015fekk\u00fcr ediyoruz&#8221; dedi.<\/p>\n<p>Survivor parkurunda arkada\u015flar\u0131yla doyas\u0131ya e\u011flenme \u015fans\u0131 bulan \u0130smet Ali, &#8220;Ben buraya karne hediyesi olarak geldim. Annem s\u00f6z vermi\u015fti buraya gelece\u011fimize&#8221; ifadelerini kullan\u0131rken, Ay\u015fenur Kaya da, kampta bulunmaktan dolay\u0131 mutlu oldu\u011funu s\u00f6yleyerek, &#8220;\u00c7ok g\u00fczel bir yer buras\u0131. Burada yar\u0131\u015flar ve aktiviteler yap\u0131yoruz, \u00e7ok ho\u015fuma gidiyor&#8221; dedi.<\/p>\n","protected":false},"excerpt":{"rendered":"<p>Mersin B\u00fcy\u00fck\u015fehir Belediyesi Kad\u0131n ve Aile Hizmetleri Dairesi Ba\u015fkanl\u0131\u011f\u0131&#8217;na ba\u011fl\u0131 olan Tarsus Gen\u00e7lik Kamp\u0131&#8217;nda; annelerin, \u00e7ocuklar\u0131yla birlikte keyifli anlar ya\u015famalar\u0131 i\u00e7in etkinlikler d\u00fczenlendi. Anne ve \u00e7ocuklar\u0131n\u0131n bir gece konaklad\u0131klar\u0131 Tarsus Gen\u00e7lik Kamp\u0131&#8217;nda, yine farkl\u0131 il\u00e7elerden gelen bir\u00e7ok grup, g\u00fcn\u00fcbirlik olarak g\u00f6n\u00fcllerince e\u011flenme f\u0131rsat\u0131 buldular. Yemek ikram\u0131ndan m\u00fczikli dakikalara, \u00e7ocuklar\u0131n survivor parkurlar\u0131nda yar\u0131\u015fmas\u0131ndan gezi arac\u0131yla tur [&hellip;]<\/p>\n","protected":false},"author":2,"featured_media":30494,"comment_status":"open","ping_status":"open","sticky":false,"template":"","format":"standard","meta":{"footnotes":""},"categories":[2,3],"tags":[],"class_list":["post-30493","post","type-post","status-publish","format-standard","has-post-thumbnail","hentry","category-gundem","category-manset"],"views":0,"_links":{"self":[{"href":"https:\/\/mersinkadingazetesi.com\/index.php?rest_route=\/wp\/v2\/posts\/30493"}],"collection":[{"href":"https:\/\/mersinkadingazetesi.com\/index.php?rest_route=\/wp\/v2\/posts"}],"about":[{"href":"https:\/\/mersinkadingazetesi.com\/index.php?rest_route=\/wp\/v2\/types\/post"}],"author":[{"embeddable":true,"href":"https:\/\/mersinkadingazetesi.com\/index.php?rest_route=\/wp\/v2\/users\/2"}],"replies":[{"embeddable":true,"href":"https:\/\/mersinkadingazetesi.com\/index.php?rest_route=%2Fwp%2Fv2%2Fcomments&post=30493"}],"version-history":[{"count":0,"href":"https:\/\/mersinkadingazetesi.com\/index.php?rest_route=\/wp\/v2\/posts\/30493\/revisions"}],"wp:featuredmedia":[{"embeddable":true,"href":"https:\/\/mersinkadingazetesi.com\/index.php?rest_route=\/wp\/v2\/media\/30494"}],"wp:attachment":[{"href":"https:\/\/mersinkadingazetesi.com\/index.php?rest_route=%2Fwp%2Fv2%2Fmedia&parent=30493"}],"wp:term":[{"taxonomy":"category","embeddable":true,"href":"https:\/\/mersinkadingazetesi.com\/index.php?rest_route=%2Fwp%2Fv2%2Fcategories&post=30493"},{"taxonomy":"post_tag","embeddable":true,"href":"https:\/\/mersinkadingazetesi.com\/index.php?rest_route=%2Fwp%2Fv2%2Ftags&post=30493"}],"curies":[{"name":"wp","href":"https:\/\/api.w.org\/{rel}","templated":true}]}}