{"id":30502,"date":"2024-02-09T12:46:52","date_gmt":"2024-02-09T09:46:52","guid":{"rendered":"http:\/\/mersinkadingazetesi.com\/?p=30502"},"modified":"2024-02-09T12:46:52","modified_gmt":"2024-02-09T09:46:52","slug":"buyuksehirin-yasanilacak-afetlere-karsi-projeleri-hazir","status":"publish","type":"post","link":"https:\/\/mersinkadingazetesi.com\/?p=30502","title":{"rendered":"B\u00dcY\u00dcK\u015eEH\u0130R&#8217;\u0130N YA\u015eANILACAK AFETLERE KAR\u015eI PROJELER\u0130 HAZIR"},"content":{"rendered":"<p>Mersin B\u00fcy\u00fck\u015fehir Belediyesi \u0130klim De\u011fi\u015fikli\u011fi ve S\u0131f\u0131r At\u0131k Dairesi ile Afet \u0130\u015fleri Dairesi Ba\u015fkan\u0131 Dr. Kemal Zorlu, Kanal 33&#8217;de yay\u0131nlanan Arzu \u00d6zer ile G\u00fcn Bug\u00fcn program\u0131na konuk oldu.<\/p>\n<p>Programda Dr. Zorlu, Kahramanmara\u015f merkezli 6 \u015eubat 2023&#8217;te ya\u015fanan ve 11 ili etkileyen 7,75 ve 7,68 b\u00fcy\u00fckl\u00fc\u011f\u00fcndeki depremin y\u0131l d\u00f6n\u00fcm\u00fcnde Mersin B\u00fcy\u00fck\u015fehir Belediyesi Afet \u0130\u015fleri Dairesi Ba\u015fkanl\u0131\u011f\u0131 taraf\u0131ndan haz\u0131rlanan projeler ile ya\u015fan\u0131lacak do\u011fal afetlere kar\u015f\u0131 al\u0131nan ve al\u0131nacak olan \u00f6nlemler hakk\u0131nda a\u00e7\u0131klamalarda bulundu.<\/p>\n<p>Program sunucusu Arzu \u00d6zer&#8217;in, Mersin B\u00fcy\u00fck\u015fehir Belediyesi&#8217;nin deprem b\u00f6lgesine ula\u015ft\u0131rd\u0131\u011f\u0131 yard\u0131mlarla ilgili sorular\u0131n\u0131 yan\u0131tlayan Dr. Zorlu, b\u00f6lgeye giden ilk ekiplerin Mersin B\u00fcy\u00fck\u015fehir Belediyesi ekipleri oldu\u011funu s\u00f6yledi. Dr. Zorlu, b\u00f6lgeye yap\u0131lan yard\u0131mlar\u0131 tek tek anlatarak, \u015funlar\u0131 s\u00f6ylediifade etti:<\/p>\n<p>&#8220;Mersin B\u00fcy\u00fck\u015fehir Belediyesi kentteki olmazsa olmaz hizmetlerini aksatmayacak \u015fekilde geriye kalan personelini, i\u015f makinalar\u0131 ve ara\u00e7lar\u0131n\u0131 deprem b\u00f6lgesine g\u00f6nderdi. Orada bulunan vatanda\u015flar\u0131m\u0131za g\u0131da ihtiyac\u0131 i\u00e7in g\u00fcnl\u00fck 2 bin 500 ki\u015filik \u00e7orba, su, yemek deste\u011fi sa\u011fland\u0131. Hatay&#8217;da 1500 ki\u015filik bir \u00e7ad\u0131r kent h\u0131zl\u0131 bir \u015fekilde bizim koordinasyonumuzda kuruldu. Ayn\u0131 \u015fekilde Ad\u0131yaman&#8217;da 670 konteynerlik bir konteyner kent kuruldu. Bunun i\u00e7erisinde kre\u015f, okuma salonu, kad\u0131n erkek mescidi, merkezi yemekhane, mutfak, spor alanlar\u0131, sahra hastanesi bulunuyor. Olduk\u00e7a modern bir konteyner kent. Yo\u011fun bir \u015fekilde kullan\u0131lmaya devam ediyor.&#8221;<\/p>\n<p>&#8220;10 bin vatanda\u015fa bar\u0131nma deste\u011fi sa\u011flad\u0131k&#8221;<\/p>\n<p>Zorlu, su ve at\u0131k su problemi olan b\u00f6lgelerde de altyap\u0131 \u00e7al\u0131\u015fmalar\u0131na m\u00fcdahale ederek, temiz su sa\u011fland\u0131\u011f\u0131n\u0131 kaydetti. Cenaze defin arac\u0131, ekipman ve personelinin de b\u00f6lgeye gitti\u011fini belirtti. Zorlu, &#8220;\u0130tfaiye Daire Ba\u015fkanl\u0131\u011f\u0131m\u0131z 484 ki\u015fiyi enkazdan canl\u0131 olarak kurtard\u0131. Mersin&#8217;e 12 bin depremzedeyi transfer ettik. Hatay B\u00fcy\u00fck\u015fehir Belediyesi ve ba\u011fl\u0131 kurulu\u015flar bilgi i\u015flem ve e devlet \u00fczerinden Mertelkom altyap\u0131s\u0131 \u00fczerinden onlar\u0131n belediye hizmetlerini verebilmeleri i\u00e7in aya\u011fa kald\u0131r\u0131ld\u0131d\u0131k. B\u00f6lgeye narenciye g\u00f6nderdik. Dam\u0131zl\u0131k S\u0131\u011f\u0131r \u00dcreticileri Birli\u011fi ile i\u015f birli\u011fi yaparak o b\u00f6lgedeki insanlar\u0131m\u0131za s\u00fct g\u00f6nderdik. Bunlar bizim deprem b\u00f6lgesinde y\u00fcr\u00fctm\u00fc\u015f oldu\u011fumuz \u00e7al\u0131\u015fmalar&#8221; dedi.<\/p>\n<p>Mersin&#8217;e gelen depremzedeler i\u00e7in verdikleri hizmetleri de payla\u015fan Zorlu,  su t\u00fcketimi ve kat\u0131 at\u0131k art\u0131\u015f\u0131ndan n\u00fcfusun artt\u0131\u011f\u0131n\u0131 bildiklerini ifade ederek, &#8220;G\u00fclnar, Merkez, Erdemli, Tarsus il\u00e7elerinde olu\u015fturdu\u011fumuz 9 ayr\u0131 bar\u0131nma alan\u0131nda 10 bin vatanda\u015fa bar\u0131nma deste\u011fi sa\u011flad\u0131k. G\u00fcnl\u00fck 25 bin \u00f6\u011f\u00fcn kahvalt\u0131 ve yemek da\u011f\u0131t\u0131m\u0131 ger\u00e7ekle\u015ftirdik. Depremden etkilenen \u00e7ocuklar ve yeti\u015fkinler i\u00e7in psiko-sosyal destekler sa\u011flad\u0131k&#8221; diyerek, y\u0131l i\u00e7inde devam eden yard\u0131m kolilerinden \u00f6\u011frencilerin s\u0131nav haz\u0131rl\u0131k s\u00fcrecine kadar hayat\u0131n her an\u0131nda depremzede vatanda\u015flar\u0131m\u0131z\u0131n yanlar\u0131nda olmaya devam ettiklerini belirtti.<\/p>\n<p>Dr. Zorlu, T\u00fcrkiye&#8217;de ilk Mersin&#8217;de kurulan Afet \u0130\u015fleri Dairesi&#8217;nin g\u00f6revlerini anlatt\u0131<\/p>\n<p>Deprem i\u00e7in risk durumunu belirleyen etkenlerin zemin yap\u0131s\u0131, yer alt\u0131 su seviyesinin y\u00fcksekli\u011fi ve bunlara ba\u011fl\u0131 olarak geli\u015fen yani s\u0131v\u0131la\u015fma ve ile yap\u0131 stostokukunun kalitesi oldu\u011funu vurgulayan Dr. Zorlu, Mersin B\u00fcy\u00fck\u015fehir Belediyesi olarak T\u00fcrkiye&#8217;de ilk kez kurulan Afet \u0130\u015fleri Dairesi Ba\u015fkanl\u0131\u011f\u0131&#8217;n\u0131 10 Nisan 2023 tarihinde faaliyete ge\u00e7ti\u011fini ve bu dairenin 3 \u015fube m\u00fcd\u00fcrl\u00fc\u011f\u00fc bulundu\u011funu aktard\u0131. Afet \u0130\u015fleri Dairesi Ba\u015fkanl\u0131\u011f\u0131&#8217;n\u0131n, kurulduktan hemen birka\u00e7 g\u00fcn sonra Mersin Afet Y\u00f6netimi Bilim ve Dan\u0131\u015fma Kurulu Toplant\u0131s\u0131&#8217;n\u0131 ger\u00e7ekle\u015ftirdi\u011finden ve T\u00fcrkiye&#8217;de konusunda uzman bilim insanlar\u0131 ile uzmanlar\u0131 kente getirdiklerinden s\u00f6z eden Dr. Zorlu, &#8220;Dan\u0131\u015fma Kurulu Toplant\u0131m\u0131z kapal\u0131 bir toplant\u0131yd\u0131. Uzmanlar\u0131 \u00e7a\u011f\u0131rd\u0131k ve dedik ki; &#8216;Afet y\u00f6netimi konusunda neler yapabiliriz?&#8217; Sadece deprem riski ile ilgili de\u011fil, k\u00fctle hareketleri, su bask\u0131nlar\u0131, salg\u0131n hastal\u0131klar ya\u015fad\u0131k, afetler sonras\u0131 ikinci afetler, yani b\u00f6lgede salg\u0131n hastal\u0131klar meydana geldi, kimyasal tehlikeler ve, yang\u0131nlar gibi konular\u0131 masaya yat\u0131rd\u0131k.  \u015eimdi yeni n\u00fckleer enerji santrali yap\u0131l\u0131yor. Bunlarla ilgili tek bir bak\u0131\u015f a\u00e7\u0131s\u0131yla de\u011fil, daha geni\u015f bir bak\u0131\u015f a\u00e7\u0131s\u0131yla de\u011ferlendirmeler yapt\u0131k&#8221; ifadelerini kulland\u0131.<\/p>\n<p>&#8220;Mersin&#8217;i tehdit eden deprem \u00fcretme potansiyeli y\u00fcksek ana fay hatlar\u0131n\u0131n olu\u015fturabilece\u011fi risklerin ara\u015ft\u0131r\u0131lmas\u0131 \u00e7al\u0131\u015fmalar\u0131n\u0131 y\u00fcr\u00fct\u00fcyoruz&#8221;<\/p>\n<p>22 Haziran&#8217;da da odalar, dernekler, kamu kurum ve kurulu\u015flar\u0131 ile \u00fcniversitelerin temsilcilerinin kat\u0131l\u0131m\u0131yla, kent bile\u015fenlerinin oldu\u011fu bir \u00e7al\u0131\u015fma ger\u00e7ekle\u015ftirdiklerinden bahseden Dr. Zorlu, &#8220;\u0130nsanlar\u0131n afetlerle ilgili ne d\u00fc\u015f\u00fcnd\u00fcklerine dair verileri elde ettik. Hem Bilim Dan\u0131\u015fma Kurulu verileri hem de \u00e7al\u0131\u015ftaydaki verileri al\u0131p de\u011ferlendirdikten sonra \u015fu anda y\u00fcr\u00fctm\u00fc\u015f oldu\u011fumuz Mersin \u0130li Afet Sak\u0131n\u0131m Plan\u0131 kapsam\u0131nda Jeolojik M\u00fchendislik Biyolojisi Temel Zemin De\u011ferlendirilmelerinin yap\u0131lmas\u0131 \u00e7al\u0131\u015fmalar\u0131na ba\u015flad\u0131k. Bu \u00e7al\u0131\u015fmada Mersin&#8217;i tehdit eden deprem \u00fcretme potansiyeli y\u00fcksek ana fay hatlar\u0131n\u0131n olu\u015fturabilece\u011fi risklerin ara\u015ft\u0131r\u0131lmas\u0131, bunlar\u0131n hangi b\u00f6lgelerde nas\u0131l, ne kadar etkili olaca\u011f\u0131n\u0131n belirlenmesi, n\u00fcfusun bu riskli alanlardaki durumunun ortaya \u00e7\u0131kar\u0131lmas\u0131 gibi \u00e7al\u0131\u015fmalar\u0131 y\u00fcr\u00fct\u00fcyoruz. K\u0131sa bir s\u00fcre i\u00e7erisinde bu \u00e7al\u0131\u015fmam\u0131z sonlanacak&#8221; dedi.<\/p>\n<p>Bu \u00e7al\u0131\u015fma sonucunda da kenti tehdit edecek olan, karada ve denizdeki deprem \u00fcretme potansiyeli olan ana fay hatlar\u0131n\u0131n literat\u00fcr verilerine g\u00f6re \u00e7\u0131kart\u0131lmas\u0131n\u0131 sa\u011flayacaklar\u0131ndan s\u00f6z eden Dr. Zorlu, &#8220;\u0130l merkezi ba\u015fta olmak \u00fczere il\u00e7eler dahil gev\u015fek zeminler \u00fczerinde bulunan il\u00e7elerimizde alanlarda daha sonraki a\u015famada yap\u0131lacak olan mikro b\u00f6lgelendirme \u00e7al\u0131\u015fmalar\u0131n\u0131n belirlenmesi. Bu \u00e7al\u0131\u015fmalar da bittikten sonra di\u011fer \u00e7al\u0131\u015fma ile birlikte biz bunlar\u0131 kamuoyuna a\u00e7aca\u011f\u0131z. Bizim bu raporumuz, elde edilecek veriler \u0131\u015f\u0131\u011f\u0131nda mevcut \u015fehirle\u015fme alanlar\u0131 da g\u00f6z \u00f6n\u00fcne al\u0131narak ivedilikle yap\u0131lmas\u0131 gereken \u00e7al\u0131\u015fmalara y\u00f6nelecek. Bu \u00e7al\u0131\u015fmalar yakla\u015f\u0131k olarak 1,5-2 ay i\u00e7erisinde bitecek&#8221; dedi ve jeolojik tehlike ve risklerin, zeminlerle ilgili k\u0131sm\u0131 belirlemekbelirlenmesi konusunda da \u00e7al\u0131\u015fmalar y\u00fcr\u00fctt\u00fcklerinden s\u00f6z etti.<\/p>\n<p>&#8220;Zemin s\u0131v\u0131la\u015fma riski Mersin i\u00e7in de ciddi bir risk olarak kar\u015f\u0131m\u0131za \u00e7\u0131k\u0131yor&#8221;<\/p>\n<p>Zemin s\u0131v\u0131la\u015fmas\u0131 konusunda da detayl\u0131 bilgiler veren Dr. Zorlu, y\u00fcr\u00fctt\u00fckleri \u00e7al\u0131\u015fmalar \u0131\u015f\u0131\u011f\u0131nda yap\u0131 stostokunun kunun tespit edilmesini sa\u011flayacaklar\u0131n\u0131 belirtti. Y\u00fcr\u00fctt\u00fckleri bu 2 \u00e7al\u0131\u015fma sonucunda elde edilecek veriler \u0131\u015f\u0131\u011f\u0131nda mikro b\u00f6lgelendirme dedikleri ve zemin durumlar\u0131n\u0131n parametrelerinin \u00e7ok daha detayl\u0131 olarak incelenece\u011fi \u00e7al\u0131\u015fmalar\u0131 yapacaklar\u0131ndan da s\u00f6z eden Zorlu, &#8220;13 il\u00e7ede belirlenen zemin parametreleri ve yap\u0131 stoku durumunun de\u011ferlendirilmesi sonucunda kentsel d\u00f6n\u00fc\u015f\u00fcmle ilgili yap\u0131 stokunun tespit edilmesine dairkonusunda \u00e7al\u0131\u015fmalar\u0131m\u0131z olacak&#8221; dedi.<\/p>\n<p>Yap\u0131 stokunun tespitine dair \u00e7al\u0131\u015fmalar\u0131 ger\u00e7ekle\u015ftirdikten sonra da bu yap\u0131 stoku, zemin ve deprem tehlikesi olu\u015fturan kaynaklar\u0131 de\u011ferlendirerek kentsel d\u00f6n\u00fc\u015f\u00fcm stratejilerini ona g\u00f6re belirleyeceklerinin alt\u0131n\u0131 \u00e7izen Dr. Zorlu, &#8220;Mersin&#8217;i etkileyebilecek faylar\u0131n belirlenmesine y\u00f6nelik paleosismolojik ve jeofizik \u00e7al\u0131\u015fmalar ile\u0131 \u00f6nce belirleyip, daha sonra o faylara\u0131n ait detayl\u0131 bilgilere ula\u015faca\u011f\u0131z verilerini alaca\u011f\u0131z. \u00d6rne\u011fin Ecemi\u015f Fay\u0131 bize en yak\u0131n kaynaklardan bir tanesi. Ecemi\u015f Fay\u0131&#8217;nda en son depremin ne zaman ve hangi  2-3 sene \u00f6nce, \u015fu b\u00fcy\u00fckl\u00fckte oldu\u011funa dairmu\u015f diyebilece\u011fimiz \u00e7al\u0131\u015fmalar\u0131 yapmam\u0131z gerekiyor ki sonraki periyodunu bulal\u0131m. Yani; &#8216;Ecemi\u015f Fay\u0131&#8217;nda \u015fu b\u00fcy\u00fckl\u00fckteki deprem \u015fu zamanda olabilir&#8217; diye bir \u015fey s\u00f6yleyelim&#8221; diye konu\u015ftu.<\/p>\n<p>&#8220;Biz aktif tektonik bir ku\u015fa\u011f\u0131n \u00fczerinde ya\u015fayan bir \u00fclkeyiz&#8221;<\/p>\n<p>Depremden sonra vatanda\u015flardan en \u00e7ok; &#8216;Mersin&#8217;de, Adana&#8217;da deprem olacak m\u0131? Ka\u00e7 \u015fiddetinde olacak?&#8217; \u015feklinde sorular ald\u0131klar\u0131n\u0131 kaydeden Dr. Zorlu,  &#8220;Biz aktif tektonik bir ku\u015fa\u011f\u0131n \u00fczerinde yer alan bir \u00fclkeyiz. Deprem ge\u00e7mi\u015fte olmu\u015f, \u015fu anda oluyor ve gelecekte olacak. \u015e\u00f6yle bakmak gerekiyor; deprem olacak ve benim sa\u011flam zeminin \u00fczerinde, sa\u011flam bir yap\u0131da ya\u015famam gerekiyor. \u00d6rne\u011fin Hatay&#8217;la ilgili hep s\u00f6ylenen bir \u015fey vard\u0131r; &#8216;7 kere y\u0131k\u0131ld\u0131, 7 kere kuruldu.&#8217; 7 kere depremde y\u0131k\u0131lm\u0131\u015f bir kent. Ya yerini de\u011fi\u015ftirmek gerekir ya da sa\u011flam yapmak gerekir. \u0130\u015fte ikisini yapmad\u0131\u011f\u0131m\u0131z zaman k\u00f6t\u00fc sonu\u00e7lar\u0131yla kar\u015f\u0131la\u015f\u0131yoruz&#8221; ifadelerine yer verdi.<\/p>\n<p>&#8220;Bar\u0131nma alan\u0131 \u00fcretip bo\u015f tutamazs\u0131n\u0131z, bu kamu kaynaklar\u0131 israf anlam\u0131na gelir&#8221;<\/p>\n<p>Kentsel d\u00f6n\u00fc\u015f\u00fcm\u00fcn bir noktada vatanda\u015f\u0131n sorumlulu\u011funda oldu\u011funu fakat d\u00f6n\u00fc\u015f\u00fcm s\u00fcrecinde dahi bar\u0131nma sorunu ya\u015fand\u0131\u011f\u0131na dikkat \u00e7eken Zorlu, bunun \u00f6zellikle dar gelirli vatanda\u015flar i\u00e7in b\u00fcy\u00fck bir sorun oldu\u011funu vurgulad\u0131. Bu sorunlar\u0131n \u00f6n\u00fcne ge\u00e7mek i\u00e7in B\u00fcy\u00fck\u015fehir&#8217;in &#8216;Sosyal Konut&#8217; projesini \u00f6n\u00fcm\u00fczdeki 5 y\u0131ll\u0131k d\u00f6nemde hayata ge\u00e7irece\u011fini kaydeden Zorlu, &#8220;Daha ucuza vatanda\u015f\u0131n kolayca eri\u015febilece\u011fi, belediyenin bir k\u0131sm\u0131n\u0131 satt\u0131\u011f\u0131 ve bir k\u0131sm\u0131n\u0131 da kiral\u0131k olarak vatanda\u015f\u0131n hizmetine sundu\u011fu konutlar. Bunlar tabi kentsel d\u00f6n\u00fc\u015f\u00fcm s\u00fcrecinde de kullan\u0131lacak konutlar olacakt\u0131r&#8221; dedi. Afet zamanlar\u0131 i\u00e7in ise i\u015flevsel bar\u0131nma alanlar\u0131n\u0131n \u00f6nem arz etti\u011fini s\u00f6yleyen Zorlu, &#8220;Bizim Tarsus&#8217;ta Gen\u00e7lik Kamp\u0131&#8217;m\u0131z vard\u0131. \u00c7ocuklar\u0131n kamp yapmas\u0131 i\u00e7in kullan\u0131l\u0131yordu ama afet an\u0131nda gelen depremzede vatanda\u015flar\u0131m\u0131z\u0131 orada bar\u0131nd\u0131rd\u0131k. Bar\u0131nma alan\u0131 \u00fcretip sadece afet anlar\u0131nda kullanmak \u00fczere bo\u015f tutamazs\u0131n\u0131z, bu kamu kaynaklar\u0131n\u0131 israf anlam\u0131na gelir. Ama ikincil bir i\u015flev atad\u0131\u011f\u0131n\u0131z bir bar\u0131nma alan\u0131 olu\u015fturup afet an\u0131nda da bar\u0131nma i\u00e7in afetzedelere tahsis ederseniz bu daha anlaml\u0131 olacakt\u0131r&#8221; ifadelerini kulland\u0131.<\/p>\n<p>&#8220;Bilimin g\u00f6stermi\u015f oldu\u011fu yolda afetlerle m\u00fccadele etmek i\u00e7in elimizden geleni yapmaya \u00e7al\u0131\u015f\u0131yoruz&#8221;<\/p>\n<p>Ba\u015fkan Vahap Se\u00e7er&#8217;in g\u00f6reve geldi\u011fi y\u0131l i\u00e7erisinde pandemi ya\u015fand\u0131\u011f\u0131n\u0131 hat\u0131rlatan spiker Arzu \u00d6zer, B\u00fcy\u00fck\u015fehir Belediyesi&#8217;nin deprem de dahil pek \u00e7ok afetten ba\u015far\u0131yla ge\u00e7ti\u011fini kaydetti. \u0130lk kez ya\u015fan\u0131lan bu durumlara nas\u0131l refleks verildi\u011fini soran \u00d6zer&#8217;e yan\u0131t veren Zorlu, &#8220;\u00d6rne\u011fin deprem an\u0131nda b\u00f6lgede y\u00fcr\u00fctm\u00fc\u015f oldu\u011fumuz \u00e7al\u0131\u015fmalar sonucunda, ulusal ve uluslararas\u0131 d\u00fczeydeki gelen yard\u0131m kurulu\u015flar\u0131n\u0131n hepsinin birinci s\u0131rada saym\u0131\u015f oldu\u011fu belediye biziz. Bize &#8216;Bu konuda size nas\u0131l yard\u0131mc\u0131 olabiliriz?&#8217; diye \u00f6nerilerle gelen uluslararas\u0131 kurulu\u015flar oldu. Buradaki kadronun buna inanarak, bir ekip ruhuyla yap\u0131lmas\u0131 gerekeni h\u0131zl\u0131 bir \u015fekilde refleks g\u00f6sterip yapmas\u0131n\u0131n sonucunda olu\u015ftu. G\u00f6n\u00fcl ister ki b\u00f6yle afetlere d\u00f6n\u00fc\u015fen olaylar, salg\u0131n hastal\u0131klar, pandemiler ya\u015fanmas\u0131n ama ya\u015fad\u0131\u011f\u0131m\u0131z \u00fclkede b\u00f6yle \u015feylerle kar\u015f\u0131la\u015ft\u0131\u011f\u0131m\u0131z i\u00e7in haz\u0131rl\u0131kl\u0131 olmak zorunday\u0131z&#8221; s\u00f6zlerine yer verdi. Yap\u0131lan t\u00fcm \u00e7al\u0131\u015fmalarda bilimin yol g\u00f6sterici oldu\u011funu kaydeden Zorlu, &#8220;Bilimin g\u00f6stermi\u015f oldu\u011fu yolda bu afetlerle m\u00fccadele etmek i\u00e7in elimizden geleni yapmaya \u00e7al\u0131\u015f\u0131yoruz&#8221; dedi.<\/p>\n<p>Afetlere haz\u0131rl\u0131k i\u00e7in B\u00fcy\u00fck\u015fehir&#8217;de 4 bile\u015fenli Afet Y\u00f6netim ana Merkezi kurulacak<\/p>\n<p>Her afet sonras\u0131 &#8216;Neler yapabiliriz?&#8217; diye s\u00fcrekli konu\u015fuldu\u011funu s\u00f6yleyen Zorlu, Mersin B\u00fcy\u00fck\u015fehir Belediyesi&#8217;nin T\u00fcrkiye&#8217;de bir ilki ger\u00e7ekle\u015ftirerek Afet \u0130\u015fleri Dairesi&#8217;ni kurdu\u011funu hat\u0131rlatt\u0131. Bu ba\u015fkanl\u0131k ile projelere start verdiklerini kaydeden Zorlu, &#8220;Afet \u00f6ncesinde haz\u0131rl\u0131k, m\u00fcdahale sonras\u0131ndaki rehabilitasyon \u00e7al\u0131\u015fmalar\u0131 ve e\u011fitim \u00e7al\u0131\u015fmalar\u0131 a\u00e7\u0131s\u0131ndan bakt\u0131\u011f\u0131m\u0131zda ciddi bir eksikli\u011fimizin oldu\u011funu g\u00f6r\u00fcyoruz. Bununla ilgili 4 bile\u015fenden olu\u015fan bir projemiz var. Bunlar\u0131n ilki Afet Lojistik Deposu: afet an\u0131nda kullanacak \u00e7ad\u0131r\u0131n, battaniyenin, g\u0131dan\u0131n, su vb. malzemelerin bulundurulmas\u0131 i\u00e7in. Bir di\u011feri Veri G\u00fcvenli\u011fi Merkezi: afet an\u0131nda kentin alt yap\u0131s\u0131 \u00e7\u00f6kt\u00fc\u011f\u00fc zaman nereden yol ge\u00e7iyor, nereden do\u011falgaz ge\u00e7iyor, elektrik hatt\u0131 nerede gibi sorulara yan\u0131t verecek g\u00fcvenli bir sistem. \u00dc\u00e7\u00fcnc\u00fcs\u00fc Afet Koordinasyon Merkezi: afet koordinasyonun oradan y\u00fcr\u00fct\u00fclece\u011fi dijital alt yap\u0131s\u0131n\u0131n sa\u011flam bir alan. D\u00f6rd\u00fcnc\u00fcs\u00fc Afet E\u011fitim Merkezi: afet konusunda vatanda\u015f\u0131n nas\u0131l davranaca\u011f\u0131, ne yapaca\u011f\u0131n\u0131n e\u011fitimlerinin verilece\u011fi bir merkez. \u00d6zellikle \u00e7ocuklardan ba\u015flayarak afetler an\u0131nda nas\u0131l davranmalar\u0131 gerekti\u011fi ya da afete d\u00f6n\u00fc\u015fecek do\u011fa olaylar\u0131ndan daha az zarar g\u00f6rmek i\u00e7in ne t\u00fcr davran\u0131\u015flar sergilememiz gerekti\u011fine dair bir e\u011fitim merkezi olacak&#8221; diye anlatt\u0131.<\/p>\n<p>&#8220;Zarar\u0131n en az indirilmesi i\u00e7in ta\u015f \u00fcst\u00fcne ta\u015f koymak herkesin g\u00f6revi&#8221;<\/p>\n<p>Mersin i\u00e7in de\u011fil t\u00fcm \u00fclke i\u00e7in bu e\u011fitimlerin yap\u0131lmas\u0131 ve benzeri merkezlerin faaliyette olmas\u0131n\u0131n \u00f6nemli oldu\u011funu hat\u0131rlatan Zorlu, &#8220;Sonu\u00e7 olarak bu t\u00fcr olaylar, k\u00f6t\u00fc olaylar, afetler  olaylar\u0131 hepimize zarar veriyor. Bireysel bana, size, binaya, bu kentte, bu \u00fclkeye inan\u0131lmaz bir tahribat yarat\u0131yor. Bu olaylar\u0131nnun zarar\u0131n\u0131n en az indirilmesi i\u00e7in ta\u015f \u00fcst\u00fcne ta\u015f koymak herkesin g\u00f6revi&#8221; dedi.<\/p>\n<p>E\u011fitimlere ek olarak da Mercan 100. Y\u0131l \u0130klim ve \u00c7evre Bilim Merkezi&#8217;nde sim\u00fclasyonlar ile \u00e7ocuklara do\u011fal afetleri tan\u0131tacaklar\u0131n\u0131 s\u00f6yleyen Zorlu; deprem, sel, \u00e7\u0131\u011f, tsunami ve girdap gibi do\u011fal afetlerin sim\u00fclat\u00f6rle canland\u0131r\u0131laca\u011f\u0131n\u0131 ve \u00e7ocuklara ne gibi \u00f6nemler almas\u0131 gerekildi\u011finin anlat\u0131laca\u011f\u0131n\u0131 kaydetti.<\/p>\n","protected":false},"excerpt":{"rendered":"<p>Mersin B\u00fcy\u00fck\u015fehir Belediyesi \u0130klim De\u011fi\u015fikli\u011fi ve S\u0131f\u0131r At\u0131k Dairesi ile Afet \u0130\u015fleri Dairesi Ba\u015fkan\u0131 Dr. Kemal Zorlu, Kanal 33&#8217;de yay\u0131nlanan Arzu \u00d6zer ile G\u00fcn Bug\u00fcn program\u0131na konuk oldu. Programda Dr. Zorlu, Kahramanmara\u015f merkezli 6 \u015eubat 2023&#8217;te ya\u015fanan ve 11 ili etkileyen 7,75 ve 7,68 b\u00fcy\u00fckl\u00fc\u011f\u00fcndeki depremin y\u0131l d\u00f6n\u00fcm\u00fcnde Mersin B\u00fcy\u00fck\u015fehir Belediyesi Afet \u0130\u015fleri Dairesi Ba\u015fkanl\u0131\u011f\u0131 [&hellip;]<\/p>\n","protected":false},"author":2,"featured_media":30503,"comment_status":"open","ping_status":"open","sticky":false,"template":"","format":"standard","meta":{"footnotes":""},"categories":[8,34,2,3,5],"tags":[],"class_list":["post-30502","post","type-post","status-publish","format-standard","has-post-thumbnail","hentry","category-ekonomi","category-flas-haber","category-gundem","category-manset","category-mersin"],"views":6,"_links":{"self":[{"href":"https:\/\/mersinkadingazetesi.com\/index.php?rest_route=\/wp\/v2\/posts\/30502"}],"collection":[{"href":"https:\/\/mersinkadingazetesi.com\/index.php?rest_route=\/wp\/v2\/posts"}],"about":[{"href":"https:\/\/mersinkadingazetesi.com\/index.php?rest_route=\/wp\/v2\/types\/post"}],"author":[{"embeddable":true,"href":"https:\/\/mersinkadingazetesi.com\/index.php?rest_route=\/wp\/v2\/users\/2"}],"replies":[{"embeddable":true,"href":"https:\/\/mersinkadingazetesi.com\/index.php?rest_route=%2Fwp%2Fv2%2Fcomments&post=30502"}],"version-history":[{"count":0,"href":"https:\/\/mersinkadingazetesi.com\/index.php?rest_route=\/wp\/v2\/posts\/30502\/revisions"}],"wp:featuredmedia":[{"embeddable":true,"href":"https:\/\/mersinkadingazetesi.com\/index.php?rest_route=\/wp\/v2\/media\/30503"}],"wp:attachment":[{"href":"https:\/\/mersinkadingazetesi.com\/index.php?rest_route=%2Fwp%2Fv2%2Fmedia&parent=30502"}],"wp:term":[{"taxonomy":"category","embeddable":true,"href":"https:\/\/mersinkadingazetesi.com\/index.php?rest_route=%2Fwp%2Fv2%2Fcategories&post=30502"},{"taxonomy":"post_tag","embeddable":true,"href":"https:\/\/mersinkadingazetesi.com\/index.php?rest_route=%2Fwp%2Fv2%2Ftags&post=30502"}],"curies":[{"name":"wp","href":"https:\/\/api.w.org\/{rel}","templated":true}]}}