{"id":30508,"date":"2024-02-09T12:49:32","date_gmt":"2024-02-09T09:49:32","guid":{"rendered":"http:\/\/mersinkadingazetesi.com\/?p=30508"},"modified":"2024-02-09T12:49:32","modified_gmt":"2024-02-09T09:49:32","slug":"anamurun-yildizi-mehlika-cirakoglu-new-star-of-turkey-finalinde","status":"publish","type":"post","link":"https:\/\/mersinkadingazetesi.com\/?p=30508","title":{"rendered":"Anamur&#8217;un Y\u0131ld\u0131z\u0131 Mehlika \u00c7\u0131rako\u011flu &#8216;New Star of Turkey&#8217; Finalinde"},"content":{"rendered":"<p>Anamurlu yetenek Mehlika \u00c7\u0131rako\u011flu, m\u00fczik d\u00fcnyas\u0131n\u0131n prestijli yar\u0131\u015fmalar\u0131ndan biri olan &#8220;New Star of Turkey&#8221;de finale kalarak, memleketi Anamur&#8217;u gururla temsil etme f\u0131rsat\u0131 buldu. Ana j\u00fcri koltu\u011funda T\u00fcrk m\u00fczi\u011finin efsane ismi B\u00fclent Ersoy&#8217;un oturdu\u011fu yar\u0131\u015fmada finale kalan \u00c7\u0131rako\u011flu, 9 \u015eubat Cuma gecesi t\u00fcm T\u00fcrkiye&#8217;nin \u00f6n\u00fcnde performans sergileyecek.<\/p>\n<p>M\u00fczik Hayat\u0131ndaki K\u0131rm\u0131z\u0131 \u00c7izgi<\/p>\n<p>M\u00fczi\u011fi &#8220;hayattaki k\u0131rm\u0131z\u0131 \u00e7izgisi&#8221; olarak tan\u0131mlayan \u00c7\u0131rako\u011flu, &#8220;Bir Anamurlu olarak memleketimi bu \u00f6nemli platformda temsil edece\u011fim i\u00e7in kendimi \u00e7ok \u015fansl\u0131 hissediyorum. M\u00fczik benim i\u00e7in bir tutku, bir ya\u015fam bi\u00e7imi. Bu yar\u0131\u015fma benim i\u00e7in sadece bir yar\u0131\u015fmadan \u00f6te, ayn\u0131 zamanda m\u00fczi\u011fe olan sevgimi t\u00fcm T\u00fcrkiye ile payla\u015fma f\u0131rsat\u0131,&#8221; dedi.<\/p>\n<p>Anamur&#8217;dan Tam Destek<\/p>\n<p>\u00c7\u0131rako\u011flu, bu yolculu\u011funda kendisini destekleyen t\u00fcm akrabalar\u0131na ve Anamurlu hem\u015ferilerine te\u015fekk\u00fcrlerini iletti: &#8220;Bu yar\u0131\u015fma benim bir arma\u011fan\u0131m olsun. Dualar\u0131n\u0131z\u0131 eksik etmeyin, sizlerin deste\u011fi benim i\u00e7in en b\u00fcy\u00fck motivasyon kayna\u011f\u0131.&#8221;<\/p>\n<p>Ailesine Minnettarl\u0131k<\/p>\n<p>Final \u00f6ncesi duygular\u0131n\u0131 payla\u015fan \u00c7\u0131rako\u011flu, ba\u015far\u0131s\u0131nda en b\u00fcy\u00fck pay sahibi olan ailesine de \u00f6zel bir te\u015fekk\u00fcrde bulundu: &#8220;Annem Ayla \u00c7\u0131rako\u011flu ve babam Mehmet \u00c7\u0131rako\u011flu&#8217;na sonsuz minnettar\u0131m. Onlar\u0131n sevgisi, deste\u011fi ve inanc\u0131 olmasayd\u0131 bug\u00fcn burada olamazd\u0131m. Onlar benim en b\u00fcy\u00fck g\u00fcc\u00fcm.&#8221;<\/p>\n<p>Geceye Davet<\/p>\n<p>Mehlika \u00c7\u0131rako\u011flu&#8217;nun &#8220;New Star of Turkey&#8221; finalindeki performans\u0131n\u0131 ka\u00e7\u0131rmay\u0131n. 9 \u015eubat Cuma gecesi, Anamur&#8217;un parlayan y\u0131ld\u0131z\u0131na destek olmak i\u00e7in ekran ba\u015f\u0131na!<\/p>\n","protected":false},"excerpt":{"rendered":"<p>Anamurlu yetenek Mehlika \u00c7\u0131rako\u011flu, m\u00fczik d\u00fcnyas\u0131n\u0131n prestijli yar\u0131\u015fmalar\u0131ndan biri olan &#8220;New Star of Turkey&#8221;de finale kalarak, memleketi Anamur&#8217;u gururla temsil etme f\u0131rsat\u0131 buldu. Ana j\u00fcri koltu\u011funda T\u00fcrk m\u00fczi\u011finin efsane ismi B\u00fclent Ersoy&#8217;un oturdu\u011fu yar\u0131\u015fmada finale kalan \u00c7\u0131rako\u011flu, 9 \u015eubat Cuma gecesi t\u00fcm T\u00fcrkiye&#8217;nin \u00f6n\u00fcnde performans sergileyecek. M\u00fczik Hayat\u0131ndaki K\u0131rm\u0131z\u0131 \u00c7izgi M\u00fczi\u011fi &#8220;hayattaki k\u0131rm\u0131z\u0131 \u00e7izgisi&#8221; olarak [&hellip;]<\/p>\n","protected":false},"author":2,"featured_media":30509,"comment_status":"open","ping_status":"open","sticky":false,"template":"","format":"standard","meta":{"footnotes":""},"categories":[3,5],"tags":[],"class_list":["post-30508","post","type-post","status-publish","format-standard","has-post-thumbnail","hentry","category-manset","category-mersin"],"views":3,"_links":{"self":[{"href":"https:\/\/mersinkadingazetesi.com\/index.php?rest_route=\/wp\/v2\/posts\/30508"}],"collection":[{"href":"https:\/\/mersinkadingazetesi.com\/index.php?rest_route=\/wp\/v2\/posts"}],"about":[{"href":"https:\/\/mersinkadingazetesi.com\/index.php?rest_route=\/wp\/v2\/types\/post"}],"author":[{"embeddable":true,"href":"https:\/\/mersinkadingazetesi.com\/index.php?rest_route=\/wp\/v2\/users\/2"}],"replies":[{"embeddable":true,"href":"https:\/\/mersinkadingazetesi.com\/index.php?rest_route=%2Fwp%2Fv2%2Fcomments&post=30508"}],"version-history":[{"count":0,"href":"https:\/\/mersinkadingazetesi.com\/index.php?rest_route=\/wp\/v2\/posts\/30508\/revisions"}],"wp:featuredmedia":[{"embeddable":true,"href":"https:\/\/mersinkadingazetesi.com\/index.php?rest_route=\/wp\/v2\/media\/30509"}],"wp:attachment":[{"href":"https:\/\/mersinkadingazetesi.com\/index.php?rest_route=%2Fwp%2Fv2%2Fmedia&parent=30508"}],"wp:term":[{"taxonomy":"category","embeddable":true,"href":"https:\/\/mersinkadingazetesi.com\/index.php?rest_route=%2Fwp%2Fv2%2Fcategories&post=30508"},{"taxonomy":"post_tag","embeddable":true,"href":"https:\/\/mersinkadingazetesi.com\/index.php?rest_route=%2Fwp%2Fv2%2Ftags&post=30508"}],"curies":[{"name":"wp","href":"https:\/\/api.w.org\/{rel}","templated":true}]}}