{"id":30514,"date":"2024-02-09T12:52:56","date_gmt":"2024-02-09T09:52:56","guid":{"rendered":"http:\/\/mersinkadingazetesi.com\/?p=30514"},"modified":"2024-02-09T12:52:56","modified_gmt":"2024-02-09T09:52:56","slug":"bu-millet-affetmeyecek","status":"publish","type":"post","link":"https:\/\/mersinkadingazetesi.com\/?p=30514","title":{"rendered":"&#8220;BU M\u0130LLET AFFETMEYECEK&#8221;"},"content":{"rendered":"<p>CHP Mersin Milletvekili G\u00fclcan K\u0131\u015f, \u00c7evre ve \u015eehircilik Bakan\u0131 Mehmet \u00d6zhaseki&#8217;nin &#8220;Baz\u0131 depremzedeler iyi ki evimiz y\u0131k\u0131ld\u0131 bize villa verdiniz diyorlar&#8221; \u015feklindeki s\u00f6zlerine tepki g\u00f6sterdi. K\u0131\u015f, &#8220;Depremzedelerimizin ac\u0131lar\u0131n\u0131 bu \u015fekilde manip\u00fcle edenleri, \u015fantajla oy toplamaya \u00e7al\u0131\u015fanlar\u0131 tarih affetmeyecektir, bu millet affetmeyecektir&#8221; dedi.<\/p>\n<p>Cumhuriyet Halk Partisi Mersin Milletvekili G\u00fclcan K\u0131\u015f, TBMM genel kurulunda s\u00f6z alarak depremzede yurtta\u015flar\u0131n sesi oldu. G\u00fclcan K\u0131\u015f&#8217;\u0131n g\u00fcndemine AKP Genel Ba\u015fkan\u0131 ve Cumhurba\u015fkan\u0131 Erdo\u011fan ile \u00c7evre ve \u015eehircilik Bakan\u0131 Mehmet \u00d6zhaseki&#8217;nin skandal s\u00f6zleri de vard\u0131.<\/p>\n<p>G\u00fclcan K\u0131\u015f, &#8220;Ac\u0131n\u0131n siyaseti olmaz, defalarca &#8220;Ya\u015fanan felaketler \u00fczerinden siyaset yap\u0131lmaz&#8221; dedik ancak tarihimizin en b\u00fcy\u00fck felaketi olan depremin daha birinci y\u0131l d\u00f6n\u00fcm\u00fcnde AKP H\u00fck\u00fbmetinden skandal s\u00f6zlere tan\u0131k olduk. 21 y\u0131ll\u0131k iktidardan depremzedelere verdi\u011fi s\u00f6zleri tutmas\u0131 beklenirken Cumhurba\u015fkan\u0131 Erdo\u011fan &#8220;Bize oy vermezseniz size hizmet yok!&#8221; diye halk\u0131 a\u00e7\u0131k\u00e7a tehdit etmi\u015ftir. Yetmedi, AKP&#8217;li \u00c7evre Bakan\u0131 milyonlar\u0131n kar\u015f\u0131s\u0131nda, canl\u0131 yay\u0131nda, depremzedelerin &#8220;\u0130yi ki evlerimiz y\u0131k\u0131lm\u0131\u015f, bize villa verdiniz&#8221; dedi\u011fini iddia etmi\u015ftir. Ailesini, yak\u0131nlar\u0131n\u0131, yuvalar\u0131n\u0131 kaybeden insanlar\u0131m\u0131za verilecek hi\u00e7bir villa, ac\u0131lar\u0131n\u0131 dindiremez Say\u0131n Bakan. Depremzedelerimizin ac\u0131lar\u0131n\u0131 bu \u015fekilde manip\u00fcle edenleri, \u015fantajla oy toplamaya \u00e7al\u0131\u015fanlar\u0131 tarih affetmeyecektir, bu millet affetmeyecektir&#8221; dedi.<\/p>\n","protected":false},"excerpt":{"rendered":"<p>CHP Mersin Milletvekili G\u00fclcan K\u0131\u015f, \u00c7evre ve \u015eehircilik Bakan\u0131 Mehmet \u00d6zhaseki&#8217;nin &#8220;Baz\u0131 depremzedeler iyi ki evimiz y\u0131k\u0131ld\u0131 bize villa verdiniz diyorlar&#8221; \u015feklindeki s\u00f6zlerine tepki g\u00f6sterdi. K\u0131\u015f, &#8220;Depremzedelerimizin ac\u0131lar\u0131n\u0131 bu \u015fekilde manip\u00fcle edenleri, \u015fantajla oy toplamaya \u00e7al\u0131\u015fanlar\u0131 tarih affetmeyecektir, bu millet affetmeyecektir&#8221; dedi. Cumhuriyet Halk Partisi Mersin Milletvekili G\u00fclcan K\u0131\u015f, TBMM genel kurulunda s\u00f6z alarak depremzede [&hellip;]<\/p>\n","protected":false},"author":2,"featured_media":30515,"comment_status":"open","ping_status":"open","sticky":false,"template":"","format":"standard","meta":{"footnotes":""},"categories":[3],"tags":[],"class_list":["post-30514","post","type-post","status-publish","format-standard","has-post-thumbnail","hentry","category-manset"],"views":11,"_links":{"self":[{"href":"https:\/\/mersinkadingazetesi.com\/index.php?rest_route=\/wp\/v2\/posts\/30514"}],"collection":[{"href":"https:\/\/mersinkadingazetesi.com\/index.php?rest_route=\/wp\/v2\/posts"}],"about":[{"href":"https:\/\/mersinkadingazetesi.com\/index.php?rest_route=\/wp\/v2\/types\/post"}],"author":[{"embeddable":true,"href":"https:\/\/mersinkadingazetesi.com\/index.php?rest_route=\/wp\/v2\/users\/2"}],"replies":[{"embeddable":true,"href":"https:\/\/mersinkadingazetesi.com\/index.php?rest_route=%2Fwp%2Fv2%2Fcomments&post=30514"}],"version-history":[{"count":0,"href":"https:\/\/mersinkadingazetesi.com\/index.php?rest_route=\/wp\/v2\/posts\/30514\/revisions"}],"wp:featuredmedia":[{"embeddable":true,"href":"https:\/\/mersinkadingazetesi.com\/index.php?rest_route=\/wp\/v2\/media\/30515"}],"wp:attachment":[{"href":"https:\/\/mersinkadingazetesi.com\/index.php?rest_route=%2Fwp%2Fv2%2Fmedia&parent=30514"}],"wp:term":[{"taxonomy":"category","embeddable":true,"href":"https:\/\/mersinkadingazetesi.com\/index.php?rest_route=%2Fwp%2Fv2%2Fcategories&post=30514"},{"taxonomy":"post_tag","embeddable":true,"href":"https:\/\/mersinkadingazetesi.com\/index.php?rest_route=%2Fwp%2Fv2%2Ftags&post=30514"}],"curies":[{"name":"wp","href":"https:\/\/api.w.org\/{rel}","templated":true}]}}