{"id":30534,"date":"2024-02-11T10:39:27","date_gmt":"2024-02-11T07:39:27","guid":{"rendered":"http:\/\/mersinkadingazetesi.com\/?p=30534"},"modified":"2024-02-11T10:39:27","modified_gmt":"2024-02-11T07:39:27","slug":"mersin-buyuksehir-belediyesi-dolu-dolu-bir-fuar-gecirdi","status":"publish","type":"post","link":"https:\/\/mersinkadingazetesi.com\/?p=30534","title":{"rendered":"MERS\u0130N B\u00dcY\u00dcK\u015eEH\u0130R BELED\u0130YES\u0130 DOLU DOLU B\u0130R FUAR GE\u00c7\u0130RD\u0130"},"content":{"rendered":"<p>Mersin B\u00fcy\u00fck\u015fehir Belediyesi, Avrupa&#8217;n\u0131n en b\u00fcy\u00fck turizm fuarlar\u0131ndan olan EMITT&#8217;te a\u00e7t\u0131\u011f\u0131 stantta 4 g\u00fcn boyunca Mersin&#8217;in tarihi, do\u011fal ve k\u00fclt\u00fcrel g\u00fczelliklerini tan\u0131tt\u0131. Y\u00fczlerce stand\u0131n kuruldu\u011fu ve binlerce insan\u0131n kat\u0131ld\u0131\u011f\u0131 fuarda, K\u00fclt\u00fcr ve Sosyal \u0130\u015fler Dairesi Ba\u015fkanl\u0131\u011f\u0131 koordinesinde kurulan B\u00fcy\u00fck\u015fehir&#8217;in stand\u0131 yo\u011fun ilgi g\u00f6rd\u00fc.<\/p>\n<p>Avrupa&#8217;n\u0131n en b\u00fcy\u00fck turizm fuarlar\u0131ndan olan EMITT, 27. kez turizm profesyonellerini ve tatil t\u00fcketicilerini bir araya getirdi. 6 \u015eubat&#8217;ta kap\u0131lar\u0131n\u0131 a\u00e7an ve 4 g\u00fcn boyunca s\u00fcren fuarda; farkl\u0131 \u00fclkelerden gelen temsilciler, belediyeler, turizm sekt\u00f6r\u00fcn\u00fcn \u00f6nde gelen firmalar\u0131 ve i\u015f geli\u015ftirme uzmanlar\u0131 tatilcilerle bir araya geldi.<\/p>\n<p>Fuara damga vuran B\u00fcy\u00fck\u015fehir stand\u0131na &#8216;Destinasyonlar Dal\u0131nda En \u0130yi Tan\u0131t\u0131m \u00d6d\u00fcl\u00fc&#8217;<\/p>\n<p>Fuarda yerini alan Mersin B\u00fcy\u00fck\u015fehir stand\u0131 ise, 4 g\u00fcn boyunca binlerce kat\u0131l\u0131mc\u0131n\u0131n u\u011frak noktas\u0131 oldu. Yerli ve yabanc\u0131 kat\u0131l\u0131mc\u0131lar\u0131n yan\u0131 s\u0131ra, turizm sekt\u00f6r\u00fc temsilcilerinin de s\u0131k ziyaret etti\u011fi stantta, \u00f6zellikle Mersin Turizm Haritas\u0131 uygulamas\u0131 b\u00fcy\u00fck ilgi \u00e7ekti. B\u00fcy\u00fck\u015fehir taraf\u0131ndan kurulan uygulama ile Mersin&#8217;in tarihi, do\u011fal ve k\u00fclt\u00fcrel g\u00fczelliklerini bir harita yard\u0131m\u0131yla ke\u015ffeden kat\u0131l\u0131mc\u0131lar, Mersin turu yapt\u0131. Stantta ayr\u0131ca ziyaret\u00e7ilere verilen tan\u0131t\u0131c\u0131 bro\u015f\u00fcr ve haritalar\u0131n yan\u0131 s\u0131ra, Mersin&#8217;e \u00f6zg\u00fc cezerye ve limon ikram\u0131 da yap\u0131ld\u0131. Fuar boyunca stantta sergilenen Mersin&#8217;in tan\u0131t\u0131m\u0131n\u0131 i\u00e7eren videolar ise, kentin g\u00fczelliklerini g\u00f6zler \u00f6n\u00fcne sererek kat\u0131l\u0131mc\u0131lar\u0131 adeta b\u00fcy\u00fcledi. 4 g\u00fcn boyunca fuara damga vuran Mersin B\u00fcy\u00fck\u015fehir Belediyesi stand\u0131, &#8216;Destinasyonlar Dal\u0131nda En \u0130yi Tan\u0131t\u0131m \u00d6d\u00fcl\u00fc&#8217;n\u00fc ald\u0131.<\/p>\n<p>\u00d6zd\u00fclger: &#8220;B\u00fcy\u00fck\u015fehir olarak EMITT&#8217;te vizyonumuzu en iyi \u015fekilde g\u00f6sterdik&#8221;<\/p>\n<p>Mersin B\u00fcy\u00fck\u015fehir Belediyesi K\u00fclt\u00fcr ve Sosyal \u0130\u015fler Dairesi Ba\u015fkanl\u0131\u011f\u0131 Koordinat\u00f6r\u00fc, Opera Sanat\u00e7\u0131s\u0131 Bengi \u0130spir \u00d6zd\u00fclger, 4 g\u00fcn boyunca dolu dolu bir fuar ge\u00e7irdiklerini s\u00f6yledi. B\u00fcy\u00fck\u015fehir&#8217;in stand\u0131n\u0131n her y\u0131l oldu\u011fu gibi bu y\u0131l da \u00e7ok be\u011fenildi\u011fini belirten \u00d6zd\u00fclger, &#8220;Mersin B\u00fcy\u00fck\u015fehir Belediyesi olarak EMITT&#8217;te, vizyonumuzu en iyi \u015fekilde g\u00f6sterdik. Her y\u0131l yeni bir stantla bu i\u015fe ne kadar \u00f6nem verdi\u011fimizi ve ne kadar kaliteli i\u015fler yapt\u0131\u011f\u0131m\u0131z\u0131 da g\u00f6stermi\u015f oluyoruz. Bunu yap\u0131yor olmaktan da ayr\u0131 memnuniyet duyuyoruz. Fuara kat\u0131l\u0131m \u00e7ok y\u00fcksekti. Vatanda\u015flar\u0131n, fuar\u0131 gezen turizm severlerin, odalar\u0131n, derneklerin ve bu i\u015fle ili\u015fkili sekt\u00f6r temsilcilerinin \u00e7ok be\u011fenisini ald\u0131k&#8221; dedi.<\/p>\n<p>&#8220;Her y\u0131l bir \u00f6d\u00fclle kendimizi ta\u00e7land\u0131r\u0131yoruz&#8221;<\/p>\n<p>Mersin B\u00fcy\u00fck\u015fehir olarak yap\u0131lan her \u00e7al\u0131\u015fmada kaliteden \u00f6d\u00fcn vermediklerini vurgulayan \u00d6zd\u00fclger, &#8220;Her y\u0131l bir \u00f6d\u00fclle kendimizi ta\u00e7land\u0131r\u0131yoruz. Bu y\u0131l da &#8216;Destinasyonlar Dal\u0131nda En \u0130yi Tan\u0131t\u0131m \u00d6d\u00fcl\u00fc&#8217;n\u00fc ald\u0131k. Hak edilmi\u015f bir \u00f6d\u00fcl oldu\u011funu d\u00fc\u015f\u00fcn\u00fcyoruz. Mersin B\u00fcy\u00fck\u015fehir stand\u0131 olarak fark\u0131m\u0131z\u0131, \u00f6ng\u00f6r\u00fclerimizi, kalitemizi ve yakla\u015f\u0131m\u0131m\u0131z\u0131 en iyi \u015fekilde g\u00f6sterdi\u011fimizi d\u00fc\u015f\u00fcn\u00fcyoruz. Bu anlamda mutlu ve gururluyuz&#8221; ifadelerini kulland\u0131.<\/p>\n<p>Mhoqdah: &#8220;Mersin stand\u0131 \u00e7ok dikkatimi \u00e7ekti&#8221;<\/p>\n<p>Fuara Maldivler&#8217;den kat\u0131lan ve B\u00fcy\u00fck\u015fehir&#8217;in stand\u0131na b\u00fcy\u00fck ilgi g\u00f6steren Musa Mhoqdah, fuar\u0131 \u00e7ok be\u011fendi\u011fini ve \u00f6zellikle Mersin B\u00fcy\u00fck\u015fehir stand\u0131n\u0131n \u00e7ok ilgisini \u00e7ekti\u011fini belirterek, &#8220;\u00c7ok b\u00fcy\u00fck ve g\u00fczel bir fuard\u0131. Bir\u00e7ok insanla tan\u0131\u015fma f\u0131rsat\u0131 ve yeni \u015feyler \u00f6\u011frenme f\u0131rsat\u0131 bulduk. Mersin stand\u0131n\u0131 da ziyaret ettim, \u00e7\u00fcnk\u00fc \u00e7ok dikkatimi \u00e7ekti. Asl\u0131nda burada \u00e7ok ciddi bir potansiyel var. Turizm ve teknolojiyi birle\u015ftirerek neler ortaya \u00e7\u0131kabilece\u011fini g\u00fczel bir \u015fekilde deneyimlemi\u015f oldum&#8221; diye konu\u015ftu.<\/p>\n<p>Gali\u00e7i: &#8220;Hi\u00e7bir stant beni bu kadar heyecanland\u0131rmam\u0131\u015ft\u0131&#8221;<\/p>\n<p>Stand\u0131n ziyaret\u00e7ilerinden Rum as\u0131ll\u0131 Yani Gali\u00e7i de Mersin stand\u0131n\u0131n, fuar\u0131n g\u00f6rseli en zengin stand\u0131 oldu\u011funu vurgulayarak, &#8220;Daha \u00f6nce Mersin&#8217;i ziyaret etmi\u015ftim, adeta bir cennet. \u015eehir vizyon olarak \u00e7ok y\u00fckselmi\u015f. Mersin ile ilgili g\u00f6rsellere bakt\u0131k\u00e7a bakas\u0131n\u0131z geliyor. Ben de bu fuardan ald\u0131\u011f\u0131m bilgilerle, ba\u015fka yerlerde Mersin&#8217;i tan\u0131tmak isterim. Hi\u00e7bir stant beni bu kadar heyecanland\u0131rmam\u0131\u015ft\u0131&#8221; ifadelerine yer verdi.<\/p>\n<p>Bay\u0131nd\u0131r: &#8220;B\u00fcy\u00fck\u015fehir&#8217;in son birka\u00e7 y\u0131ld\u0131r yapt\u0131\u011f\u0131 b\u00fct\u00fcn stantlar hep ses getirdi&#8221;<\/p>\n<p>T\u00fcrkiye Seyahat Acentalar\u0131 Birli\u011fi (T\u00dcRSAB) Denetim Kurulu Ba\u015fkan\u0131 ve Seyahat Acentesi \u0130\u015fletmecisi Hakan Bay\u0131nd\u0131r ise, bu t\u00fcr fuarlar\u0131n kentlerin tan\u0131t\u0131m\u0131 i\u00e7in olduk\u00e7a \u00f6nemli oldu\u011funa i\u015faret etti. Mersin stand\u0131n\u0131 da olduk\u00e7a ilgi \u00e7ekici buldu\u011funu s\u00f6yleyen Bay\u0131nd\u0131r, &#8220;B\u00fcy\u00fck\u015fehir Belediye Ba\u015fkan\u0131m\u0131z\u0131n da vizyoner oldu\u011fu, Mersin stand\u0131nda \u00e7ok net g\u00f6r\u00fcl\u00fcyor. Mersin B\u00fcy\u00fck\u015fehir&#8217;in son birka\u00e7 y\u0131ld\u0131r yapt\u0131klar\u0131 b\u00fct\u00fcn stantlar hep ses getirdi. Bu y\u0131lki de daha \u00f6ncekiler gibi \u00e7ok ba\u015far\u0131l\u0131 ve \u00e7ok g\u00fczel&#8221; dedi.<\/p>\n<p>\u015eehrin hem pazarlamas\u0131, hem de tan\u0131t\u0131m\u0131nda en \u00f6nemli unsurun yerel y\u00f6netimler oldu\u011funa dikkat \u00e7eken Bay\u0131nd\u0131r, &#8220;Onlar \u00f6ncelikle \u015fehrin altyap\u0131s\u0131n\u0131 olu\u015fturup, daha sonra da bunun tan\u0131t\u0131m\u0131n\u0131 yap\u0131yorlar. Seyahat acenteleri pazarlama yaparken, belediyeler bu pazarlamalara destek oluyorlar. Olmazsa olmaz bir birliktelik laz\u0131m. Bizim zaten uzun y\u0131llard\u0131r istedi\u011fimiz \u015fey hem yerel y\u00f6netimlerin, hem de merkezi h\u00fck\u00fcmetin bir arada \u015fehrin tan\u0131t\u0131m\u0131na katk\u0131 sunmalar\u0131. Ba\u015fkan\u0131m\u0131z g\u00f6reve geldi\u011finden beri sa\u011f olsun, deste\u011fini her zaman hissettik. \u015eehrin abisi gibi istedi\u011fimiz yere de hep geldi ve katk\u0131 sundu. Yani onunla beraber yol y\u00fcr\u00fcmekten inan\u0131lmaz mutluyuz. Umuyorum ki \u00f6n\u00fcm\u00fczdeki d\u00f6nemlerde de bir arada devam edece\u011fiz&#8221; ifadelerini kulland\u0131.<\/p>\n<p>Demir: &#8220;Mersin B\u00fcy\u00fck\u015fehir&#8217;in yapaca\u011f\u0131 hizmetler, turizmin geli\u015fmesinde \u00f6nc\u00fcl\u00fck sa\u011flayacak&#8221;<\/p>\n<p>Otel i\u015fletmecisi Murat Demir de Mersin B\u00fcy\u00fck\u015fehir&#8217;in stand\u0131n\u0131 olduk\u00e7a be\u011fendi\u011fini belirterek, &#8220;Fuarlar\u0131n katk\u0131s\u0131 hemen g\u00f6r\u00fclmeyebilir, bu uzun s\u00fcre\u00e7li bir \u00e7al\u0131\u015fma. Her fuarda mutlaka olmak laz\u0131m. Tan\u0131t\u0131m\u0131n\u0131z\u0131 yapmam\u0131z laz\u0131m. B\u00f6ylelikle bilinirlik art\u0131yor. Ne kadar tan\u0131t\u0131m yaparsak, o kadar faydas\u0131 var. Mersin B\u00fcy\u00fck\u015fehir&#8217;in yapaca\u011f\u0131 yat\u0131r\u0131mlar, hizmetler, turizmin geli\u015fmesinde \u00f6nc\u00fcl\u00fck sa\u011flayacak. Bu tip tan\u0131t\u0131mlara kat\u0131lmas\u0131, destek vermesi turizmciler i\u00e7in sevindirici. \u0130\u015f birli\u011fi yapmam\u0131z laz\u0131m. Kimse tek ba\u015f\u0131na bir \u015fey yapamaz. Biz bu i\u015f birli\u011fine her zaman haz\u0131r\u0131z&#8221; dedi.   <\/p>\n","protected":false},"excerpt":{"rendered":"<p>Mersin B\u00fcy\u00fck\u015fehir Belediyesi, Avrupa&#8217;n\u0131n en b\u00fcy\u00fck turizm fuarlar\u0131ndan olan EMITT&#8217;te a\u00e7t\u0131\u011f\u0131 stantta 4 g\u00fcn boyunca Mersin&#8217;in tarihi, do\u011fal ve k\u00fclt\u00fcrel g\u00fczelliklerini tan\u0131tt\u0131. Y\u00fczlerce stand\u0131n kuruldu\u011fu ve binlerce insan\u0131n kat\u0131ld\u0131\u011f\u0131 fuarda, K\u00fclt\u00fcr ve Sosyal \u0130\u015fler Dairesi Ba\u015fkanl\u0131\u011f\u0131 koordinesinde kurulan B\u00fcy\u00fck\u015fehir&#8217;in stand\u0131 yo\u011fun ilgi g\u00f6rd\u00fc. Avrupa&#8217;n\u0131n en b\u00fcy\u00fck turizm fuarlar\u0131ndan olan EMITT, 27. kez turizm profesyonellerini ve [&hellip;]<\/p>\n","protected":false},"author":2,"featured_media":30535,"comment_status":"open","ping_status":"open","sticky":false,"template":"","format":"standard","meta":{"footnotes":""},"categories":[3],"tags":[],"class_list":["post-30534","post","type-post","status-publish","format-standard","has-post-thumbnail","hentry","category-manset"],"views":6,"_links":{"self":[{"href":"https:\/\/mersinkadingazetesi.com\/index.php?rest_route=\/wp\/v2\/posts\/30534"}],"collection":[{"href":"https:\/\/mersinkadingazetesi.com\/index.php?rest_route=\/wp\/v2\/posts"}],"about":[{"href":"https:\/\/mersinkadingazetesi.com\/index.php?rest_route=\/wp\/v2\/types\/post"}],"author":[{"embeddable":true,"href":"https:\/\/mersinkadingazetesi.com\/index.php?rest_route=\/wp\/v2\/users\/2"}],"replies":[{"embeddable":true,"href":"https:\/\/mersinkadingazetesi.com\/index.php?rest_route=%2Fwp%2Fv2%2Fcomments&post=30534"}],"version-history":[{"count":0,"href":"https:\/\/mersinkadingazetesi.com\/index.php?rest_route=\/wp\/v2\/posts\/30534\/revisions"}],"wp:featuredmedia":[{"embeddable":true,"href":"https:\/\/mersinkadingazetesi.com\/index.php?rest_route=\/wp\/v2\/media\/30535"}],"wp:attachment":[{"href":"https:\/\/mersinkadingazetesi.com\/index.php?rest_route=%2Fwp%2Fv2%2Fmedia&parent=30534"}],"wp:term":[{"taxonomy":"category","embeddable":true,"href":"https:\/\/mersinkadingazetesi.com\/index.php?rest_route=%2Fwp%2Fv2%2Fcategories&post=30534"},{"taxonomy":"post_tag","embeddable":true,"href":"https:\/\/mersinkadingazetesi.com\/index.php?rest_route=%2Fwp%2Fv2%2Ftags&post=30534"}],"curies":[{"name":"wp","href":"https:\/\/api.w.org\/{rel}","templated":true}]}}