{"id":30537,"date":"2024-02-11T10:41:56","date_gmt":"2024-02-11T07:41:56","guid":{"rendered":"http:\/\/mersinkadingazetesi.com\/?p=30537"},"modified":"2024-02-11T10:41:56","modified_gmt":"2024-02-11T07:41:56","slug":"halkin-baskani-halkla-ic-ice-olmayi-surduruyor","status":"publish","type":"post","link":"https:\/\/mersinkadingazetesi.com\/?p=30537","title":{"rendered":"HALKIN BA\u015eKANI HALKLA \u0130\u00c7 \u0130\u00c7E OLMAYI S\u00dcRD\u00dcR\u00dcYOR"},"content":{"rendered":"<p>Mersin B\u00fcy\u00fck\u015fehir Belediye Ba\u015fkan\u0131 Vahap Se\u00e7er, Akdeniz il\u00e7esinde bulunan Kiremithane Mahallesi Pazar Yeri&#8217;ni ziyaret etti. Pazar gezisi boyunca vatanda\u015flar\u0131n sevgi g\u00f6sterisinde bulundu\u011fu Se\u00e7er, hizmetlerine halk\u0131n deste\u011fiyle h\u0131z kesmeden devam edeceklerini belirtti.<\/p>\n<p>Ziyarette Ba\u015fkan Se\u00e7er&#8217;e; Cumhuriyet Halk Partisi (CHP) Akdeniz \u0130l\u00e7e Ba\u015fkan\u0131 Semih Palamut, CHP Akdeniz \u0130l\u00e7e Kad\u0131n Kollar\u0131 Ba\u015fkan\u0131 Nesime Teker Hazim, Mersin Pazarc\u0131lar Esnaf Odas\u0131 Ba\u015fkan\u0131 Abdulhalim Batur, Kiremithane Mahallesi Muhtar\u0131 Ali G\u00fclgen, Bar\u0131\u015f Mahallesi Muhtar\u0131 Metin \u0130lkyaz, Bah\u00e7e Mahallesi Muhtar\u0131 Mehmet Dane, K\u00fclt\u00fcr Mahallesi Muhtar\u0131 Ali Karadeniz ve B\u00fcy\u00fck\u015fehir Belediyesi b\u00fcrokratlar\u0131 e\u015flik etti.<\/p>\n<p>Kiremithane halk\u0131ndan Se\u00e7er&#8217;e: &#8220;Yan\u0131n\u0131zday\u0131z ba\u015fkan\u0131m. Sizden \u00e7ok memnunuz&#8221;<\/p>\n<p>Pazar yerinin giri\u015finde pazar esnaf\u0131 ve vatanda\u015flar taraf\u0131ndan &#8216;Ho\u015f geldiniz Ba\u015fkan\u0131m&#8217; diye kar\u015f\u0131lanan Ba\u015fkan Vahap Se\u00e7er, gezi boyunca 7&#8217;den 70&#8217;e t\u00fcm Kiremithane halk\u0131n\u0131n sevgi g\u00f6sterileriyle kar\u015f\u0131la\u015ft\u0131. Pazarda al\u0131\u015fveri\u015f yapan vatanda\u015flar ve pazar esnaf\u0131 ile sohbet eden Ba\u015fkan Se\u00e7er, gelen talepleri de \u00e7al\u0131\u015fma arkada\u015flar\u0131na not ald\u0131rd\u0131. Pazar esnaf\u0131ndan al\u0131\u015fveri\u015f yapmay\u0131 da ihmal etmeyen Se\u00e7er, esnafa &#8216;Bereketli olsun&#8217; dile\u011finde bulundu. Pazarda Ba\u015fkan Se\u00e7er&#8217;e &#8216;Ba\u015fkan Se\u00e7er, Mersin Seni Tek Ge\u00e7er&#8217;, &#8216;B\u00fcy\u00fck Ba\u015fkan Vahap Se\u00e7er&#8217; ve &#8216;Memnuniyetle D\u00fcr\u00fcst Ba\u015fkan&#8217; yaz\u0131l\u0131 d\u00f6vizlerle s\u00fcrpriz yapan \u00e7ocuklar, Se\u00e7er&#8217;le bol bol sohbet edip foto\u011fraf \u00e7ektirdi. <\/p>\n<p>Ba\u015fkan Se\u00e7er&#8217;i g\u00f6rmekten b\u00fcy\u00fck mutluluk duydu\u011funu belirten bir vatanda\u015f, &#8220;Adayl\u0131\u011f\u0131n\u0131z hay\u0131rl\u0131 u\u011furlu olsun. Allah sizi ba\u015f\u0131m\u0131zdan eksik etmesin. T\u00fcm dualar\u0131m\u0131z sizinle&#8221; derken bir vatanda\u015f ise &#8220;Yan\u0131n\u0131zday\u0131z ba\u015fkan\u0131m. Sizden \u00e7ok memnunuz. Yine ba\u015fkan\u0131m\u0131z siz olun istiyoruz&#8221; ifadelerine yer verdi.<\/p>\n<p>5 y\u0131l sonra vatanda\u015ftan ayn\u0131 konu\u015fma: &#8220;Y\u0131llar \u00f6nce size &#8216;Kazanacaks\u0131n\u0131z&#8217; demi\u015ftim. Yine s\u00f6yl\u00fcyorum, kazanacaks\u0131n\u0131z&#8221;<\/p>\n<p>Ba\u015fkan Se\u00e7er geldi\u011finde i\u015flerinin a\u00e7\u0131ld\u0131\u011f\u0131n\u0131 s\u00f6yleyen Pazar esnaf\u0131 da &#8220;Hep gelin ba\u015fkan\u0131m. Siz gelince i\u015flerimiz daha hay\u0131rl\u0131 oluyor&#8221; dedi. 2019&#8217;da adayken Demirta\u015f Mahallesi&#8217;ndeki ziyaretinde kar\u015f\u0131la\u015ft\u0131\u011f\u0131 bir vatanda\u015f, &#8220;Y\u0131llar \u00f6nce size &#8216;Kazanacaks\u0131n\u0131z&#8217; demi\u015ftim. Yine s\u00f6yl\u00fcyorum, kazanacaks\u0131n\u0131z ba\u015fkan\u0131m. Arkan\u0131zday\u0131z, yolunuz a\u00e7\u0131k olsun. Biz sizden \u00e7ok memnunuz, sizi \u00e7ok seviyoruz. Yapt\u0131\u011f\u0131n\u0131z hizmetler olsun, halkla konu\u015fman\u0131z olsun. Halkla i\u00e7 i\u00e7esiniz, g\u00f6steri\u015f de\u011fil sizinki. Halk\u0131n i\u00e7indesiniz&#8221; diyerek duygular\u0131n\u0131 ifade ederken, Ba\u015fkan Se\u00e7er de 5 y\u0131l boyunca halkla birebir temasta olduklar\u0131n\u0131, halk i\u00e7in \u00e7al\u0131\u015ft\u0131klar\u0131n\u0131 ve gelecek 5 y\u0131lda da ayn\u0131 azimle \u00e7al\u0131\u015fmaya devam edeceklerini belirtti.<\/p>\n<p>Se\u00e7er: &#8220;Vatanda\u015flar\u0131m\u0131z\u0131n yan\u0131nday\u0131z&#8221;<\/p>\n<p>Ziyarette sadece Akdeniz il\u00e7esinden de\u011fil, G\u00fclnar, Silifke gibi kentin d\u00f6rt bir yan\u0131ndan vatanda\u015flarla kar\u015f\u0131la\u015fan Se\u00e7er, her birinden il\u00e7elerine yapt\u0131klar\u0131 hizmetler dolay\u0131s\u0131yla te\u015fekk\u00fcr duydu. Ba\u015fkan Se\u00e7er&#8217;i g\u00f6ren vatanda\u015flar s\u0131k s\u0131k &#8220;Oyumuz sizinle. Seni istiyoruz&#8221; diyerek desteklerini g\u00f6sterirken, Se\u00e7er de g\u00f6sterilen ilgi ve destekten duydu\u011fu memnuniyeti dile getirdi. Se\u00e7er&#8217;i kar\u015f\u0131s\u0131nda g\u00f6ren ya\u015fl\u0131 bir kad\u0131n da kendisi i\u00e7in s\u0131k s\u0131k dua etti\u011fini s\u00f6yleyerek, &#8220;Seni \u00e7ok g\u00f6rmek istiyordum, iyi ki kar\u015f\u0131ma \u00e7\u0131kt\u0131n. Sa\u011fl\u0131kl\u0131, huzurlu bir \u00f6mr\u00fcn olsun. Engelim var, B\u00fcy\u00fck\u015fehir&#8217;in ekipleri geliyor yard\u0131m\u0131ma. \u00c7ok te\u015fekk\u00fcr ederim. Seni \u00e7ok seviyorum&#8221; diye konu\u015ftu. Ba\u015fkan Se\u00e7er de ihtiyac\u0131 olan her vatanda\u015f\u0131n her zaman yan\u0131nda olduklar\u0131n\u0131 belirterek iyi dilekleri i\u00e7in te\u015fekk\u00fcr etti.<\/p>\n<p>Ad\u0131yaman&#8217;dan gelen bir vatanda\u015f da, &#8220;Depremden geldim. Sen benim ba\u015fkan\u0131ms\u0131n. \u0130yi ki vars\u0131n. Ad\u0131yaman&#8217;a da geldin, bize yapt\u0131\u011f\u0131n hizmetleri herkes biliyor. Te\u015fekk\u00fcr ederim&#8221; dedi. Ziyaret sonras\u0131 Bar\u0131\u015f Mahallesi Muhtarl\u0131\u011f\u0131&#8217;n\u0131 da ziyaret eden Se\u00e7er, burada mahalle muhtarlar\u0131 ile sohbet etti.<\/p>\n","protected":false},"excerpt":{"rendered":"<p>Mersin B\u00fcy\u00fck\u015fehir Belediye Ba\u015fkan\u0131 Vahap Se\u00e7er, Akdeniz il\u00e7esinde bulunan Kiremithane Mahallesi Pazar Yeri&#8217;ni ziyaret etti. Pazar gezisi boyunca vatanda\u015flar\u0131n sevgi g\u00f6sterisinde bulundu\u011fu Se\u00e7er, hizmetlerine halk\u0131n deste\u011fiyle h\u0131z kesmeden devam edeceklerini belirtti. Ziyarette Ba\u015fkan Se\u00e7er&#8217;e; Cumhuriyet Halk Partisi (CHP) Akdeniz \u0130l\u00e7e Ba\u015fkan\u0131 Semih Palamut, CHP Akdeniz \u0130l\u00e7e Kad\u0131n Kollar\u0131 Ba\u015fkan\u0131 Nesime Teker Hazim, Mersin Pazarc\u0131lar Esnaf [&hellip;]<\/p>\n","protected":false},"author":2,"featured_media":30538,"comment_status":"open","ping_status":"open","sticky":false,"template":"","format":"standard","meta":{"footnotes":""},"categories":[3],"tags":[],"class_list":["post-30537","post","type-post","status-publish","format-standard","has-post-thumbnail","hentry","category-manset"],"views":2,"_links":{"self":[{"href":"https:\/\/mersinkadingazetesi.com\/index.php?rest_route=\/wp\/v2\/posts\/30537"}],"collection":[{"href":"https:\/\/mersinkadingazetesi.com\/index.php?rest_route=\/wp\/v2\/posts"}],"about":[{"href":"https:\/\/mersinkadingazetesi.com\/index.php?rest_route=\/wp\/v2\/types\/post"}],"author":[{"embeddable":true,"href":"https:\/\/mersinkadingazetesi.com\/index.php?rest_route=\/wp\/v2\/users\/2"}],"replies":[{"embeddable":true,"href":"https:\/\/mersinkadingazetesi.com\/index.php?rest_route=%2Fwp%2Fv2%2Fcomments&post=30537"}],"version-history":[{"count":0,"href":"https:\/\/mersinkadingazetesi.com\/index.php?rest_route=\/wp\/v2\/posts\/30537\/revisions"}],"wp:featuredmedia":[{"embeddable":true,"href":"https:\/\/mersinkadingazetesi.com\/index.php?rest_route=\/wp\/v2\/media\/30538"}],"wp:attachment":[{"href":"https:\/\/mersinkadingazetesi.com\/index.php?rest_route=%2Fwp%2Fv2%2Fmedia&parent=30537"}],"wp:term":[{"taxonomy":"category","embeddable":true,"href":"https:\/\/mersinkadingazetesi.com\/index.php?rest_route=%2Fwp%2Fv2%2Fcategories&post=30537"},{"taxonomy":"post_tag","embeddable":true,"href":"https:\/\/mersinkadingazetesi.com\/index.php?rest_route=%2Fwp%2Fv2%2Ftags&post=30537"}],"curies":[{"name":"wp","href":"https:\/\/api.w.org\/{rel}","templated":true}]}}