{"id":30540,"date":"2024-02-11T10:43:39","date_gmt":"2024-02-11T07:43:39","guid":{"rendered":"http:\/\/mersinkadingazetesi.com\/?p=30540"},"modified":"2024-02-11T10:43:39","modified_gmt":"2024-02-11T07:43:39","slug":"tarsus-esnafindan-baskan-bozdogana-sevgi-seli","status":"publish","type":"post","link":"https:\/\/mersinkadingazetesi.com\/?p=30540","title":{"rendered":"TARSUS ESNAFINDAN BA\u015eKAN BOZDO\u011eAN\u2019A SEVG\u0130 SEL\u0130"},"content":{"rendered":"<p>Esnaf ve hem\u015fehrileri ile bir araya gelerek ziyaretlerine devam eden Tarsus Belediye Ba\u015fkan\u0131 ve Memleket Partisi Belediye Ba\u015fkan Aday\u0131 Haluk Bozdo\u011fan, halk\u0131n yo\u011fun ilgisiyle kar\u015f\u0131la\u015f\u0131yor. Ba\u015fkan Bozdo\u011fan sabah\u0131n erken saatlerinden gece yar\u0131s\u0131na kadar halk ile bir araya gelerek g\u00f6n\u00fcllere dokunuyor.<\/p>\n<p>\u0130\u015fyerlerine ger\u00e7ekle\u015ftirdi\u011fi ziyarette, esnafa hay\u0131rl\u0131 i\u015fler ve bereketli kazan\u00e7lar dileyen Ba\u015fkan Bozdo\u011fan, esnaf ve vatanda\u015fla sohbet ederek talepleri dinliyor. Ba\u015fkan Bozdo\u011fan Adana Caddesi \u00fczerinden Demirkap\u0131 esnaflar\u0131na kadar, Killik Mevkinden, Sayk\u00f6y ve Kerimler Mahallesine kadar vatanda\u015flar ile bir araya geliyor. Ba\u015fkan Bozdo\u011fan pazar yeri ve ev toplant\u0131lar\u0131 ile de halka dokunuyor.  Ba\u015fkan Bozdo\u011fan\u2019a yapt\u0131\u011f\u0131 ziyaretlerde; Memleket Partisi Tarsus \u0130l\u00e7e Ba\u015fkan\u0131 \u00d6mer Yal\u00e7\u0131n ve parti \u00fcyeleri de e\u015flik etti.<\/p>\n<p>\u201cB\u0130ZLER MEMLEKET\u0130M\u0130Z\u0130N ESNAFININ YANINDA OLMAYA DEVAM EDECE\u011e\u0130Z\u201d<\/p>\n<p>Gen\u00e7, ya\u015fl\u0131 herkesin ilgi g\u00f6sterdi\u011fi Ba\u015fkan Bozdo\u011fan, Tarsus\u2019un geli\u015fmesinde \u00f6nemli rol oynayan esnafla yap\u0131lan isti\u015farenin \u00f6nemine vurgu yaparak, \u201cTarsus\u2019umuzu, esnaf\u0131m\u0131z ve vatanda\u015f\u0131m\u0131zla birlikte gelece\u011fe ta\u015f\u0131yoruz. Bug\u00fcn esnaflar\u0131m\u0131z\u0131 ziyaret ederek, enflasyona kar\u015f\u0131, hayat pahal\u0131l\u0131\u011f\u0131na; alt\u0131n\u0131n, Dolar\u2019\u0131n \u00f6nlenemez y\u00fckseli\u015fine kar\u015f\u0131 y\u00fckselen feryatlar\u0131n\u0131 dinledim. Tarsus esnaf\u0131, y\u00fczy\u0131llard\u0131r bu topraklarda, babadan o\u011fula koruduklar\u0131 miras\u0131 her \u015fartta ve ko\u015fulda korumay\u0131 bilerek, halk\u0131m\u0131za en iyi hizmeti vermeye \u00e7al\u0131\u015f\u0131yor yine. Bizler de memleketimizin esnaf\u0131n\u0131n yan\u0131nda olmaya, onlarla dayan\u0131\u015fma halinde olmaya d\u00fcn oldu\u011fu gibi bug\u00fcn de, yar\u0131n da devam edece\u011fiz\u2019\u2019 dedi.<\/p>\n<p>\u201cMEMLEKET\u0130M\u0130Z\u0130N HER KARI\u015e TOPRA\u011eI B\u0130Z\u0130M\u201d<\/p>\n<p>Pazarc\u0131 esnaflar\u0131 ile bir araya gelen Ba\u015fkan Bozdo\u011fan, \u201cBa\u011f\u0131n bah\u00e7enin, topra\u011f\u0131n narenciyenin \u015fehri Tarsus\u2019umuzda pazara giden vatanda\u015f\u0131m\u0131z da tezg\u00e2h\u0131n ba\u015f\u0131ndaki esnaf\u0131m\u0131z da mutsuz&#8230; Pazar arabas\u0131 bombo\u015f teyzemin, \u00f6\u011flene kadar siftah yapmam\u0131\u015f pazar esnaf\u0131 karde\u015fimle g\u00f6z g\u00f6ze gelmeden fiyatlara bakmas\u0131, geldi\u011fimiz durumun vahametini koyuyor g\u00f6zler \u00f6n\u00fcne. Memleketimden \u0130nsan Manzaralar\u0131 yorgun, mutsuz ama umutsuz de\u011fil&#8230; B\u00fcy\u00fck bir dayan\u0131\u015fma ve b\u00fcy\u00fck bir inan\u00e7la, yar\u0131na s\u0131ms\u0131k\u0131 bir \u015fekilde kenetlenece\u011fiz ve her ko\u015fulda her \u015fartta birlikte olmay\u0131 s\u00fcrd\u00fcrece\u011fiz. Memleketimizin her kar\u0131\u015f topra\u011f\u0131 bizim, bu hasret bizim. G\u00fczel \u015fehrimizin g\u00fczel insanlar\u0131n\u0131 selaml\u0131yorum\u201d ifadelerini kulland\u0131.<\/p>\n","protected":false},"excerpt":{"rendered":"<p>Esnaf ve hem\u015fehrileri ile bir araya gelerek ziyaretlerine devam eden Tarsus Belediye Ba\u015fkan\u0131 ve Memleket Partisi Belediye Ba\u015fkan Aday\u0131 Haluk Bozdo\u011fan, halk\u0131n yo\u011fun ilgisiyle kar\u015f\u0131la\u015f\u0131yor. Ba\u015fkan Bozdo\u011fan sabah\u0131n erken saatlerinden gece yar\u0131s\u0131na kadar halk ile bir araya gelerek g\u00f6n\u00fcllere dokunuyor. \u0130\u015fyerlerine ger\u00e7ekle\u015ftirdi\u011fi ziyarette, esnafa hay\u0131rl\u0131 i\u015fler ve bereketli kazan\u00e7lar dileyen Ba\u015fkan Bozdo\u011fan, esnaf ve vatanda\u015fla [&hellip;]<\/p>\n","protected":false},"author":2,"featured_media":30541,"comment_status":"open","ping_status":"open","sticky":false,"template":"","format":"standard","meta":{"footnotes":""},"categories":[2,3],"tags":[],"class_list":["post-30540","post","type-post","status-publish","format-standard","has-post-thumbnail","hentry","category-gundem","category-manset"],"views":8,"_links":{"self":[{"href":"https:\/\/mersinkadingazetesi.com\/index.php?rest_route=\/wp\/v2\/posts\/30540"}],"collection":[{"href":"https:\/\/mersinkadingazetesi.com\/index.php?rest_route=\/wp\/v2\/posts"}],"about":[{"href":"https:\/\/mersinkadingazetesi.com\/index.php?rest_route=\/wp\/v2\/types\/post"}],"author":[{"embeddable":true,"href":"https:\/\/mersinkadingazetesi.com\/index.php?rest_route=\/wp\/v2\/users\/2"}],"replies":[{"embeddable":true,"href":"https:\/\/mersinkadingazetesi.com\/index.php?rest_route=%2Fwp%2Fv2%2Fcomments&post=30540"}],"version-history":[{"count":0,"href":"https:\/\/mersinkadingazetesi.com\/index.php?rest_route=\/wp\/v2\/posts\/30540\/revisions"}],"wp:featuredmedia":[{"embeddable":true,"href":"https:\/\/mersinkadingazetesi.com\/index.php?rest_route=\/wp\/v2\/media\/30541"}],"wp:attachment":[{"href":"https:\/\/mersinkadingazetesi.com\/index.php?rest_route=%2Fwp%2Fv2%2Fmedia&parent=30540"}],"wp:term":[{"taxonomy":"category","embeddable":true,"href":"https:\/\/mersinkadingazetesi.com\/index.php?rest_route=%2Fwp%2Fv2%2Fcategories&post=30540"},{"taxonomy":"post_tag","embeddable":true,"href":"https:\/\/mersinkadingazetesi.com\/index.php?rest_route=%2Fwp%2Fv2%2Ftags&post=30540"}],"curies":[{"name":"wp","href":"https:\/\/api.w.org\/{rel}","templated":true}]}}