{"id":30543,"date":"2024-02-11T10:46:38","date_gmt":"2024-02-11T07:46:38","guid":{"rendered":"http:\/\/mersinkadingazetesi.com\/?p=30543"},"modified":"2024-02-11T10:46:38","modified_gmt":"2024-02-11T07:46:38","slug":"baskan-abdullah-ozyigit-kentimizi-de-kentimize-hizmet-etmeyi-de-seviyoruz","status":"publish","type":"post","link":"https:\/\/mersinkadingazetesi.com\/?p=30543","title":{"rendered":"Ba\u015fkan Abdullah \u00d6zyi\u011fit \u201cKentimizi de kentimize hizmet etmeyi de seviyoruz\u201d"},"content":{"rendered":"<p>Yeni\u015fehir Belediye Ba\u015fkan\u0131 ve Cumhuriyet Halk Partisi(CHP) Yeni\u015fehir Belediye Ba\u015fkan Aday\u0131 Abdullah \u00d6zyi\u011fit, CHP Grup Ba\u015fkanvekili ve Mersin Milletvekili Ali Mahir Ba\u015far\u0131r ile birlikte Yeni\u015fehir\u2019de vatanda\u015flarla bir araya geldi.<br \/>\nYeni\u015fehir\u2019in en yo\u011fun b\u00f6lgelerinden olan Alanya Soka\u011f\u0131 ve Forum AVM civar\u0131nda vatanda\u015flarla bulu\u015fan Yeni\u015fehir Belediye Ba\u015fkan\u0131 ve CHP Yeni\u015fehir Belediye Ba\u015fkan Aday\u0131 Abdullah \u00d6zyi\u011fit ile CHP Grup Ba\u015fkanvekili ve Mersin Milletvekili Ali Mahir Ba\u015far\u0131r\u2019a, CHP Mezitli \u0130l\u00e7e Ba\u015fkan\u0131 Ula\u015f Y\u0131lmaz, CHP Mezitli Belediye Ba\u015fkan Aday\u0131 Ahmet Serkan Tuncer ve CHP Tarsus Belediye Ba\u015fkan Aday\u0131 Ali Bolta\u00e7 da e\u015flik etti. B\u00f6lgedeki esnaflar ve vatanda\u015flarla tek tek sohbet eden Ba\u015fkan Abdullah \u00d6zyi\u011fit ve CHP Grup Ba\u015fkanvekili Ali Mahir Ba\u015far\u0131r, Yeni\u015fehirlilerin yo\u011fun ilgisiyle kar\u015f\u0131la\u015ft\u0131.  Yeni\u015fehir\u2019in geli\u015fmeye devam edece\u011fini ifade eden ve desteklerinden dolay\u0131 Yeni\u015fehir halk\u0131na te\u015fekk\u00fcr eden Ba\u015fkan \u00d6zyi\u011fit, \u201cGeride b\u0131rakt\u0131\u011f\u0131m\u0131z 5 y\u0131lda Yeni\u015fehir\u2019de \u00f6nemli i\u015fler ba\u015fard\u0131k, ilkelere imza att\u0131k.  Sanattan spora, e\u011fitimden ekolojiye ve elbette sosyal belediyecilik \u00e7al\u0131\u015fmalar\u0131m\u0131zla hem\u015fehrilerimizin yan\u0131nda olduk. Yeni\u015fehir T\u00fcrkiye\u2019nin en geli\u015fmi\u015f il\u00e7eleri kategorisinde. Yeni\u015fehir geli\u015fmeye devam edecek, Gazi Mustafa Kemal Atat\u00fcrk\u2019\u00fcn ilkelerine ba\u011fl\u0131 kalarak kentimizi daha da ileriye ta\u015f\u0131yaca\u011f\u0131z. Kentimizi de kentimize hizmet etmeyi de seviyoruz. Yeni\u015fehirli hem\u015fehrilerime desteklerinden dolay\u0131 te\u015fekk\u00fcr ediyorum.\u201d dedi. <\/p>\n","protected":false},"excerpt":{"rendered":"<p>Yeni\u015fehir Belediye Ba\u015fkan\u0131 ve Cumhuriyet Halk Partisi(CHP) Yeni\u015fehir Belediye Ba\u015fkan Aday\u0131 Abdullah \u00d6zyi\u011fit, CHP Grup Ba\u015fkanvekili ve Mersin Milletvekili Ali Mahir Ba\u015far\u0131r ile birlikte Yeni\u015fehir\u2019de vatanda\u015flarla bir araya geldi. Yeni\u015fehir\u2019in en yo\u011fun b\u00f6lgelerinden olan Alanya Soka\u011f\u0131 ve Forum AVM civar\u0131nda vatanda\u015flarla bulu\u015fan Yeni\u015fehir Belediye Ba\u015fkan\u0131 ve CHP Yeni\u015fehir Belediye Ba\u015fkan Aday\u0131 Abdullah \u00d6zyi\u011fit ile CHP [&hellip;]<\/p>\n","protected":false},"author":2,"featured_media":30544,"comment_status":"open","ping_status":"open","sticky":false,"template":"","format":"standard","meta":{"footnotes":""},"categories":[3,5],"tags":[],"class_list":["post-30543","post","type-post","status-publish","format-standard","has-post-thumbnail","hentry","category-manset","category-mersin"],"views":0,"_links":{"self":[{"href":"https:\/\/mersinkadingazetesi.com\/index.php?rest_route=\/wp\/v2\/posts\/30543"}],"collection":[{"href":"https:\/\/mersinkadingazetesi.com\/index.php?rest_route=\/wp\/v2\/posts"}],"about":[{"href":"https:\/\/mersinkadingazetesi.com\/index.php?rest_route=\/wp\/v2\/types\/post"}],"author":[{"embeddable":true,"href":"https:\/\/mersinkadingazetesi.com\/index.php?rest_route=\/wp\/v2\/users\/2"}],"replies":[{"embeddable":true,"href":"https:\/\/mersinkadingazetesi.com\/index.php?rest_route=%2Fwp%2Fv2%2Fcomments&post=30543"}],"version-history":[{"count":0,"href":"https:\/\/mersinkadingazetesi.com\/index.php?rest_route=\/wp\/v2\/posts\/30543\/revisions"}],"wp:featuredmedia":[{"embeddable":true,"href":"https:\/\/mersinkadingazetesi.com\/index.php?rest_route=\/wp\/v2\/media\/30544"}],"wp:attachment":[{"href":"https:\/\/mersinkadingazetesi.com\/index.php?rest_route=%2Fwp%2Fv2%2Fmedia&parent=30543"}],"wp:term":[{"taxonomy":"category","embeddable":true,"href":"https:\/\/mersinkadingazetesi.com\/index.php?rest_route=%2Fwp%2Fv2%2Fcategories&post=30543"},{"taxonomy":"post_tag","embeddable":true,"href":"https:\/\/mersinkadingazetesi.com\/index.php?rest_route=%2Fwp%2Fv2%2Ftags&post=30543"}],"curies":[{"name":"wp","href":"https:\/\/api.w.org\/{rel}","templated":true}]}}