{"id":30549,"date":"2024-02-11T10:49:46","date_gmt":"2024-02-11T07:49:46","guid":{"rendered":"http:\/\/mersinkadingazetesi.com\/?p=30549"},"modified":"2024-02-11T10:49:46","modified_gmt":"2024-02-11T07:49:46","slug":"gultak-akdenizin-sahlanisi-yeni-donemde-de-surecek","status":"publish","type":"post","link":"https:\/\/mersinkadingazetesi.com\/?p=30549","title":{"rendered":"G\u00dcLTAK; \u201cAKDEN\u0130Z\u2019\u0130N \u015eAHLANI\u015eI YEN\u0130 D\u00d6NEMDE DE S\u00dcRECEK\u201d"},"content":{"rendered":"<p>Akdeniz\u2019de; sadece 5 y\u0131ll\u0131k g\u00f6rev s\u00fcresi i\u00e7inde Mersin ile Ankara aras\u0131nda adeta mekik dokuyan, bu sayede Merkezi H\u00fck\u00fcmetin ve Bakanl\u0131klar\u0131n deste\u011fi ile il\u00e7eye bir\u00e7ok hizmet, proje ve yat\u0131r\u0131m\u0131n kazand\u0131r\u0131lmas\u0131n\u0131 sa\u011flayan Akdeniz Belediye Ba\u015fkan\u0131 M. Mustafa G\u00fcltak; \u201cMerkezi H\u00fck\u00fcmet ile yerelde sa\u011flad\u0131\u011f\u0131m\u0131z g\u00fc\u00e7 birli\u011fi sayesinde Akdeniz \u015fahland\u0131 ve inan\u0131yorum ki bu y\u00fckseli\u015f, yeni d\u00f6nemde de h\u0131zla ve kesintisiz devam edecek\u201d dedi.<\/p>\n<p>Akdeniz Belediye Ba\u015fkan\u0131 M. Mustafa G\u00fcltak, bir dizi temas ve ziyaretlerde bulunmak \u00fczere Mersin\u2019e gelen Tar\u0131m ve Orman Bakan\u0131 \u0130brahim Yumakl\u0131 ile birlikte, M\u00dcS\u0130AD taraf\u0131ndan \u2018Topraktan Gelece\u011fe\u2019 slogan\u0131yla d\u00fczenlenen \u201cT\u00fcrkiye Y\u00fczy\u0131l\u0131nda \u00dcretim Zirvesi\u201d konulu toplant\u0131ya kat\u0131ld\u0131. Zirvenin ard\u0131ndan Bakan Yumakl\u0131, Ba\u015fkan G\u00fcltak ve beraberlerindeki heyet, Akdeniz Belediyesi\u2019nin geleneksel hale getirdi\u011fi bal\u0131k festivali ile ad\u0131n\u0131 art\u0131k t\u00fcm d\u00fcnyan\u0131n bildi\u011fi \u015firin bir bal\u0131k\u00e7\u0131 kasabas\u0131 olan Karaduvar Mahallesi\u2019ne ge\u00e7ti.<\/p>\n<p>\u201cAkdeniz\u2019i \u015faha kald\u0131r\u0131yoruz\u201d<\/p>\n<p>B\u00f6lgeyi ziyaretinde, Akdeniz\u2019de 5 y\u0131ll\u0131k hizmet s\u00fcrecine ili\u015fkin k\u0131sa bir de\u011ferlendirme yapan Ba\u015fkan G\u00fcltak; \u201cKaraduvar Mahallemizin, denizcilikte \u00f6nemli rotalar aras\u0131na yer almas\u0131n\u0131 sa\u011flayacak olan Bal\u0131k\u00e7\u0131 Liman\u0131 Projesi ile kapasite ve i\u015flevselli\u011fi artacak yap\u0131lacak, yap\u0131lacak de\u011fi\u015fiklik ve yeniliklerle daha b\u00fcy\u00fck gemiler art\u0131k bu limana yana\u015fabilecek. <\/p>\n<p>Di\u011fer yandan \u00c7aml\u0131bel Su Sporlar\u0131 Merkezi Projesi, bereketli topraklar\u0131m\u0131za kad\u0131nlar\u0131n elinin de\u011fdi\u011fi \u00f6zel projelerimiz, ata tohumu \u00fcretimi, gen\u00e7lerimiz ve \u00e7ocuklar\u0131m\u0131z\u0131n e\u011fitimine sa\u011flad\u0131\u011f\u0131m\u0131z destekler, spor yat\u0131r\u0131mlar\u0131m\u0131z, gen\u00e7lere ve kad\u0131nlara y\u00f6nelik meslek edindirme projelerimiz ve istihdamlar\u0131n\u0131n artt\u0131r\u0131lmas\u0131na y\u00f6nelik \u00f6rnek projelerimiz ve daha nice hizmetlerimiz sayesinde Akdeniz\u2019i \u015faha kald\u0131r\u0131yoruz\u201d diye konu\u015ftu.<\/p>\n<p>\u201cAkdeniz\u2019in kaybolan y\u0131llar\u0131n\u0131 hizmetlerle ta\u00e7land\u0131r\u0131yoruz\u201d<\/p>\n<p>Yerel y\u00f6netimler ile merkezi h\u00fck\u00fcmetin i\u015f birli\u011fi i\u00e7erisinde olmas\u0131n\u0131n \u00f6nemine de de\u011finen Ba\u015fkan Mustafa G\u00fcltak; \u201cMerkezi h\u00fck\u00fcmetimizle ger\u00e7ekle\u015ftirdi\u011fimiz g\u00fc\u00e7l\u00fc i\u015f birli\u011fi sayesinde Akdeniz il\u00e7emizi hak etti\u011fi ve lay\u0131k oldu\u011fu yerlere kararl\u0131l\u0131kla ta\u015f\u0131yoruz. Akdeniz\u2019in kay\u0131p y\u0131llar\u0131n\u0131, h\u00fck\u00fcmetimizin deste\u011fi, bizlerin vizyonu ve kararl\u0131l\u0131\u011f\u0131yla eser ve hizmet siyaseti ile ta\u00e7land\u0131r\u0131yoruz. <\/p>\n<p>Karaduvar Sahil D\u00fczenlemesi, 3 taraf\u0131 denizlerle \u00e7evrili T\u00fcrkiye\u2019nin en g\u00fczel Millet Bah\u00e7esi, etap etap b\u00fcy\u00fcyen Akdeniz\u2019in ilk ve tek kentsek d\u00f6n\u00fc\u015f\u00fcm projeleri ile Akdeniz\u2019i lay\u0131k oldu\u011fu zirveye ta\u015f\u0131yoruz. Art\u0131k hi\u00e7 kimse daha \u00f6nce kapat\u0131ld\u0131\u011f\u0131 kabu\u011fun i\u00e7erisinde tutamaz\u201d ifadelerini kulland\u0131.<\/p>\n<p>\u201cBar\u0131\u015f, huzur ve karde\u015flik yeniden kazanacak, gelece\u011fe yolculu\u011fumuz s\u00fcrecek\u201d<\/p>\n<p>Akdeniz\u2019de yeni d\u00f6nemde hizmet ve projelerle hayat\u0131n her alan\u0131nda \u015faha kald\u0131racaklar\u0131n\u0131n alt\u0131n\u0131 \u00e7izen Ba\u015fkan G\u00fcltak; \u201cAkdeniz\u2019e dair \u00f6zel ilgi ve desteklerini esirgemeyen Say\u0131n Cumhurba\u015fkan\u0131m\u0131z Recep Tayyip Erdo\u011fan\u2019a, de\u011ferli Bakanlar\u0131m\u0131z ve k\u0131ymetli Milletvekillerimize \u00e7ok te\u015fekk\u00fcr ediyorum. Yeni d\u00f6nemde tarihi yat\u0131r\u0131mlarla Akdeniz\u2019in gelece\u011fe yolculu\u011fu kesintisiz \u015fekilde ve h\u0131zla s\u00fcrecek. Akdeniz\u2019de yine, yeniden, bar\u0131\u015f, karde\u015flik ve huzur kazanacak. Akdeniz\u2019de yine, yeniden, \u00e7ocuklar, gen\u00e7ler, kad\u0131nlar kazanacak. Akdeniz\u2019de kaybeden olmayacak, hepimiz kazanaca\u011f\u0131z\u201d \u015feklinde konu\u015ftu.<\/p>\n","protected":false},"excerpt":{"rendered":"<p>Akdeniz\u2019de; sadece 5 y\u0131ll\u0131k g\u00f6rev s\u00fcresi i\u00e7inde Mersin ile Ankara aras\u0131nda adeta mekik dokuyan, bu sayede Merkezi H\u00fck\u00fcmetin ve Bakanl\u0131klar\u0131n deste\u011fi ile il\u00e7eye bir\u00e7ok hizmet, proje ve yat\u0131r\u0131m\u0131n kazand\u0131r\u0131lmas\u0131n\u0131 sa\u011flayan Akdeniz Belediye Ba\u015fkan\u0131 M. Mustafa G\u00fcltak; \u201cMerkezi H\u00fck\u00fcmet ile yerelde sa\u011flad\u0131\u011f\u0131m\u0131z g\u00fc\u00e7 birli\u011fi sayesinde Akdeniz \u015fahland\u0131 ve inan\u0131yorum ki bu y\u00fckseli\u015f, yeni d\u00f6nemde de h\u0131zla [&hellip;]<\/p>\n","protected":false},"author":2,"featured_media":30550,"comment_status":"open","ping_status":"open","sticky":false,"template":"","format":"standard","meta":{"footnotes":""},"categories":[34,2,3,5,6],"tags":[],"class_list":["post-30549","post","type-post","status-publish","format-standard","has-post-thumbnail","hentry","category-flas-haber","category-gundem","category-manset","category-mersin","category-siyaset-2"],"views":9,"_links":{"self":[{"href":"https:\/\/mersinkadingazetesi.com\/index.php?rest_route=\/wp\/v2\/posts\/30549"}],"collection":[{"href":"https:\/\/mersinkadingazetesi.com\/index.php?rest_route=\/wp\/v2\/posts"}],"about":[{"href":"https:\/\/mersinkadingazetesi.com\/index.php?rest_route=\/wp\/v2\/types\/post"}],"author":[{"embeddable":true,"href":"https:\/\/mersinkadingazetesi.com\/index.php?rest_route=\/wp\/v2\/users\/2"}],"replies":[{"embeddable":true,"href":"https:\/\/mersinkadingazetesi.com\/index.php?rest_route=%2Fwp%2Fv2%2Fcomments&post=30549"}],"version-history":[{"count":0,"href":"https:\/\/mersinkadingazetesi.com\/index.php?rest_route=\/wp\/v2\/posts\/30549\/revisions"}],"wp:featuredmedia":[{"embeddable":true,"href":"https:\/\/mersinkadingazetesi.com\/index.php?rest_route=\/wp\/v2\/media\/30550"}],"wp:attachment":[{"href":"https:\/\/mersinkadingazetesi.com\/index.php?rest_route=%2Fwp%2Fv2%2Fmedia&parent=30549"}],"wp:term":[{"taxonomy":"category","embeddable":true,"href":"https:\/\/mersinkadingazetesi.com\/index.php?rest_route=%2Fwp%2Fv2%2Fcategories&post=30549"},{"taxonomy":"post_tag","embeddable":true,"href":"https:\/\/mersinkadingazetesi.com\/index.php?rest_route=%2Fwp%2Fv2%2Ftags&post=30549"}],"curies":[{"name":"wp","href":"https:\/\/api.w.org\/{rel}","templated":true}]}}