{"id":30575,"date":"2024-02-12T12:46:02","date_gmt":"2024-02-12T09:46:02","guid":{"rendered":"http:\/\/mersinkadingazetesi.com\/?p=30575"},"modified":"2024-02-12T12:46:02","modified_gmt":"2024-02-12T09:46:02","slug":"mhp-mersin-milletvekili-dr-levent-uysal-tarsusta-canlarin-hizir-lokmasini-paylasti","status":"publish","type":"post","link":"https:\/\/mersinkadingazetesi.com\/?p=30575","title":{"rendered":"MHP MERS\u0130N M\u0130LLETVEK\u0130L\u0130 DR. LEVENT UYSAL TARSUS\u2019TA CANLARIN HIZIR LOKMASINI PAYLA\u015eTI"},"content":{"rendered":"<p>Milliyet\u00e7i Hareket Partisi Mersin Milletvekili Dr. Levent Uysal, Tarsus Cemevi taraf\u0131ndan d\u00fczenlenen \u201cH\u0131z\u0131r Kurban\u0131 ve Cem Erkan\u0131\u201d etkinli\u011fine kat\u0131ld\u0131. Milletvekili Uysal \u201cAlevi canlar\u0131m\u0131z\u0131n, karde\u015flerimizin y\u0131l\u0131n \u015fubat ay\u0131nda tuttuklar\u0131 H\u0131z\u0131r oru\u00e7lar\u0131 kabul olsun. Canlar\u0131m\u0131z\u0131n lokmalar\u0131n\u0131 b\u00f6l\u00fc\u015ft\u00fck, cemine ortak olduk. Hak kabul etsin.\u201d \u015feklinde konu\u015ftu.<br \/>\nHer y\u0131l\u0131n \u015fubat ay\u0131 i\u00e7erisinde tutulan \u201cH\u0131z\u0131r Orucu\u201d \u00f6zellikle Alevi-Bekta\u015fi canlar taraf\u0131ndan tutuluyor. H\u0131z\u0131r orucunda yard\u0131mla\u015fma ve dayan\u0131\u015fma daha \u00e7ok \u00f6nem kazan\u0131yor. Tarsus Cemevi taraf\u0131ndan organize edilen \u201cH\u0131z\u0131r Kurban\u0131 ve Cem Erkan\u0131\u201d h\u0131z\u0131r lokmas\u0131 program\u0131na Milliyet\u00e7i Hareket Partisi Mersin Milletvekili Dr. Levent Uysal da kat\u0131larak canlar\u0131n orucuna ortak oldu. \u201c\u00c7ocuklar\u0131m\u0131za helal lokma yedirebilmek, hepimizin \u00f6nceli\u011fi olmal\u0131\u201d diyerek s\u00f6zlerine ba\u015flayan Uysal \u015f\u00f6yle devam etti;<br \/>\n\u201cAziz canlar, yemi\u015f oldu\u011fumuz lokman\u0131n helalini nasip etsin Y\u00fcce Allah. \u00c7ocuklar\u0131m\u0131za helal lokma yedirmek, helal para kazanmak hepimizin \u00f6nceli\u011fi olmal\u0131. H\u0131z\u0131r; bolluk berekettir, tez yeti\u015fen ve yard\u0131m edendir. Bir lokma ekme\u011fi b\u00f6l\u00fc\u015fmenin k\u0131ymetini bu m\u00fcbarek g\u00fcnde daha iyi anlamal\u0131y\u0131z. Mersin \u00f6yle birle\u015ftirici bir kent ki her millet, her inan\u00e7 i\u00e7 i\u00e7e bar\u0131\u015f ortam\u0131nda ya\u015f\u0131yor. Bu birlik bize g\u00fc\u00e7 veriyor. H\u0131z\u0131r ay\u0131 ve orucu, kutsal Anadolu topraklar\u0131nda ya\u015fayan inan\u00e7lar ve kimlikler aras\u0131nda bar\u0131\u015fa, dostlu\u011fa, sevgiye ve ho\u015fg\u00f6r\u00fcye vesile olsun. Y\u00fcre\u011finde hakk\u0131 ya\u015fatan t\u00fcm canlar\u0131n edilen dualar\u0131 Hak kat\u0131nda kabul olsun. Kul darda kalmay\u0131nca H\u0131z\u0131r yeti\u015fmezmi\u015f. Sen yeti\u015f dertlerimize ya H\u0131z\u0131r.\u201d  <\/p>\n","protected":false},"excerpt":{"rendered":"<p>Milliyet\u00e7i Hareket Partisi Mersin Milletvekili Dr. Levent Uysal, Tarsus Cemevi taraf\u0131ndan d\u00fczenlenen \u201cH\u0131z\u0131r Kurban\u0131 ve Cem Erkan\u0131\u201d etkinli\u011fine kat\u0131ld\u0131. Milletvekili Uysal \u201cAlevi canlar\u0131m\u0131z\u0131n, karde\u015flerimizin y\u0131l\u0131n \u015fubat ay\u0131nda tuttuklar\u0131 H\u0131z\u0131r oru\u00e7lar\u0131 kabul olsun. Canlar\u0131m\u0131z\u0131n lokmalar\u0131n\u0131 b\u00f6l\u00fc\u015ft\u00fck, cemine ortak olduk. Hak kabul etsin.\u201d \u015feklinde konu\u015ftu. Her y\u0131l\u0131n \u015fubat ay\u0131 i\u00e7erisinde tutulan \u201cH\u0131z\u0131r Orucu\u201d \u00f6zellikle Alevi-Bekta\u015fi canlar taraf\u0131ndan [&hellip;]<\/p>\n","protected":false},"author":2,"featured_media":30576,"comment_status":"open","ping_status":"open","sticky":false,"template":"","format":"standard","meta":{"footnotes":""},"categories":[2,3,5],"tags":[],"class_list":["post-30575","post","type-post","status-publish","format-standard","has-post-thumbnail","hentry","category-gundem","category-manset","category-mersin"],"views":16,"_links":{"self":[{"href":"https:\/\/mersinkadingazetesi.com\/index.php?rest_route=\/wp\/v2\/posts\/30575"}],"collection":[{"href":"https:\/\/mersinkadingazetesi.com\/index.php?rest_route=\/wp\/v2\/posts"}],"about":[{"href":"https:\/\/mersinkadingazetesi.com\/index.php?rest_route=\/wp\/v2\/types\/post"}],"author":[{"embeddable":true,"href":"https:\/\/mersinkadingazetesi.com\/index.php?rest_route=\/wp\/v2\/users\/2"}],"replies":[{"embeddable":true,"href":"https:\/\/mersinkadingazetesi.com\/index.php?rest_route=%2Fwp%2Fv2%2Fcomments&post=30575"}],"version-history":[{"count":0,"href":"https:\/\/mersinkadingazetesi.com\/index.php?rest_route=\/wp\/v2\/posts\/30575\/revisions"}],"wp:featuredmedia":[{"embeddable":true,"href":"https:\/\/mersinkadingazetesi.com\/index.php?rest_route=\/wp\/v2\/media\/30576"}],"wp:attachment":[{"href":"https:\/\/mersinkadingazetesi.com\/index.php?rest_route=%2Fwp%2Fv2%2Fmedia&parent=30575"}],"wp:term":[{"taxonomy":"category","embeddable":true,"href":"https:\/\/mersinkadingazetesi.com\/index.php?rest_route=%2Fwp%2Fv2%2Fcategories&post=30575"},{"taxonomy":"post_tag","embeddable":true,"href":"https:\/\/mersinkadingazetesi.com\/index.php?rest_route=%2Fwp%2Fv2%2Ftags&post=30575"}],"curies":[{"name":"wp","href":"https:\/\/api.w.org\/{rel}","templated":true}]}}