{"id":30588,"date":"2024-02-12T16:54:30","date_gmt":"2024-02-12T13:54:30","guid":{"rendered":"http:\/\/mersinkadingazetesi.com\/?p=30588"},"modified":"2024-02-12T16:54:30","modified_gmt":"2024-02-12T13:54:30","slug":"soydan-mersinin-kaybedecek-5-yili-daha-yok","status":"publish","type":"post","link":"https:\/\/mersinkadingazetesi.com\/?p=30588","title":{"rendered":"SOYDAN: &#8220;MERS\u0130N&#8217;\u0130N KAYBEDECEK 5 YILI DAHA YOK&#8221;"},"content":{"rendered":"<p>Cumhur \u0130ttifak\u0131 Mersin B\u00fcy\u00fck\u015fehir Belediye Ba\u015fkan Aday\u0131 Serdar Soydan, Anamur, Ayd\u0131nc\u0131k ve Bozyaz\u0131 il\u00e7elerine \u00e7\u0131karma yapt\u0131. Halk\u0131n yo\u011fun ilgisi ile kar\u015f\u0131lanan Soydan, il\u00e7edeki sorunlar\u0131 da yerinde inceleyerek, &#8220;Dersimize \u00e7ok iyi \u00e7al\u0131\u015ft\u0131k. B\u00f6lgedeki i\u00e7me suyu, altyap\u0131 ve kanalizasyon sorunlar\u0131n\u0131n fark\u0131nday\u0131z. Mersin&#8217;in kaybedecek 5 y\u0131l\u0131 daha yok&#8221; dedi.<\/p>\n<p>Her ya\u015ftan vatanda\u015f\u0131n yo\u011fun ilgi ve sevgisi ile kar\u015f\u0131lanan Cumhur \u0130ttifak\u0131 Mersin B\u00fcy\u00fck\u015fehir Belediye Ba\u015fkan Aday\u0131 Serdar Soydan, Anamur, Ayd\u0131nc\u0131k ve Bozyaz\u0131&#8217;da esnaf ve vatanda\u015flarla bir araya gelerek taleplerini dinledi. Mersin&#8217;i de\u011fi\u015ftirecek, temel sorunlara \u00e7\u00f6z\u00fcm bulunacak nefes ald\u0131racak hizmetlerinden de s\u00f6z eden Serdar Soydan, 2024 y\u0131l\u0131 yerel se\u00e7imleri i\u00e7in destek istedi. \u0130l\u00e7e gezilerinde Soydan&#8217;a Anamur Belediye Ba\u015fkan\u0131 Hidayet K\u0131l\u0131n\u00e7, Cumhur \u0130ttifak\u0131 il ve il\u00e7e y\u00f6neticileri ile b\u00f6lgedeki muhtarlar da e\u015flik etti.<\/p>\n<p>&#8220;B\u00d6LGEDEK\u0130 EN B\u00dcY\u00dcK SORUN \u0130\u00c7ME SUYU&#8221;<\/p>\n<p>Serdar Soydan, Anamur&#8217;da yapt\u0131\u011f\u0131 konu\u015fmada &#8220;\u0130kinci b\u00f6lgemizdeki sorunlara \u00e7\u00f6z\u00fcm bulmal\u0131y\u0131z. Anamur&#8217;daki i\u00e7me suyu problemini hepimiz biliyoruz. Su bizim temel ihtiyac\u0131m\u0131z. Sadece burada de\u011fil Bozyaz\u0131 ve Ayd\u0131nc\u0131k da ayn\u0131 dertten muzdarip. Bu konuda \u00e7al\u0131\u015fmalar\u0131n h\u0131z kazanmas\u0131 gerekiyor. \u00d6te yandan Anamur&#8217;da d\u00fc\u015f\u00fcr\u00fclen yol a\u011f\u0131 konusunda da h\u0131z kazanaca\u011f\u0131z. Bizimle birlikte o yollar tekrardan geni\u015fleyecek ve asfaltlanmayan yollar kalmayacak&#8221; dedi.<\/p>\n<p>&#8220;G\u00d6REV\u0130M\u0130Z\u0130 ORTAK AKIL VE B\u0130L\u0130MLE YAPACA\u011eIZ&#8221;<\/p>\n<p>Anamur&#8217;da hal kompleksinin tamamlanmas\u0131 gerekti\u011fine de dikkat \u00e7eken Soydan, &#8220;G\u00f6reve gelmemiz halinde bu konuda da h\u0131zl\u0131 hareket edece\u011fimizin ve ma\u011fduriyeti sona erdirece\u011fimizin bilinmesini isterim. Ayr\u0131ca talepleri dinleyince bizim Anamur&#8217;a bir k\u00fclt\u00fcr merkezi bir de otogar borcumuz oldu\u011fu g\u00f6r\u00fcl\u00fcyor. \u0130sti\u015fare halinde, ortak ak\u0131l ve bilimle bu g\u00f6revimizi de ifa edece\u011fiz. Ayd\u0131nc\u0131k&#8217;taki alt yap\u0131 problemi ve ar\u0131tma sisteminin hayata ge\u00e7mesi i\u00e7in de incelikle \u00e7al\u0131\u015f\u0131yoruz. Bu b\u00f6lgede sosyal projeler noktas\u0131nda hissedilen eksikli\u011fi de giderece\u011fiz. Biz durmuyoruz. Ekibimizle birlikte il\u00e7e il\u00e7e, k\u00f6y k\u00f6y dola\u015farak b\u00f6lgenin \u00f6nceli\u011fini s\u0131ral\u0131yoruz. \u00c7\u00f6z\u00fcm odakl\u0131y\u0131z. Geliyoruz&#8221; diye konu\u015ftu.<\/p>\n<p>&#8220;B\u0130R KES\u0130M\u0130N DE\u011e\u0130L HERKES\u0130N BA\u015eKANI OLACA\u011eIM&#8221;<\/p>\n<p>&#8220;Biz dersimize \u00e7ok iyi \u00e7al\u0131\u015ft\u0131k&#8221; diyen Soydan, &#8220;Ezberlenmi\u015f c\u00fcmlelerle kar\u015f\u0131n\u0131zda de\u011filiz. E\u011fer bu kadim kentimizde ba\u015far\u0131 istiyorsak il\u00e7e belediyesi, b\u00fcy\u00fck\u015fehir belediyesi ve merkezi h\u00fck\u00fcmetinin koordineli bir \u015fekilde tek y\u00fcrek olmas\u0131 gerekiyor. Bu 3 sacaya\u011f\u0131n\u0131 tamamlarsak Mersin&#8217;in d\u00f6rt bir k\u00f6\u015fesi hizmetle tan\u0131\u015facak. Sadece bir sahil band\u0131na hapsedilmi\u015f yinelenmi\u015f \u00e7al\u0131\u015fmalar yapmak, en temelde Mersin&#8217;i bir\u00e7ok \u015feyden mahrum b\u0131rakmak anlam\u0131na geliyor. Mersin&#8217;in sosyal hayat\u0131n\u0131 esaretten kurtaraca\u011f\u0131z. Bu d\u00fc\u015f\u00fcnce yap\u0131s\u0131ndan ivedilikle uzakla\u015f\u0131lmas\u0131 gerekiyor. Biz her b\u00f6lgeye, her mahalleye, her kesime ula\u015fma hedefindeyiz. Bir kesimin de\u011fil, herkesin belediye ba\u015fkan\u0131 olmak gayesiyle yola \u00e7\u0131kt\u0131k&#8221; ifadelerini kulland\u0131.<\/p>\n","protected":false},"excerpt":{"rendered":"<p>Cumhur \u0130ttifak\u0131 Mersin B\u00fcy\u00fck\u015fehir Belediye Ba\u015fkan Aday\u0131 Serdar Soydan, Anamur, Ayd\u0131nc\u0131k ve Bozyaz\u0131 il\u00e7elerine \u00e7\u0131karma yapt\u0131. Halk\u0131n yo\u011fun ilgisi ile kar\u015f\u0131lanan Soydan, il\u00e7edeki sorunlar\u0131 da yerinde inceleyerek, &#8220;Dersimize \u00e7ok iyi \u00e7al\u0131\u015ft\u0131k. B\u00f6lgedeki i\u00e7me suyu, altyap\u0131 ve kanalizasyon sorunlar\u0131n\u0131n fark\u0131nday\u0131z. Mersin&#8217;in kaybedecek 5 y\u0131l\u0131 daha yok&#8221; dedi. Her ya\u015ftan vatanda\u015f\u0131n yo\u011fun ilgi ve sevgisi ile kar\u015f\u0131lanan [&hellip;]<\/p>\n","protected":false},"author":2,"featured_media":30589,"comment_status":"open","ping_status":"open","sticky":false,"template":"","format":"standard","meta":{"footnotes":""},"categories":[2,3,5,6],"tags":[],"class_list":["post-30588","post","type-post","status-publish","format-standard","has-post-thumbnail","hentry","category-gundem","category-manset","category-mersin","category-siyaset-2"],"views":4,"_links":{"self":[{"href":"https:\/\/mersinkadingazetesi.com\/index.php?rest_route=\/wp\/v2\/posts\/30588"}],"collection":[{"href":"https:\/\/mersinkadingazetesi.com\/index.php?rest_route=\/wp\/v2\/posts"}],"about":[{"href":"https:\/\/mersinkadingazetesi.com\/index.php?rest_route=\/wp\/v2\/types\/post"}],"author":[{"embeddable":true,"href":"https:\/\/mersinkadingazetesi.com\/index.php?rest_route=\/wp\/v2\/users\/2"}],"replies":[{"embeddable":true,"href":"https:\/\/mersinkadingazetesi.com\/index.php?rest_route=%2Fwp%2Fv2%2Fcomments&post=30588"}],"version-history":[{"count":0,"href":"https:\/\/mersinkadingazetesi.com\/index.php?rest_route=\/wp\/v2\/posts\/30588\/revisions"}],"wp:featuredmedia":[{"embeddable":true,"href":"https:\/\/mersinkadingazetesi.com\/index.php?rest_route=\/wp\/v2\/media\/30589"}],"wp:attachment":[{"href":"https:\/\/mersinkadingazetesi.com\/index.php?rest_route=%2Fwp%2Fv2%2Fmedia&parent=30588"}],"wp:term":[{"taxonomy":"category","embeddable":true,"href":"https:\/\/mersinkadingazetesi.com\/index.php?rest_route=%2Fwp%2Fv2%2Fcategories&post=30588"},{"taxonomy":"post_tag","embeddable":true,"href":"https:\/\/mersinkadingazetesi.com\/index.php?rest_route=%2Fwp%2Fv2%2Ftags&post=30588"}],"curies":[{"name":"wp","href":"https:\/\/api.w.org\/{rel}","templated":true}]}}