{"id":30597,"date":"2024-02-13T12:47:05","date_gmt":"2024-02-13T09:47:05","guid":{"rendered":"http:\/\/mersinkadingazetesi.com\/?p=30597"},"modified":"2024-02-13T12:47:05","modified_gmt":"2024-02-13T09:47:05","slug":"minik-eller-tohumu-toprakla-bulusturdu","status":"publish","type":"post","link":"https:\/\/mersinkadingazetesi.com\/?p=30597","title":{"rendered":"Minik Eller Tohumu Toprakla Bulu\u015fturdu"},"content":{"rendered":"<p>Anamur\u2019da K\u0131br\u0131s \u0130lkokulu\u2019nun 200 \u00f6\u011frencisi Anamur Orman \u0130\u015fletme M\u00fcd\u00fcrl\u00fc\u011f\u00fc ile olan ortak \u00e7al\u0131\u015fmas\u0131nda minik eller \u2018Gelece\u011fe Nefes\u2019 olmaya ad\u0131m att\u0131.<br \/>\n 200 \u00f6\u011frenciye Anamur Orman \u0130\u015fletme M\u00fcd\u00fcrl\u00fc\u011f\u00fc taraf\u0131ndan, haz\u0131rlad\u0131\u011f\u0131 geri d\u00f6n\u00fc\u015f\u00fcm kaplar\u0131n\u0131, tohum ve topra\u011f\u0131 kullanarak nas\u0131l tohum ekilece\u011fi e\u011fitimi verildi.<br \/>\nAl\u0131nan e\u011fitime g\u00f6re geri d\u00f6n\u00fc\u015f\u00fcm kaplar\u0131na ekilen tohumlar\u0131 sulay\u0131p \u00e7imlenmesini g\u00f6zlemleyen \u00f6\u011frenciler, kendi elleriyle yeti\u015ftirdikleri fidanlar\u0131 21 Mart D\u00fcnya Ormanc\u0131l\u0131k G\u00fcn\u00fcnde ge\u00e7ti\u011fimiz yaz yanan ormanl\u0131k alanlara dikecekler.<\/p>\n","protected":false},"excerpt":{"rendered":"<p>Anamur\u2019da K\u0131br\u0131s \u0130lkokulu\u2019nun 200 \u00f6\u011frencisi Anamur Orman \u0130\u015fletme M\u00fcd\u00fcrl\u00fc\u011f\u00fc ile olan ortak \u00e7al\u0131\u015fmas\u0131nda minik eller \u2018Gelece\u011fe Nefes\u2019 olmaya ad\u0131m att\u0131. 200 \u00f6\u011frenciye Anamur Orman \u0130\u015fletme M\u00fcd\u00fcrl\u00fc\u011f\u00fc taraf\u0131ndan, haz\u0131rlad\u0131\u011f\u0131 geri d\u00f6n\u00fc\u015f\u00fcm kaplar\u0131n\u0131, tohum ve topra\u011f\u0131 kullanarak nas\u0131l tohum ekilece\u011fi e\u011fitimi verildi. Al\u0131nan e\u011fitime g\u00f6re geri d\u00f6n\u00fc\u015f\u00fcm kaplar\u0131na ekilen tohumlar\u0131 sulay\u0131p \u00e7imlenmesini g\u00f6zlemleyen \u00f6\u011frenciler, kendi elleriyle yeti\u015ftirdikleri [&hellip;]<\/p>\n","protected":false},"author":2,"featured_media":30598,"comment_status":"open","ping_status":"open","sticky":false,"template":"","format":"standard","meta":{"footnotes":""},"categories":[3],"tags":[],"class_list":["post-30597","post","type-post","status-publish","format-standard","has-post-thumbnail","hentry","category-manset"],"views":2,"_links":{"self":[{"href":"https:\/\/mersinkadingazetesi.com\/index.php?rest_route=\/wp\/v2\/posts\/30597"}],"collection":[{"href":"https:\/\/mersinkadingazetesi.com\/index.php?rest_route=\/wp\/v2\/posts"}],"about":[{"href":"https:\/\/mersinkadingazetesi.com\/index.php?rest_route=\/wp\/v2\/types\/post"}],"author":[{"embeddable":true,"href":"https:\/\/mersinkadingazetesi.com\/index.php?rest_route=\/wp\/v2\/users\/2"}],"replies":[{"embeddable":true,"href":"https:\/\/mersinkadingazetesi.com\/index.php?rest_route=%2Fwp%2Fv2%2Fcomments&post=30597"}],"version-history":[{"count":0,"href":"https:\/\/mersinkadingazetesi.com\/index.php?rest_route=\/wp\/v2\/posts\/30597\/revisions"}],"wp:featuredmedia":[{"embeddable":true,"href":"https:\/\/mersinkadingazetesi.com\/index.php?rest_route=\/wp\/v2\/media\/30598"}],"wp:attachment":[{"href":"https:\/\/mersinkadingazetesi.com\/index.php?rest_route=%2Fwp%2Fv2%2Fmedia&parent=30597"}],"wp:term":[{"taxonomy":"category","embeddable":true,"href":"https:\/\/mersinkadingazetesi.com\/index.php?rest_route=%2Fwp%2Fv2%2Fcategories&post=30597"},{"taxonomy":"post_tag","embeddable":true,"href":"https:\/\/mersinkadingazetesi.com\/index.php?rest_route=%2Fwp%2Fv2%2Ftags&post=30597"}],"curies":[{"name":"wp","href":"https:\/\/api.w.org\/{rel}","templated":true}]}}