{"id":30603,"date":"2024-02-13T12:50:50","date_gmt":"2024-02-13T09:50:50","guid":{"rendered":"http:\/\/mersinkadingazetesi.com\/?p=30603"},"modified":"2024-02-13T12:50:50","modified_gmt":"2024-02-13T09:50:50","slug":"siyasete-degil-hizmete-odakliyiz","status":"publish","type":"post","link":"https:\/\/mersinkadingazetesi.com\/?p=30603","title":{"rendered":"&#8221; S\u0130YASETE DE\u011e\u0130L H\u0130ZMETE ODAKLIYIZ&#8221;"},"content":{"rendered":"<p>Cumhuriyet Halk Partisi Tarsus Belediye Ba\u015fkan Aday\u0131 Ali Bolta\u00e7, se\u00e7im \u00e7al\u0131\u015fmalar\u0131n\u0131 aral\u0131ks\u0131z s\u00fcrd\u00fcr\u00fcyor. Gitti\u011fi her noktada b\u00fcy\u00fck bir ilgi ile kar\u015f\u0131lanan CHP&#8217;li Ali Bolta\u00e7,1 Nisan sabah\u0131n\u0131n Tarsus ve Tarsuslu a\u00e7\u0131s\u0131ndan yeni bir d\u00f6nemin ba\u015flang\u0131c\u0131 olaca\u011f\u0131n\u0131 s\u00f6yledi.<\/p>\n<p>&#8220;TARSUS&#8217;UN G\u00dcC\u00dcN\u00dc A\u00c7I\u011eA \u00c7IKARACA\u011eIZ&#8221;<\/p>\n<p>Tarsus&#8217;un hem n\u00fcfus yo\u011funlu\u011fu hem de turizm, sanayi ve tar\u0131m alanlar\u0131 a\u00e7\u0131s\u0131ndan Mersin&#8217;in en g\u00fc\u00e7l\u00fc il\u00e7esi oldu\u011funu s\u00f6yleyen CHP&#8217;li Ali Bolta\u00e7,&#8221;B\u00f6ylesine g\u00fc\u00e7l\u00fc \u00f6zellikleri olan bir Tarsus ne yaz\u0131k ki istedi\u011fi ve \u00f6zledi\u011fi seviyeyi hen\u00fcz yakalalayabilmi\u015f de\u011fil. \u0130\u015fte biz \u00f6n\u00fcm\u00fczdeki 5 y\u0131l i\u00e7erisinde bu seviyeyi yakalayaca\u011f\u0131z. Bizim b\u00fcy\u00fck \u015fans\u0131m\u0131z B\u00fcy\u00fck\u015fehir Belediyesi ve Vahap Se\u00e7er. Biz bunun fark\u0131nday\u0131z. Uyum ve koordinasyon i\u00e7erisinde Tarsus&#8217;un uyuyan dinamiklerini harekete ge\u00e7irece\u011fiz&#8221; dedi.<\/p>\n<p>&#8220;HER KES\u0130ME E\u015e\u0130T H\u0130ZMET G\u00d6T\u00dcRECE\u011e\u0130Z&#8221;<\/p>\n<p>G\u00f6reve geldi\u011finde temel prensiplerinin her kesime e\u015fit hizmet olaca\u011f\u0131n\u0131 vurgulayan Ba\u015fkan aday\u0131 Ali Bolta\u00e7 &#8220;Siyaset kendi kulvar\u0131nda yap\u0131ld\u0131\u011f\u0131nda ve bir ara\u00e7 olarak kullan\u0131ld\u0131\u011f\u0131nda g\u00fczel. Ne var ki talip oldu\u011fumuz makam, halk\u0131n makam\u0131. Burada ayr\u0131mc\u0131l\u0131k olmaz, \u00f6tekile\u015ftirme olmaz. Hele ki bizim oldu\u011fumuz yerde hi\u00e7 olmaz .Bu nedenle, ne belediyemizin i\u00e7inde ne de hizmet alanlar\u0131m\u0131zda kimsenin siyasi g\u00f6r\u00fc\u015f\u00fc, mezhebi, me\u015frebi bizim i\u00e7in bir anlam ifade etmeyecek. Biz i\u015fimize bakaca\u011f\u0131z. Tarsus&#8217;a olan sevdam\u0131z\u0131 yapt\u0131klar\u0131m\u0131zla kamuoyuna anlataca\u011f\u0131z&#8221; \u015feklinde konu\u015ftu<\/p>\n<p>&#8220;TARSUS&#8217;UN \u00d6MR\u00dcN\u00dc UZATACA\u011eIZ&#8221;<br \/>\nSe\u00e7imin kazan\u0131lmas\u0131 durumunda en \u00f6nemli projelerinden birinin Tarsus&#8217;un ya\u015fam saatlerini uzatmak oldu\u011funu s\u00f6yleyen CHP&#8217;li Ali Bolta\u00e7,&#8221; Ak\u015fam belli saatlerden sonra Tarsus&#8217;un sessizli\u011fe g\u00f6m\u00fclmesine sessiz kalmayaca\u011f\u0131z. Y\u0131llar \u00f6nce g\u00fcn\u00fcn 24 saatini ya\u015fayan bir Tarsus&#8217;u bu mahkumiyetten kurtaraca\u011f\u0131z. Vatanda\u015flar\u0131m\u0131z i\u00e7in sosyal alanlar, gen\u00e7lerimiz ve \u00e7ocuklar\u0131m\u0131z i\u00e7in e\u011flence alanlar\u0131 tesis edece\u011fiz. Tarsus&#8217;un tarih kokan sokaklar\u0131 ve evleri yeni rekreasyon alanlar\u0131m\u0131z olacak. \u00d6ren yerlerimizin \u00e7evresi i\u00e7 ve d\u0131\u015f turizm i\u00e7in ya\u015fam alanlar\u0131 haline gelecek. Ve en \u00f6nemlisi bu kentin otele ve otellere ihtiyac\u0131 var. \u0130lk yapaca\u011f\u0131m\u0131z i\u015flerden biri de kentin konaklama kapasitesini artt\u0131racak yat\u0131r\u0131mlar\u0131n \u00f6n\u00fcn\u00fc a\u00e7mak olacak.&#8221; diyerek s\u00f6zlerini noktalad\u0131. <\/p>\n","protected":false},"excerpt":{"rendered":"<p>Cumhuriyet Halk Partisi Tarsus Belediye Ba\u015fkan Aday\u0131 Ali Bolta\u00e7, se\u00e7im \u00e7al\u0131\u015fmalar\u0131n\u0131 aral\u0131ks\u0131z s\u00fcrd\u00fcr\u00fcyor. Gitti\u011fi her noktada b\u00fcy\u00fck bir ilgi ile kar\u015f\u0131lanan CHP&#8217;li Ali Bolta\u00e7,1 Nisan sabah\u0131n\u0131n Tarsus ve Tarsuslu a\u00e7\u0131s\u0131ndan yeni bir d\u00f6nemin ba\u015flang\u0131c\u0131 olaca\u011f\u0131n\u0131 s\u00f6yledi. &#8220;TARSUS&#8217;UN G\u00dcC\u00dcN\u00dc A\u00c7I\u011eA \u00c7IKARACA\u011eIZ&#8221; Tarsus&#8217;un hem n\u00fcfus yo\u011funlu\u011fu hem de turizm, sanayi ve tar\u0131m alanlar\u0131 a\u00e7\u0131s\u0131ndan Mersin&#8217;in en g\u00fc\u00e7l\u00fc [&hellip;]<\/p>\n","protected":false},"author":2,"featured_media":30604,"comment_status":"open","ping_status":"open","sticky":false,"template":"","format":"standard","meta":{"footnotes":""},"categories":[3,6],"tags":[],"class_list":["post-30603","post","type-post","status-publish","format-standard","has-post-thumbnail","hentry","category-manset","category-siyaset-2"],"views":1,"_links":{"self":[{"href":"https:\/\/mersinkadingazetesi.com\/index.php?rest_route=\/wp\/v2\/posts\/30603"}],"collection":[{"href":"https:\/\/mersinkadingazetesi.com\/index.php?rest_route=\/wp\/v2\/posts"}],"about":[{"href":"https:\/\/mersinkadingazetesi.com\/index.php?rest_route=\/wp\/v2\/types\/post"}],"author":[{"embeddable":true,"href":"https:\/\/mersinkadingazetesi.com\/index.php?rest_route=\/wp\/v2\/users\/2"}],"replies":[{"embeddable":true,"href":"https:\/\/mersinkadingazetesi.com\/index.php?rest_route=%2Fwp%2Fv2%2Fcomments&post=30603"}],"version-history":[{"count":0,"href":"https:\/\/mersinkadingazetesi.com\/index.php?rest_route=\/wp\/v2\/posts\/30603\/revisions"}],"wp:featuredmedia":[{"embeddable":true,"href":"https:\/\/mersinkadingazetesi.com\/index.php?rest_route=\/wp\/v2\/media\/30604"}],"wp:attachment":[{"href":"https:\/\/mersinkadingazetesi.com\/index.php?rest_route=%2Fwp%2Fv2%2Fmedia&parent=30603"}],"wp:term":[{"taxonomy":"category","embeddable":true,"href":"https:\/\/mersinkadingazetesi.com\/index.php?rest_route=%2Fwp%2Fv2%2Fcategories&post=30603"},{"taxonomy":"post_tag","embeddable":true,"href":"https:\/\/mersinkadingazetesi.com\/index.php?rest_route=%2Fwp%2Fv2%2Ftags&post=30603"}],"curies":[{"name":"wp","href":"https:\/\/api.w.org\/{rel}","templated":true}]}}