{"id":30615,"date":"2024-02-13T12:59:35","date_gmt":"2024-02-13T09:59:35","guid":{"rendered":"http:\/\/mersinkadingazetesi.com\/?p=30615"},"modified":"2024-02-13T12:59:35","modified_gmt":"2024-02-13T09:59:35","slug":"chpnin-akdeniz-adayi-nesibe-teker-hazim","status":"publish","type":"post","link":"https:\/\/mersinkadingazetesi.com\/?p=30615","title":{"rendered":"CHP&#8217;N\u0130N AKDEN\u0130Z ADAYI NES\u0130BE TEKER HAZ\u0130M"},"content":{"rendered":"<p>Cumhuriyet Halk Partisi\u2019nin Akdeniz \u0130l\u00e7e Belediye Ba\u015fkan Aday\u0131 Nesibe Teker Hazim oldu.<\/p>\n<p>Cumhuriyet Halk Partisi Parti Meclisi genel ba\u015fkan \u00d6zg\u00fcr \u00d6zel ba\u015fkanl\u0131\u011f\u0131nda topland\u0131. Toplant\u0131 sonunda CHP\u2019nin Mersin\u2019de Akdeniz il\u00e7e Belediye Ba\u015fkan Aday\u0131 olarak Nesibe Teker Hazim a\u00e7\u0131kland\u0131.<\/p>\n<p>18 \u015eubat Pazar g\u00fcn\u00fc ger\u00e7ekle\u015fecek CHP\u2019nin aday tan\u0131t\u0131m toplant\u0131s\u0131nda Ankara\u2019da di\u011fer 13 il\u00e7e aday\u0131 ve b\u00fcy\u00fck\u015fehir aday\u0131 Vahap Se\u00e7er ile birlikte podyuma \u00e7\u0131kmas\u0131 bekleniyor.<\/p>\n<p>Nesibe Teker Hazim Kimdir?<\/p>\n<p>Nesibe Teker Hazim  23 Mart 1988 y\u0131l\u0131nda Mersinde do\u011fdu. Eski\u015fehir \u00dcniversitesi Halkla \u0130li\u015fkiler B\u00f6l\u00fcm\u00fcn\u00fc okumaya devam etmektedir. Evli ve bir \u00e7ocuk annesi. CHP ile siyaset yapan bir baban\u0131n k\u0131z\u0131 olarak miting ve konvoylarda alk\u0131\u015f tutarak tan\u0131\u015ft\u0131.<br \/>\n18 ya\u015f\u0131na girer girmez parti \u00fcyeli\u011fini yapt\u0131rarak ya\u015fad\u0131\u011f\u0131 b\u00f6lgede partiyi temsilen her t\u00fcrl\u00fc g\u00f6revin i\u00e7inde bulunarak Akdeniz il\u00e7e Gen\u00e7lik kollar\u0131nda bili\u015fim sorumlusu daha sonra il gen\u00e7lik kollar\u0131nda ba\u015fkan yard\u0131mc\u0131l\u0131\u011f\u0131 g\u00f6revini \u00fcstlendi. Gen\u00e7lik kollar\u0131ndan ya\u015f gere\u011fi d\u00fc\u015ft\u00fckten sonra Akdeniz \u0130l\u00e7e Kad\u0131n Kollar\u0131 Ba\u015fkan\u0131 olarak siyasete devam ediyor.<\/p>\n","protected":false},"excerpt":{"rendered":"<p>Cumhuriyet Halk Partisi\u2019nin Akdeniz \u0130l\u00e7e Belediye Ba\u015fkan Aday\u0131 Nesibe Teker Hazim oldu. Cumhuriyet Halk Partisi Parti Meclisi genel ba\u015fkan \u00d6zg\u00fcr \u00d6zel ba\u015fkanl\u0131\u011f\u0131nda topland\u0131. Toplant\u0131 sonunda CHP\u2019nin Mersin\u2019de Akdeniz il\u00e7e Belediye Ba\u015fkan Aday\u0131 olarak Nesibe Teker Hazim a\u00e7\u0131kland\u0131. 18 \u015eubat Pazar g\u00fcn\u00fc ger\u00e7ekle\u015fecek CHP\u2019nin aday tan\u0131t\u0131m toplant\u0131s\u0131nda Ankara\u2019da di\u011fer 13 il\u00e7e aday\u0131 ve b\u00fcy\u00fck\u015fehir aday\u0131 Vahap [&hellip;]<\/p>\n","protected":false},"author":2,"featured_media":30616,"comment_status":"open","ping_status":"open","sticky":false,"template":"","format":"standard","meta":{"footnotes":""},"categories":[3],"tags":[],"class_list":["post-30615","post","type-post","status-publish","format-standard","has-post-thumbnail","hentry","category-manset"],"views":53,"_links":{"self":[{"href":"https:\/\/mersinkadingazetesi.com\/index.php?rest_route=\/wp\/v2\/posts\/30615"}],"collection":[{"href":"https:\/\/mersinkadingazetesi.com\/index.php?rest_route=\/wp\/v2\/posts"}],"about":[{"href":"https:\/\/mersinkadingazetesi.com\/index.php?rest_route=\/wp\/v2\/types\/post"}],"author":[{"embeddable":true,"href":"https:\/\/mersinkadingazetesi.com\/index.php?rest_route=\/wp\/v2\/users\/2"}],"replies":[{"embeddable":true,"href":"https:\/\/mersinkadingazetesi.com\/index.php?rest_route=%2Fwp%2Fv2%2Fcomments&post=30615"}],"version-history":[{"count":0,"href":"https:\/\/mersinkadingazetesi.com\/index.php?rest_route=\/wp\/v2\/posts\/30615\/revisions"}],"wp:featuredmedia":[{"embeddable":true,"href":"https:\/\/mersinkadingazetesi.com\/index.php?rest_route=\/wp\/v2\/media\/30616"}],"wp:attachment":[{"href":"https:\/\/mersinkadingazetesi.com\/index.php?rest_route=%2Fwp%2Fv2%2Fmedia&parent=30615"}],"wp:term":[{"taxonomy":"category","embeddable":true,"href":"https:\/\/mersinkadingazetesi.com\/index.php?rest_route=%2Fwp%2Fv2%2Fcategories&post=30615"},{"taxonomy":"post_tag","embeddable":true,"href":"https:\/\/mersinkadingazetesi.com\/index.php?rest_route=%2Fwp%2Fv2%2Ftags&post=30615"}],"curies":[{"name":"wp","href":"https:\/\/api.w.org\/{rel}","templated":true}]}}