{"id":30628,"date":"2024-02-14T12:51:51","date_gmt":"2024-02-14T09:51:51","guid":{"rendered":"http:\/\/mersinkadingazetesi.com\/?p=30628"},"modified":"2024-02-14T12:51:51","modified_gmt":"2024-02-14T09:51:51","slug":"ahmet-serkan-tuncerden-mezitli-esnaflarina-ziyaret","status":"publish","type":"post","link":"https:\/\/mersinkadingazetesi.com\/?p=30628","title":{"rendered":"Ahmet Serkan Tuncer\u2019den Mezitli Esnaflar\u0131na Ziyaret"},"content":{"rendered":"<p>Gen\u00e7 enerjisi ile d\u00fczenli olarak sahada vatanda\u015flar ile bir araya gelen Mezitli Belediye Ba\u015fkan Aday\u0131 Ahmet Serkan Tuncer, Mezitli&#8217;de yer alan esnaflar\u0131 ziyaret etti.<\/p>\n<p>Esnaf ve vatanda\u015flarla bir araya gelen Ba\u015fkan Aday\u0131 Tuncer, vatanda\u015flar\u0131n talepleriyle yak\u0131ndan ilgilendi.<\/p>\n<p>Vatanda\u015flar ve esnaflar ile tek tek ilgilenerek taleplerini dinleyen Tuncer, halk\u0131n takdiri ile se\u00e7ildikten sonra, Mezitli halk\u0131n\u0131n t\u00fcm problemlerinin \u00e7\u00f6z\u00fcme kavu\u015fturulaca\u011f\u0131n\u0131n s\u00f6z\u00fcn\u00fc verdi.<\/p>\n<p>Vatanda\u015flar\u0131n da yo\u011fun ilgisiyle kar\u015f\u0131la\u015fan Tuncer, gen\u00e7li\u011finin verdi\u011fi enerji ve Mezitli do\u011fumlu olmas\u0131n\u0131n etkisi ile vatanda\u015flar taraf\u0131ndan g\u00fclery\u00fcz ile kar\u015f\u0131land\u0131.<\/p>\n<p>D\u00fczenli olarak halk ile i\u00e7 i\u00e7e olan ve nab\u0131z yoklayan Tuncer&#8217;e Mezitli&#8217;de g\u00f6sterilen destek kamuoyunda da, halk aras\u0131nda da ses getirmeye devam ediyor.<\/p>\n","protected":false},"excerpt":{"rendered":"<p>Gen\u00e7 enerjisi ile d\u00fczenli olarak sahada vatanda\u015flar ile bir araya gelen Mezitli Belediye Ba\u015fkan Aday\u0131 Ahmet Serkan Tuncer, Mezitli&#8217;de yer alan esnaflar\u0131 ziyaret etti. Esnaf ve vatanda\u015flarla bir araya gelen Ba\u015fkan Aday\u0131 Tuncer, vatanda\u015flar\u0131n talepleriyle yak\u0131ndan ilgilendi. Vatanda\u015flar ve esnaflar ile tek tek ilgilenerek taleplerini dinleyen Tuncer, halk\u0131n takdiri ile se\u00e7ildikten sonra, Mezitli halk\u0131n\u0131n t\u00fcm [&hellip;]<\/p>\n","protected":false},"author":2,"featured_media":30629,"comment_status":"open","ping_status":"open","sticky":false,"template":"","format":"standard","meta":{"footnotes":""},"categories":[3,6],"tags":[],"class_list":["post-30628","post","type-post","status-publish","format-standard","has-post-thumbnail","hentry","category-manset","category-siyaset-2"],"views":1,"_links":{"self":[{"href":"https:\/\/mersinkadingazetesi.com\/index.php?rest_route=\/wp\/v2\/posts\/30628"}],"collection":[{"href":"https:\/\/mersinkadingazetesi.com\/index.php?rest_route=\/wp\/v2\/posts"}],"about":[{"href":"https:\/\/mersinkadingazetesi.com\/index.php?rest_route=\/wp\/v2\/types\/post"}],"author":[{"embeddable":true,"href":"https:\/\/mersinkadingazetesi.com\/index.php?rest_route=\/wp\/v2\/users\/2"}],"replies":[{"embeddable":true,"href":"https:\/\/mersinkadingazetesi.com\/index.php?rest_route=%2Fwp%2Fv2%2Fcomments&post=30628"}],"version-history":[{"count":0,"href":"https:\/\/mersinkadingazetesi.com\/index.php?rest_route=\/wp\/v2\/posts\/30628\/revisions"}],"wp:featuredmedia":[{"embeddable":true,"href":"https:\/\/mersinkadingazetesi.com\/index.php?rest_route=\/wp\/v2\/media\/30629"}],"wp:attachment":[{"href":"https:\/\/mersinkadingazetesi.com\/index.php?rest_route=%2Fwp%2Fv2%2Fmedia&parent=30628"}],"wp:term":[{"taxonomy":"category","embeddable":true,"href":"https:\/\/mersinkadingazetesi.com\/index.php?rest_route=%2Fwp%2Fv2%2Fcategories&post=30628"},{"taxonomy":"post_tag","embeddable":true,"href":"https:\/\/mersinkadingazetesi.com\/index.php?rest_route=%2Fwp%2Fv2%2Ftags&post=30628"}],"curies":[{"name":"wp","href":"https:\/\/api.w.org\/{rel}","templated":true}]}}