{"id":30631,"date":"2024-02-14T12:53:23","date_gmt":"2024-02-14T09:53:23","guid":{"rendered":"http:\/\/mersinkadingazetesi.com\/?p=30631"},"modified":"2024-02-14T12:53:23","modified_gmt":"2024-02-14T09:53:23","slug":"gelecek-donemde-ureticilere-gunes-enerjisi-santrali-destegi-verecegiz","status":"publish","type":"post","link":"https:\/\/mersinkadingazetesi.com\/?p=30631","title":{"rendered":"&#8220;GELECEK D\u00d6NEMDE \u00dcRET\u0130C\u0130LERE G\u00dcNE\u015e ENERJ\u0130S\u0130 SANTRAL\u0130 DESTE\u011e\u0130 VERECE\u011e\u0130Z&#8221;"},"content":{"rendered":"<p>Mersin B\u00fcy\u00fck\u015fehir Belediye Ba\u015fkan\u0131 Vahap Se\u00e7er, &#8216;Kente S\u00f6z\u00fcm\u00fcz Var&#8217; slogan\u0131yla B\u00fcy\u00fck\u015fehir taraf\u0131ndan d\u00fczenlenen &#8216;Kent Kat\u0131l\u0131m\u0131 Bulu\u015fmalar\u0131&#8217;n\u0131n 6. serisinin 7. toplant\u0131s\u0131n\u0131 Mersin&#8217;de faaliyet g\u00f6steren Sulama-Tar\u0131msal \u00dcretim Kooperatifleri ve Birlikleri Temsilcileri ile ger\u00e7ekle\u015ftirdi. Toplant\u0131ya kat\u0131lan temsilciler, Ba\u015fkan Se\u00e7er&#8217;e tar\u0131msal alandaki projelerle ilgili sorular y\u00f6neltirken; g\u00f6rev s\u00fcresi boyunca \u00fcretime ve \u00fcreticiye verdi\u011fi desteklerden \u00f6t\u00fcr\u00fc te\u015fekk\u00fcr ettiler.<\/p>\n<p>Kongre ve Sergi Saray\u0131 \u00c7ok Ama\u00e7l\u0131 Salon&#8217;da ger\u00e7ekle\u015ftirilen bulu\u015fmada Ba\u015fkan Se\u00e7er&#8217;e; Genel Sekreter Olcay Tok ile Tar\u0131msal Hizmetler Dairesi Ba\u015fkan\u0131 Sel\u00e7uk \u015eahuto\u011flu e\u015flik etti.<\/p>\n<p>Se\u00e7er: &#8220;\u00c7al\u0131\u015fmakla, azimle, al\u0131n teriyle ve emekle a\u00e7amayaca\u011f\u0131m\u0131z kap\u0131 yok&#8221;<\/p>\n<p>Konu\u015fmas\u0131na, bulu\u015fmaya Mersin&#8217;in t\u00fcm il\u00e7elerinden kat\u0131l\u0131m\u0131n yo\u011fun bir \u015fekilde oldu\u011funu belirterek ba\u015flayan ve kat\u0131l\u0131mc\u0131lara te\u015fekk\u00fcr eden Ba\u015fkan Vahap Se\u00e7er, eme\u011fi, al\u0131n terini, zorlu\u011fu, do\u011fru ve d\u00fcr\u00fcst \u00e7al\u0131\u015fmay\u0131 bilen bir y\u00f6netici oldu\u011funu s\u00f6yledi. Se\u00e7er, &#8220;\u00c7ift\u00e7ilik, \u00fcreticilik \u00e7ok kutsal bir i\u015f. \u00c7olu\u011funa \u00e7ocu\u011funa r\u0131zk g\u00f6t\u00fcr\u00fcyorsun, bunu da yaparken \u00e7ok me\u015fakkat \u00e7ekiyorsun. Topraktan ekme\u011fini \u00e7\u0131kart\u0131yorsun. Bunun yan\u0131nda da toplumu besliyorsun, bir \u015fekilde insanlar\u0131n ya\u015fam\u0131n\u0131 sa\u011fl\u0131yorsun. \u0130nsan beslenmezse ya\u015fayamaz. O a\u00e7\u0131dan hepinizin eline, eme\u011fine sa\u011fl\u0131k&#8221; diye konu\u015ftu.<\/p>\n<p>&#8220;Sizin bizimle, dolay\u0131s\u0131yla bizim de sizinle i\u015fimiz \u00e7ok&#8221;<\/p>\n<p>Mersin&#8217;i 5 y\u0131l boyunca, insanlar\u0131 dinleyerek y\u00f6nettiklerinin alt\u0131n\u0131 \u00e7izen Se\u00e7er, &#8220;Otururuz, konu\u015furuz, &#8216;neler oluyor, kentte sorun nedir, talep nedir?&#8217; diye bunlar\u0131 tart\u0131\u015f\u0131r\u0131z. Barosundan Makine M\u00fchendisleri Odas\u0131&#8217;na, sendikalardan ekonomi ile ilgili sivil toplum \u00f6rg\u00fctlerine ve odalara kadar herkesin fikri \u00e7ok de\u011ferli ve \u00f6nemli. Sizler de \u00fcretim kooperatifleri ve birlikleri olarak bir araya gelmi\u015f yap\u0131lars\u0131n\u0131z, her alanda da \u00e7al\u0131\u015f\u0131yorsunuz. Sizin bizimle, dolay\u0131s\u0131yla bizim de sizinle i\u015fimiz \u00e7ok&#8221; ifadelerine yer verdi.<\/p>\n<p>&#8220;Mersin halk\u0131 eme\u011fi, al\u0131n terini, iyi niyeti g\u00f6recek&#8221;<\/p>\n<p>Mersin halk\u0131na g\u00fcvendi\u011finin alt\u0131n\u0131 \u00e7izen Se\u00e7er, vatanda\u015flar\u0131n &#8216;5 y\u0131l daha Vahap Ba\u015fkan&#8217;la devam. Vahap Ba\u015fkan&#8217;dan memnunuz&#8217; diyece\u011fine inand\u0131\u011f\u0131n\u0131 kaydetti. Se\u00e7er, &#8220;Bunu \u00e7ok duyuyorum ve \u00e7ok gurur duyuyorum. Onun i\u00e7in son derece m\u00fcsterihim ve son derece de moralim y\u00fcksek. Sand\u0131\u011fa gidece\u011fiz ve ben her ortamda da s\u00f6yl\u00fcyorum, diyorum ki; &#8216;Mersin&#8217;den T\u00fcrkiye&#8217;ye \u00e7ok g\u00fczel bir mesaj gelecek.&#8217; Ayr\u0131mc\u0131l\u0131k yapmadan, kimsenin siyasi g\u00f6r\u00fc\u015f\u00fcne, b\u00f6lgesine ve etnik yap\u0131s\u0131na bakmadan nas\u0131l hizmet yap\u0131l\u0131r, Mersin halk\u0131 31 Mart&#8217;ta sand\u0131klarda bunu s\u00f6yleyecek. Bunun sesi t\u00fcm T\u00fcrkiye&#8217;ye yay\u0131lacak&#8221; dedi.<\/p>\n<p>&#8221; &#8216;Haydi Gel K\u00f6y\u00fcm\u00fcze Destek Verelim&#8217; Bakanl\u0131\u011fa \u00f6rnek olacak bir proje&#8221;<\/p>\n<p>Hayvan yeti\u015ftiricilerine y\u00f6nelik verilen desteklerden s\u00f6z eden Se\u00e7er, Tar\u0131m Bakanl\u0131\u011f\u0131&#8217;na \u00f6rnek nitelikte olan &#8216;Haydi Gel K\u00f6y\u00fcm\u00fcze Destek Verelim&#8217; projesinin detaylar\u0131n\u0131 payla\u015farak, &#8220;Belediyemiz, Dam\u0131zl\u0131k Koyun Ke\u00e7i Yeti\u015ftiricileri Birli\u011fi, Veterinerler Odas\u0131 ve Tar\u0131m \u0130l M\u00fcd\u00fcrl\u00fc\u011f\u00fc&#8217;n\u00fcn deste\u011fiyle muazzam bir proje yapt\u0131k. Hep s\u00f6yl\u00fcyorum bu bakanl\u0131\u011fa \u00f6rnek olacak bir proje. Biz her y\u0131l 60 aileye 25 dam\u0131zl\u0131k hayvan verdik. 4 y\u0131lda 121&#8217;i \u00fcretici kad\u0131n olmak \u00fczere 240 aile bu destekten yararland\u0131. \u00d6zenle se\u00e7tik. Muhtarlardan ve k\u00f6y halk\u0131ndan ald\u0131k. 4 y\u0131lda 240 minik \u00e7iftlik, aile i\u015fletmesi olu\u015fturduk&#8221; dedi. Proje kapsam\u0131nda ilk y\u0131l yem, a\u015f\u0131, bak\u0131m ve ila\u00e7 deste\u011fini de sa\u011flad\u0131klar\u0131n\u0131 aktaran Se\u00e7er, yeti\u015ftiricilerinin her birinden, yeti\u015ftirdikleri 2 hayvan\u0131 alarak di\u011fer yeti\u015ftiricilere verdiklerini ve b\u00f6ylelikle kendi kendine i\u015fleyen bir \u00fcretim \u00e7ark\u0131 elde ettiklerini belirtti.<\/p>\n<p>&#8220;4 y\u0131lda yakla\u015f\u0131k 255 kilometre HDPE ve \u00e7elik boru da\u011f\u0131t\u0131m\u0131 yapt\u0131k&#8221;<\/p>\n<p>\u00d6zellikle hayvanc\u0131l\u0131kla u\u011fra\u015fan konarg\u00f6\u00e7er Y\u00f6r\u00fckler i\u00e7in b\u00fcy\u00fck \u00f6nem arz eden G\u00fcne\u015f Paneli Deste\u011fi projesini de aktaran Se\u00e7er, &#8220;Projeyi ge\u00e7en y\u0131l ba\u015flatt\u0131k ve 360 yeti\u015ftiricimize y\u00fczde 50 hibeli g\u00fcne\u015f paneli deste\u011fi sa\u011flad\u0131k. \u00c7ad\u0131r\u0131nda elektrik ihtiyac\u0131n\u0131 kar\u015f\u0131lad\u0131. Bu y\u0131l da 400 yeti\u015ftiricimize destek sa\u011flad\u0131k&#8221; dedi. B\u00fcy\u00fck\u015fehir taraf\u0131ndan &#8216;Destek B\u00fcy\u00fck\u015fehir&#8217;den K\u0131smet Denizden&#8217; slogan\u0131yla ge\u00e7ti\u011fimiz y\u0131l ba\u015flat\u0131lan &#8216;K\u00fc\u00e7\u00fck \u00d6l\u00e7ekli Bal\u0131k\u00e7\u0131l\u0131\u011fa Malzeme Deste\u011fi&#8217; projesinin de Mersin&#8217;de bir ilk oldu\u011funa dikkat \u00e7eken Se\u00e7er, projenin gelecek d\u00f6nemde de artarak devam edece\u011fini s\u00f6yledi. \u00dcreticilere can suyu olan sulama borusu deste\u011fini anlatan Se\u00e7er, &#8220;\u015eu ana kadar yakla\u015f\u0131k 255 kilometre HDPE ve \u00e7elik boru da\u011f\u0131t\u0131m\u0131 yapt\u0131k. Bu y\u0131l da 100 kilometre da\u011f\u0131taca\u011f\u0131z var&#8221; dedi.<\/p>\n<p>&#8220;2024 y\u0131l\u0131nda tar\u0131msal projelere 119 milyon TL b\u00fct\u00e7e ay\u0131rd\u0131k&#8221;<\/p>\n<p>G\u00f6reve geldikleri andan itibaren, tar\u0131msal \u00fcretime b\u00fcy\u00fck \u00f6nem verdiklerini ve bu do\u011frultuda projeler \u00fcrettiklerini s\u00f6yleyen Se\u00e7er, geride kalan 4 y\u0131ll\u0131k s\u00fcrede tar\u0131ma 125 milyon TL ay\u0131rd\u0131klar\u0131n\u0131, 2024 y\u0131l\u0131 i\u00e7in haz\u0131rlanan b\u00fct\u00e7ede ise bu rakam\u0131 119 milyon TL&#8217;ye \u00e7\u0131kard\u0131klar\u0131n\u0131 s\u00f6yledi. Yap\u0131lan destekler sonucu \u00fcreticinin ve yeti\u015ftiricin memnuniyetini g\u00f6rmenin mutlulu\u011funu ya\u015fad\u0131klar\u0131n\u0131 belirten Se\u00e7er, &#8220;Yapt\u0131\u011f\u0131m\u0131z i\u015fin hayr\u0131n\u0131 g\u00f6rmeye ba\u015flad\u0131k. Memnuniyeti, \u00fcretime katk\u0131 oldu\u011funu, insanlar\u0131n mutlu oldu\u011funu g\u00f6rd\u00fck. Sulama borusu al\u0131yor, daha kaliteli \u00fcr\u00fcn elde ediyor. Fide fidan al\u0131yor, yeni bah\u00e7e yap\u0131yor. Tarlay\u0131 s\u00fcr\u00fcyor, lavanta ya da avokado, incir, zeytin ekiyor&#8221; dedi.<\/p>\n<p>&#8220;Gelecek d\u00f6nemde G\u00fcne\u015f Enerjisi Santrali deste\u011fi verece\u011fiz&#8221;<\/p>\n<p>Gelecek d\u00f6nemde tar\u0131msal destek a\u00e7\u0131s\u0131ndan \u00e7ok \u00f6nemli bir projeyi hayata ge\u00e7ireceklerine dikkat \u00e7eken Se\u00e7er, \u00fcreticinin girdi maliyetini azaltmak ad\u0131na G\u00fcne\u015f Enerjisi Santrali (GES) deste\u011fi vereceklerini s\u00f6yledi. Se\u00e7er, &#8220;Bunu \u00f6nemsiyoruz. \u0130steyen GES isteyen sulama borusu deste\u011fi alacak. 5 y\u0131ld\u0131r yapt\u0131\u011f\u0131m\u0131z projeleri hangi ciddiyetle yap\u0131yorsak bu proje de ayn\u0131 ciddiyetle olacak. Mersin&#8217;deki 75 sulama kooperatifinin tamam\u0131n\u0131 GES&#8217;le bulu\u015fturmak i\u00e7in \u00e7ok \u00f6nemli bir \u00e7al\u0131\u015fma. T\u00fcrkiye&#8217;ye \u00f6rnek olacak&#8221; ifadelerine yer verdi. Ba\u015fkan Se\u00e7er, gelecek d\u00f6nemde Mersin&#8217;e bir Modern Su \u00dcr\u00fcnleri ve Toptanc\u0131 Bal\u0131k Hali kazand\u0131racaklar\u0131n\u0131n da m\u00fcjdesini vererek, &#8220;\u00c7ok k\u0131sa s\u00fcrede Mersinimize toptanc\u0131 bir bal\u0131k halini kazand\u0131raca\u011f\u0131z&#8221; dedi.<\/p>\n<p>Kent genelinde s\u00fcrd\u00fcr\u00fclen desteklerin b\u00f6lgenin ve \u00fcreticinin ihtiyac\u0131na g\u00f6re belirlendi\u011fine vurgu yapan Se\u00e7er, &#8220;B\u00f6lgeye, b\u00f6lgenin taleplerine, isteklerine, \u00f6zelliklerine g\u00f6re bu kararlar veriyor. Asla bir ayr\u0131cal\u0131k, torpil gibi bir durum yok. 5 y\u0131ld\u0131r belediye ba\u015fkan\u0131y\u0131m. 5 y\u0131ll\u0131k s\u00fcremde iki daire ba\u015fkan\u0131m\u0131zla \u00e7al\u0131\u015ft\u0131m. Hi\u00e7biri benden bir g\u00fcn telefon al\u0131p &#8216;\u015eu kooperatife sulama borusu, \u015fu aileye hayvan verin.&#8217; talimat\u0131n\u0131 asla duymam\u0131\u015ft\u0131r&#8221; ifadelerine yer verdi.<\/p>\n<p>&#8220;Tar\u0131msal desteklerde \u00f6rne\u011fiz&#8221;<\/p>\n<p>Gelecek d\u00f6nemde tar\u0131msal hizmetlerle ilgili \u00f6rnek projelere imza atmaya devam edeceklerinden s\u00f6z eden Se\u00e7er, &#8220;Bunu bir se\u00e7im vaadi olarak g\u00f6rmeyin. 2024 destek b\u00fct\u00e7emiz neredeyse toplam 4 y\u0131la e\u015fit. Bu gelecek y\u0131llar daha da katlanacak, daha da T\u00fcrkiye&#8217;ye \u00f6rnek olacak projeler \u00fczerinde \u00e7al\u0131\u015faca\u011f\u0131z. Biz nas\u0131l ki &#8216;sosyal belediyecilikte T\u00fcrkiye&#8217;ye \u00f6rne\u011fiz&#8217; diyoruz. Tar\u0131msal desteklerde de ger\u00e7ekten \u00f6rne\u011fiz. B\u00f6yle s\u00fcrd\u00fcr\u00fclebilir bir tar\u0131msal destek yapan belediye yoktur&#8221; dedi.<\/p>\n<p>&#8220;Kredi derecelendirme kurulu\u015flar\u0131nda Belediyemizin puan\u0131, \u00fclke puan\u0131ndan daha iyi durumda&#8221;<\/p>\n<p>B\u00fcy\u00fck\u015fehir Belediyesi&#8217;nin g\u00fc\u00e7l\u00fc bir belediye oldu\u011funu ve mali tablosunun olduk\u00e7a iyi durumda oldu\u011funu vurgulayan Se\u00e7er, &#8220;Mersin B\u00fcy\u00fck\u015fehir Belediyesi g\u00fc\u00e7l\u00fc bir belediyedir. Bizim gelirimiz iyi. A\u011fz\u0131mdan &#8216;Param yok, yolunuzu yapamad\u0131m. Param yok, destek olamad\u0131m&#8217; diye hi\u00e7 duymad\u0131n\u0131z ve duymayacaks\u0131n\u0131z. B\u00f6yle bir \u015fey yok. Param\u0131z da var, \u00e7ok da iyi durumday\u0131z. Mali tablomuz \u00e7ok iyi. Herkes bizimle i\u015f yapmak i\u00e7in s\u0131raya giriyor. Kredi derecelendirme kurulu\u015flar\u0131nda Belediyemizin puan\u0131, \u00fclke puan\u0131ndan daha iyi durumda. \u00d6nemli olan ak\u0131ll\u0131 i\u015fler yapmak. \u0130sraf yapmamak&#8221; ifadelerini kulland\u0131.<\/p>\n<p>&#8220;Belediyecilik ideolojik olarak yap\u0131lmaz&#8221;<\/p>\n<p>Cumhuriyet Halk Partisi mensubu olmaktan onur ve gurur duydu\u011funu da belirten Se\u00e7er, di\u011fer d\u00fcnya g\u00f6r\u00fc\u015f\u00fcn\u00fc benimseyen insanlara da sayg\u0131l\u0131 oldu\u011funu belirterek, &#8220;Biz biriz. Biz bir aileyiz. Bana oy veren de vermeyen de sa\u011f olsun. Belediyecilik ideolojik olarak yap\u0131lmaz&#8221; s\u00f6zlerine yer verdi. 31 Mart&#8217;ta yap\u0131lacak yerel se\u00e7imlerde sand\u0131klara gidecek vatanda\u015flar\u0131n yap\u0131lan hizmetleri de\u011ferlendirerek oy verece\u011finin alt\u0131n\u0131 \u00e7izen Se\u00e7er, &#8220;Biz bu \u00fclkenin kalk\u0131nmas\u0131, birli\u011fi ve beraberli\u011fi i\u00e7in \u00e7al\u0131\u015f\u0131yoruz&#8221; diyerek s\u00f6zlerini noktalad\u0131.<\/p>\n<p>Do\u011fan: &#8220;Kentin gelece\u011fi i\u00e7in birlikte fikirler almak bizleri \u00e7ok memnun ediyor&#8221;<\/p>\n<p>Anamur Tropikal Meyve \u00dcretim ve Pazarlama Kooperatifi Ba\u015fkan\u0131 Erg\u00fcn Do\u011fan, Ba\u015fkan Se\u00e7er&#8217;in kat\u0131l\u0131mc\u0131 anlay\u0131\u015f\u0131n\u0131 hayranl\u0131kla izlediklerini belirterek, &#8220;Eskiden b\u00f6yle \u015feyler yoktu. Vahap Bey&#8217;in sayesinde bu tip yerlere davet edilmek, kentin gelece\u011fi i\u00e7in birlikte fikirler almak, ihtiyac\u0131m\u0131z\u0131n sorulmas\u0131 ve ihtiyac\u0131m\u0131z\u0131n s\u00fcrd\u00fcr\u00fclebilir oldu\u011fu takdirde \u00e7ok k\u0131sa bir s\u00fcrede yerine getirilmesi bizleri \u00e7ok memnun ediyor&#8221; dedi.<\/p>\n<p>\u0130\u00e7alan: &#8220;\u00d6nemsedi\u011fimizi hissediyoruz&#8221;<\/p>\n<p>G\u00fclnar Tozkovan K\u00f6y\u00fc Sulama Suyu Kooperatifi \u00dcyesi Havanur \u0130\u00e7alan da toplant\u0131ya ilk defa kat\u0131ld\u0131\u011f\u0131ndan ve kooperatiflerinin de yeni kuruldu\u011fundan s\u00f6z ederek, &#8220;Ba\u015fkan\u0131m\u0131z k\u00f6ylerimizi destekliyor, bizi de destekleyece\u011fini umuyorum. Toplant\u0131ya davet edilmi\u015f olmak \u00e7ok g\u00fczel bir duygu, \u00f6nemsedi\u011fimizi hissediyoruz ve bizim i\u00e7in \u00e7ok g\u00fczel&#8221; dedi.<\/p>\n<p>Korkmaz: &#8220;Kooperatifimizin geli\u015ftirilmesi konusunda bize \u00e7ok destek oldular&#8221;<\/p>\n<p>\u00c7a\u011flarca Tar\u0131msal Kalk\u0131nma Kooperatifi Ba\u015fkan\u0131 Nermin Korkmaz, kooperatifi 1 y\u0131l \u00f6nce kurduklar\u0131n\u0131 ve bu zamana kadar B\u00fcy\u00fck\u015fehir Belediyesi&#8217;nin deste\u011fiyle \u00e7ok g\u00fczel i\u015fler yapt\u0131klar\u0131n\u0131 anlatarak, &#8220;Say\u0131n Vahap Se\u00e7er ve Tar\u0131m Dairesi Ba\u015fkanl\u0131\u011f\u0131 kurulu\u015fumuzdan itibaren hep yan\u0131m\u0131zda oldu. Bu yads\u0131namaz bir ger\u00e7ek, onlara sonsuz te\u015fekk\u00fcrlerimi sunuyorum. K\u00f6y\u00fcm\u00fcze daha hi\u00e7bir \u015fey olmam\u0131\u015fken geldiler, d\u00fczenlemeler yap\u0131ld\u0131. Kooperatifimizin geli\u015ftirilmesi konusunda bize \u00e7ok destek oldular&#8221; dedi. Korkmaz, toplant\u0131lar\u0131n kooperatif\u00e7ilik ad\u0131na \u00e7ok \u00f6nemli oldu\u011funu s\u00f6zlerine ekledi.<\/p>\n<p>Toplant\u0131, toplu foto\u011fraf \u00e7ekiminin ard\u0131ndan sona erdi.<\/p>\n","protected":false},"excerpt":{"rendered":"<p>Mersin B\u00fcy\u00fck\u015fehir Belediye Ba\u015fkan\u0131 Vahap Se\u00e7er, &#8216;Kente S\u00f6z\u00fcm\u00fcz Var&#8217; slogan\u0131yla B\u00fcy\u00fck\u015fehir taraf\u0131ndan d\u00fczenlenen &#8216;Kent Kat\u0131l\u0131m\u0131 Bulu\u015fmalar\u0131&#8217;n\u0131n 6. serisinin 7. toplant\u0131s\u0131n\u0131 Mersin&#8217;de faaliyet g\u00f6steren Sulama-Tar\u0131msal \u00dcretim Kooperatifleri ve Birlikleri Temsilcileri ile ger\u00e7ekle\u015ftirdi. Toplant\u0131ya kat\u0131lan temsilciler, Ba\u015fkan Se\u00e7er&#8217;e tar\u0131msal alandaki projelerle ilgili sorular y\u00f6neltirken; g\u00f6rev s\u00fcresi boyunca \u00fcretime ve \u00fcreticiye verdi\u011fi desteklerden \u00f6t\u00fcr\u00fc te\u015fekk\u00fcr ettiler. Kongre ve [&hellip;]<\/p>\n","protected":false},"author":2,"featured_media":30632,"comment_status":"open","ping_status":"open","sticky":false,"template":"","format":"standard","meta":{"footnotes":""},"categories":[2,3,5],"tags":[],"class_list":["post-30631","post","type-post","status-publish","format-standard","has-post-thumbnail","hentry","category-gundem","category-manset","category-mersin"],"views":1,"_links":{"self":[{"href":"https:\/\/mersinkadingazetesi.com\/index.php?rest_route=\/wp\/v2\/posts\/30631"}],"collection":[{"href":"https:\/\/mersinkadingazetesi.com\/index.php?rest_route=\/wp\/v2\/posts"}],"about":[{"href":"https:\/\/mersinkadingazetesi.com\/index.php?rest_route=\/wp\/v2\/types\/post"}],"author":[{"embeddable":true,"href":"https:\/\/mersinkadingazetesi.com\/index.php?rest_route=\/wp\/v2\/users\/2"}],"replies":[{"embeddable":true,"href":"https:\/\/mersinkadingazetesi.com\/index.php?rest_route=%2Fwp%2Fv2%2Fcomments&post=30631"}],"version-history":[{"count":0,"href":"https:\/\/mersinkadingazetesi.com\/index.php?rest_route=\/wp\/v2\/posts\/30631\/revisions"}],"wp:featuredmedia":[{"embeddable":true,"href":"https:\/\/mersinkadingazetesi.com\/index.php?rest_route=\/wp\/v2\/media\/30632"}],"wp:attachment":[{"href":"https:\/\/mersinkadingazetesi.com\/index.php?rest_route=%2Fwp%2Fv2%2Fmedia&parent=30631"}],"wp:term":[{"taxonomy":"category","embeddable":true,"href":"https:\/\/mersinkadingazetesi.com\/index.php?rest_route=%2Fwp%2Fv2%2Fcategories&post=30631"},{"taxonomy":"post_tag","embeddable":true,"href":"https:\/\/mersinkadingazetesi.com\/index.php?rest_route=%2Fwp%2Fv2%2Ftags&post=30631"}],"curies":[{"name":"wp","href":"https:\/\/api.w.org\/{rel}","templated":true}]}}