{"id":30649,"date":"2024-02-14T13:06:50","date_gmt":"2024-02-14T10:06:50","guid":{"rendered":"http:\/\/mersinkadingazetesi.com\/?p=30649"},"modified":"2024-02-14T13:06:50","modified_gmt":"2024-02-14T10:06:50","slug":"kadini-degersizlestiren-siyasi-anlayisa-karsi-mucadele-edecegiz","status":"publish","type":"post","link":"https:\/\/mersinkadingazetesi.com\/?p=30649","title":{"rendered":"\u201cKad\u0131n\u0131 de\u011fersizle\u015ftiren siyasi anlay\u0131\u015fa kar\u015f\u0131 m\u00fccadele edece\u011fiz\u201d"},"content":{"rendered":"<p>CHP Mersin Milletvekili G\u00fclcan K\u0131\u015f, Mersin\u2019de 11 \u015eubat 2015\u2019te katledilen ve kad\u0131na y\u00f6nelik \u015fiddetle m\u00fccadelenin simgesi haline gelen \u00d6zgecan Aslan\u2019\u0131 vefat\u0131n\u0131n y\u0131ld\u00f6n\u00fcm\u00fcnde and\u0131.<\/p>\n<p>TBMM Genel Kurulunda s\u00f6z alan CHP Mersin Milletvekili G\u00fclcan K\u0131\u015f, kad\u0131na y\u00f6nelik \u015fiddet olaylar\u0131n\u0131n ve cinayetlerinin son y\u0131llarda artt\u0131\u011f\u0131na dikkat \u00e7ekti.<\/p>\n<p>K\u0131\u015f konu\u015fmas\u0131na, u\u011frad\u0131\u011f\u0131 silahl\u0131 sald\u0131r\u0131 sonucu hayat\u0131n\u0131 kaybeden Adana B\u00fcy\u00fck \u015eehir Belediye Ba\u015fkan\u0131 Zeydan Karalar&#8217;\u0131n \u00d6zel Kalem M\u00fcd\u00fcr Vekili Samet G\u00fcd\u00fck&#8217;e rahmet, ailesine sab\u0131r ve ba\u015fsa\u011fl\u0131\u011f\u0131 dileyerek ba\u015flad\u0131.<\/p>\n<p>G\u00fclcan K\u0131\u015f, \u201cMersin&#8217;de dokuz y\u0131l \u00f6nce canice katledilen, kad\u0131na y\u00f6nelik \u015fiddetle m\u00fccadelenin simgesi h\u00e2line gelen hem\u015fehrimiz \u00d6zgecan Aslan&#8217;\u0131 vefat\u0131n\u0131n y\u0131l d\u00f6n\u00fcm\u00fcnde rahmetle an\u0131yorum. \u00d6zgecan Aslan\u2019\u0131n \u00f6ld\u00fcr\u00fcld\u00fc\u011f\u00fc g\u00fcnden bug\u00fcne 5 bine yak\u0131n kad\u0131n cinayete kurban gitmi\u015ftir. 2023 y\u0131l\u0131nda 315 kad\u0131n \u00f6ld\u00fcr\u00fcl\u00fcrken 2024\u2019\u00fcn Ocak ay\u0131nda ise 31 kad\u0131n katledildi. Failleri koruyan, cesaretlendiren, \u0130stanbul S\u00f6zle\u015fmesi\u2019nden bir gecede \u00e7\u0131kan, kad\u0131n\u0131 de\u011fersizle\u015ftiren siyasi anlay\u0131\u015fa kar\u015f\u0131, AKP\u2019nin yok sayd\u0131\u011f\u0131 yasalar\u0131 etkin bir \u015fekilde uygulayarak kad\u0131na \u015fiddeti sonland\u0131rmak i\u00e7in var g\u00fcc\u00fcm\u00fczle m\u00fccadelemize devam edece\u011fiz\u201d dedi.<\/p>\n","protected":false},"excerpt":{"rendered":"<p>CHP Mersin Milletvekili G\u00fclcan K\u0131\u015f, Mersin\u2019de 11 \u015eubat 2015\u2019te katledilen ve kad\u0131na y\u00f6nelik \u015fiddetle m\u00fccadelenin simgesi haline gelen \u00d6zgecan Aslan\u2019\u0131 vefat\u0131n\u0131n y\u0131ld\u00f6n\u00fcm\u00fcnde and\u0131. TBMM Genel Kurulunda s\u00f6z alan CHP Mersin Milletvekili G\u00fclcan K\u0131\u015f, kad\u0131na y\u00f6nelik \u015fiddet olaylar\u0131n\u0131n ve cinayetlerinin son y\u0131llarda artt\u0131\u011f\u0131na dikkat \u00e7ekti. K\u0131\u015f konu\u015fmas\u0131na, u\u011frad\u0131\u011f\u0131 silahl\u0131 sald\u0131r\u0131 sonucu hayat\u0131n\u0131 kaybeden Adana B\u00fcy\u00fck \u015eehir [&hellip;]<\/p>\n","protected":false},"author":2,"featured_media":30650,"comment_status":"open","ping_status":"open","sticky":false,"template":"","format":"standard","meta":{"footnotes":""},"categories":[3],"tags":[],"class_list":["post-30649","post","type-post","status-publish","format-standard","has-post-thumbnail","hentry","category-manset"],"views":1,"_links":{"self":[{"href":"https:\/\/mersinkadingazetesi.com\/index.php?rest_route=\/wp\/v2\/posts\/30649"}],"collection":[{"href":"https:\/\/mersinkadingazetesi.com\/index.php?rest_route=\/wp\/v2\/posts"}],"about":[{"href":"https:\/\/mersinkadingazetesi.com\/index.php?rest_route=\/wp\/v2\/types\/post"}],"author":[{"embeddable":true,"href":"https:\/\/mersinkadingazetesi.com\/index.php?rest_route=\/wp\/v2\/users\/2"}],"replies":[{"embeddable":true,"href":"https:\/\/mersinkadingazetesi.com\/index.php?rest_route=%2Fwp%2Fv2%2Fcomments&post=30649"}],"version-history":[{"count":0,"href":"https:\/\/mersinkadingazetesi.com\/index.php?rest_route=\/wp\/v2\/posts\/30649\/revisions"}],"wp:featuredmedia":[{"embeddable":true,"href":"https:\/\/mersinkadingazetesi.com\/index.php?rest_route=\/wp\/v2\/media\/30650"}],"wp:attachment":[{"href":"https:\/\/mersinkadingazetesi.com\/index.php?rest_route=%2Fwp%2Fv2%2Fmedia&parent=30649"}],"wp:term":[{"taxonomy":"category","embeddable":true,"href":"https:\/\/mersinkadingazetesi.com\/index.php?rest_route=%2Fwp%2Fv2%2Fcategories&post=30649"},{"taxonomy":"post_tag","embeddable":true,"href":"https:\/\/mersinkadingazetesi.com\/index.php?rest_route=%2Fwp%2Fv2%2Ftags&post=30649"}],"curies":[{"name":"wp","href":"https:\/\/api.w.org\/{rel}","templated":true}]}}