{"id":30678,"date":"2024-02-15T12:18:28","date_gmt":"2024-02-15T09:18:28","guid":{"rendered":"http:\/\/mersinkadingazetesi.com\/?p=30678"},"modified":"2024-02-15T12:18:28","modified_gmt":"2024-02-15T09:18:28","slug":"soydan-kimsenin-alin-teriyle-oynamayacagiz","status":"publish","type":"post","link":"https:\/\/mersinkadingazetesi.com\/?p=30678","title":{"rendered":"SOYDAN: &#8220;K\u0130MSEN\u0130N ALIN TER\u0130YLE OYNAMAYACA\u011eIZ&#8221;"},"content":{"rendered":"<p>Cumhur \u0130ttifak\u0131 Mersin B\u00fcy\u00fck\u015fehir Belediye Ba\u015fkan Aday\u0131 Serdar Soydan, i\u015f akdi feshedilen belediye personellerine ili\u015fkin &#8220;Haks\u0131zl\u0131\u011fa u\u011frayan personellerimizin i\u015fe geri d\u00f6n\u00fc\u015flerini sa\u011flamak i\u00e7in her zaman yanlar\u0131nday\u0131z. Kimsenin i\u015fiyle, a\u015f\u0131yla, al\u0131n teriyle oynamayaca\u011f\u0131z&#8221; diye konu\u015ftu.<\/p>\n<p>Yakla\u015fan yerel se\u00e7imler \u00f6ncesi ziyaretlerini s\u00fcrd\u00fcren Cumhur \u0130ttifak\u0131 Mersin B\u00fcy\u00fck\u015fehir Belediye Ba\u015fkan Aday\u0131 Serdar Soydan, kat\u0131ld\u0131\u011f\u0131 bir televizyon program\u0131nda i\u015f akdi feshedilen Mersin B\u00fcy\u00fck\u015fehir Belediyesi personellerine dair \u00f6nemli a\u00e7\u0131klamalarda bulundu. Soydan, &#8220;T\u00fcrkiye Cumhuriyeti Devleti&#8217;nin kurucusu Gazi Mustafa Kemal Atat\u00fcrk ve ba\u011f\u0131ms\u0131zl\u0131\u011f\u0131m\u0131z\u0131n ni\u015fanesi T\u00fcrk Bayra\u011f\u0131m\u0131z ile sorunu olmayanla bizim de sorunumuz olmaz. Bunu \u015fiar edinerek hi\u00e7 kimseyi i\u015ften \u00e7\u0131karmayaca\u011f\u0131m\u0131z\u0131n, haks\u0131zl\u0131\u011fa u\u011frayan personellerimizin de i\u015fe geri d\u00f6n\u00fc\u015flerini sa\u011flamak i\u00e7in her daim yanlar\u0131nda olaca\u011f\u0131m\u0131z\u0131n bilinmesini isterim&#8221; diye konu\u015ftu.<\/p>\n<p>&#8220;E\u015e\u0130TL\u0130K VE ADALET GET\u0130RECE\u011e\u0130Z&#8221;<\/p>\n<p>Mersin&#8217;e e\u015fit ve adaletli bir y\u00f6netim modelini getireceklerine vurgu yapan Serdar Soydan, &#8220;Bu e\u015fitlik ve adalet ilkelerine ilk \u00f6nce kendi belediyemiz i\u00e7inden ba\u015flayaca\u011f\u0131z. Mersin B\u00fcy\u00fck\u015fehir Belediyesi&#8217;nde \u00e7al\u0131\u015fan personelimizin mutlu olmas\u0131 gerekiyor. Biz hi\u00e7 kimsenin siyasi ya da d\u00fcnya g\u00f6r\u00fc\u015f\u00fcne bakmadan, i\u015fiyle, a\u015f\u0131yla, al\u0131n teriyle oynamadan, hi\u00e7 kimsenin yapmak istemedi\u011fi i\u015flere zorlamadan \u00e7al\u0131\u015faca\u011f\u0131z. Biz \u00f6nce kendi personelimizle mutlu olmak zorunday\u0131z. Biz kendi i\u00e7 yap\u0131m\u0131zda mutlu olaca\u011f\u0131z ki verimlilik arts\u0131n. Biz mutlu olursak Mersin mutlu olacak&#8221; dedi.<\/p>\n<p>&#8220;HAKSIZLI\u011eA U\u011eRAYAN PERSONEL\u0130N SONUNA KADAR YANINDAYIZ&#8221;<\/p>\n<p>Soydan, &#8220;Mevcut y\u00f6netim g\u00f6reve ilk geldi\u011finde binlerce \u00e7al\u0131\u015fan insan\u0131n, siyasi g\u00f6r\u00fc\u015f ayr\u0131l\u0131klar\u0131 gibi baz\u0131 nedenlerden dolay\u0131 i\u015f akdini feshettiler. Bu say\u0131 3 bin civar\u0131nda. Belki de 4 bin. Bu arkada\u015flar\u0131m\u0131z mahkeme yoluyla hakl\u0131l\u0131klar\u0131n\u0131 da ispat ettiler. Ama maalesef o noktada bir geri d\u00f6n\u00fc\u015f olmad\u0131. Biz i\u015f akdi feshedilen, haks\u0131zl\u0131\u011fa u\u011frayan arkada\u015flar\u0131m\u0131z\u0131n da sonuna kadar y\u00f6netime geldi\u011fimizde yanlar\u0131nda olaca\u011f\u0131z&#8221; diye konu\u015ftu. \u0130stihdama dair projelerinin haz\u0131r oldu\u011funun alt\u0131n\u0131 \u00e7izen Serdar Soydan, &#8220;9 Mart tarihinde projelerimizi vatanda\u015flar\u0131m\u0131z\u0131n taktirine sunaca\u011f\u0131z. Bu projelerimiz ile birlikte istihdam\u0131 da sa\u011flayaca\u011f\u0131z. \u0130stihdam sa\u011flad\u0131\u011f\u0131m\u0131z zaman i\u015f konusunda da bir s\u0131k\u0131nt\u0131 olmayacak&#8221; ifadelerini kulland\u0131. <\/p>\n","protected":false},"excerpt":{"rendered":"<p>Cumhur \u0130ttifak\u0131 Mersin B\u00fcy\u00fck\u015fehir Belediye Ba\u015fkan Aday\u0131 Serdar Soydan, i\u015f akdi feshedilen belediye personellerine ili\u015fkin &#8220;Haks\u0131zl\u0131\u011fa u\u011frayan personellerimizin i\u015fe geri d\u00f6n\u00fc\u015flerini sa\u011flamak i\u00e7in her zaman yanlar\u0131nday\u0131z. Kimsenin i\u015fiyle, a\u015f\u0131yla, al\u0131n teriyle oynamayaca\u011f\u0131z&#8221; diye konu\u015ftu. Yakla\u015fan yerel se\u00e7imler \u00f6ncesi ziyaretlerini s\u00fcrd\u00fcren Cumhur \u0130ttifak\u0131 Mersin B\u00fcy\u00fck\u015fehir Belediye Ba\u015fkan Aday\u0131 Serdar Soydan, kat\u0131ld\u0131\u011f\u0131 bir televizyon program\u0131nda i\u015f akdi [&hellip;]<\/p>\n","protected":false},"author":2,"featured_media":30679,"comment_status":"open","ping_status":"open","sticky":false,"template":"","format":"standard","meta":{"footnotes":""},"categories":[2,3,6],"tags":[],"class_list":["post-30678","post","type-post","status-publish","format-standard","has-post-thumbnail","hentry","category-gundem","category-manset","category-siyaset-2"],"views":3,"_links":{"self":[{"href":"https:\/\/mersinkadingazetesi.com\/index.php?rest_route=\/wp\/v2\/posts\/30678"}],"collection":[{"href":"https:\/\/mersinkadingazetesi.com\/index.php?rest_route=\/wp\/v2\/posts"}],"about":[{"href":"https:\/\/mersinkadingazetesi.com\/index.php?rest_route=\/wp\/v2\/types\/post"}],"author":[{"embeddable":true,"href":"https:\/\/mersinkadingazetesi.com\/index.php?rest_route=\/wp\/v2\/users\/2"}],"replies":[{"embeddable":true,"href":"https:\/\/mersinkadingazetesi.com\/index.php?rest_route=%2Fwp%2Fv2%2Fcomments&post=30678"}],"version-history":[{"count":0,"href":"https:\/\/mersinkadingazetesi.com\/index.php?rest_route=\/wp\/v2\/posts\/30678\/revisions"}],"wp:featuredmedia":[{"embeddable":true,"href":"https:\/\/mersinkadingazetesi.com\/index.php?rest_route=\/wp\/v2\/media\/30679"}],"wp:attachment":[{"href":"https:\/\/mersinkadingazetesi.com\/index.php?rest_route=%2Fwp%2Fv2%2Fmedia&parent=30678"}],"wp:term":[{"taxonomy":"category","embeddable":true,"href":"https:\/\/mersinkadingazetesi.com\/index.php?rest_route=%2Fwp%2Fv2%2Fcategories&post=30678"},{"taxonomy":"post_tag","embeddable":true,"href":"https:\/\/mersinkadingazetesi.com\/index.php?rest_route=%2Fwp%2Fv2%2Ftags&post=30678"}],"curies":[{"name":"wp","href":"https:\/\/api.w.org\/{rel}","templated":true}]}}