{"id":30701,"date":"2024-02-16T12:51:20","date_gmt":"2024-02-16T09:51:20","guid":{"rendered":"http:\/\/mersinkadingazetesi.com\/?p=30701"},"modified":"2024-02-16T12:51:20","modified_gmt":"2024-02-16T09:51:20","slug":"uysaldan-uluslararasi-davet-tum-ogrencilerimizi-turkiyede-okumaya-bekleriz","status":"publish","type":"post","link":"https:\/\/mersinkadingazetesi.com\/?p=30701","title":{"rendered":"UYSAL\u2019DAN ULUSLARARASI DAVET: T\u00dcM \u00d6\u011eRENC\u0130LER\u0130M\u0130Z\u0130 T\u00dcRK\u0130YE\u2019DE OKUMAYA BEKLER\u0130Z"},"content":{"rendered":"<p>Milliyet\u00e7i Hareket Partisi Mersin Milletvekili Dr. Levent Uysal Fas\u2019\u0131n ba\u015fkenti Rabat\u2019ta d\u00fczenlenen Akdeniz i\u00e7in Birlik Parlamenter Asamblesi (AIBPA) Zirvesi\u2019ne kat\u0131larak T\u00fcrkiye\u2019yi temsil etti. Uysal, ekonomik ve mali konular, sosyal i\u015fler ile e\u011fitim komitesi toplant\u0131s\u0131nda s\u00f6z alarak uluslararas\u0131 \u00f6\u011frencilerin \u00fclke ekonomisi ve tan\u0131t\u0131m\u0131 noktas\u0131ndaki \u00f6nemini dile getirdi.<br \/>\nAkdeniz\u2019de i\u015f birli\u011finin g\u00fc\u00e7lendirilmesini ama\u00e7layan Akdeniz i\u00e7in Birlik Parlamenter Asamblesi Zirvesi bu y\u0131l Fas\u2019\u0131n ba\u015fkenti Rabat\u2019ta ger\u00e7ekle\u015ftirildi. Milliyet\u00e7i Hareket Partisi Mersin Milletvekili Dr. Levent Uysal da zirveye kat\u0131larak hem e\u011fitim hem de enerji ve su komitelerinde s\u00f6z ald\u0131.<br \/>\nAkdeniz\u2019e s\u0131n\u0131r\u0131 olan \u00fclkelerden \u00f6\u011frencilerin T\u00fcrkiye\u2019yi tercih etmesinin, \u00fclkenin tan\u0131n\u0131rl\u0131\u011f\u0131 a\u00e7\u0131s\u0131ndan de\u011ferli oldu\u011funu anlatan Uysal \u015fu ifadelere yer verdi;<br \/>\n\u201cBiz \u00f6zellikle Akdeniz\u2019e s\u0131n\u0131r\u0131 olan \u00fclkelerden \u00f6\u011frenci alabiliyoruz. Gerekti\u011finde de Avrupa\u2019ya bir hat olarak \u0130stanbul\u2019u kullan\u0131yoruz. \u00d6\u011frencilerimiz, her \u015feyden \u00f6nemlisi mezun olduklar\u0131nda \u00fclkelerine geri gittiklerinde T\u00fcrkiye\u2019yi ve d\u00fcnyay\u0131 \u00e7ok iyi tan\u0131t\u0131yor. Bunun i\u00e7in birlikte yapt\u0131\u011f\u0131m\u0131z toplant\u0131lara mezun olan \u00f6\u011frencileri de dahil edip onlar\u0131n da bu iyi dostlu\u011fu nesilden nesile aktarmas\u0131n\u0131 \u00f6neriyorum.\u201d<br \/>\nEnerji ve su komitesinde de de\u011ferlendirmelerde bulunan MHP Mersin Milletvekili Dr. Levent Uysal d\u00fcnya genelinde y\u00f6nelinen yenilenebilir enerjinin rol\u00fcne dikkat \u00e7ekti.<br \/>\nMHP\u2019li Uysal \u201cYenilenebilir enerji kaynaklar\u0131na ve depolama yat\u0131r\u0131mlar\u0131na hem \u00fclkemizden hem de d\u00fcnyadan yo\u011fun ilgi var. \u0130klim de\u011fi\u015fikli\u011fi m\u00fccadelemizde de olduk\u00e7a \u00f6neme sahip. Do\u011fa dostu, ye\u015fil enerji de \u00f6n planda tutularak \u00e7al\u0131\u015fmalar yap\u0131lmal\u0131. T\u00fcrkiye Cumhuriyeti Devleti olarak, Cumhuriyetimizin yeni y\u00fczy\u0131l\u0131nda yenilenebilir enerji sekt\u00f6r\u00fcnde uluslararas\u0131 bir yat\u0131r\u0131m ata\u011f\u0131m\u0131z olacak. Di\u011fer taraftan k\u0131y\u0131lar\u0131m\u0131z\u0131n ve deniz ekosistemimizin kirlilikten korunmas\u0131 i\u00e7in eskisinden de \u00e7ok \u00e7al\u0131\u015facak denizlerimizi tertemiz tutaca\u011f\u0131z. Su kaynaklar\u0131m\u0131z\u0131 do\u011fru ve verimli kullanabilmek ad\u0131na da toplumu bilin\u00e7lendirmemiz gerekiyor.\u201d \u015feklinde konu\u015ftu.<\/p>\n","protected":false},"excerpt":{"rendered":"<p>Milliyet\u00e7i Hareket Partisi Mersin Milletvekili Dr. Levent Uysal Fas\u2019\u0131n ba\u015fkenti Rabat\u2019ta d\u00fczenlenen Akdeniz i\u00e7in Birlik Parlamenter Asamblesi (AIBPA) Zirvesi\u2019ne kat\u0131larak T\u00fcrkiye\u2019yi temsil etti. Uysal, ekonomik ve mali konular, sosyal i\u015fler ile e\u011fitim komitesi toplant\u0131s\u0131nda s\u00f6z alarak uluslararas\u0131 \u00f6\u011frencilerin \u00fclke ekonomisi ve tan\u0131t\u0131m\u0131 noktas\u0131ndaki \u00f6nemini dile getirdi. Akdeniz\u2019de i\u015f birli\u011finin g\u00fc\u00e7lendirilmesini ama\u00e7layan Akdeniz i\u00e7in Birlik Parlamenter [&hellip;]<\/p>\n","protected":false},"author":2,"featured_media":30702,"comment_status":"open","ping_status":"open","sticky":false,"template":"","format":"standard","meta":{"footnotes":""},"categories":[3,6],"tags":[],"class_list":["post-30701","post","type-post","status-publish","format-standard","has-post-thumbnail","hentry","category-manset","category-siyaset-2"],"views":0,"_links":{"self":[{"href":"https:\/\/mersinkadingazetesi.com\/index.php?rest_route=\/wp\/v2\/posts\/30701"}],"collection":[{"href":"https:\/\/mersinkadingazetesi.com\/index.php?rest_route=\/wp\/v2\/posts"}],"about":[{"href":"https:\/\/mersinkadingazetesi.com\/index.php?rest_route=\/wp\/v2\/types\/post"}],"author":[{"embeddable":true,"href":"https:\/\/mersinkadingazetesi.com\/index.php?rest_route=\/wp\/v2\/users\/2"}],"replies":[{"embeddable":true,"href":"https:\/\/mersinkadingazetesi.com\/index.php?rest_route=%2Fwp%2Fv2%2Fcomments&post=30701"}],"version-history":[{"count":0,"href":"https:\/\/mersinkadingazetesi.com\/index.php?rest_route=\/wp\/v2\/posts\/30701\/revisions"}],"wp:featuredmedia":[{"embeddable":true,"href":"https:\/\/mersinkadingazetesi.com\/index.php?rest_route=\/wp\/v2\/media\/30702"}],"wp:attachment":[{"href":"https:\/\/mersinkadingazetesi.com\/index.php?rest_route=%2Fwp%2Fv2%2Fmedia&parent=30701"}],"wp:term":[{"taxonomy":"category","embeddable":true,"href":"https:\/\/mersinkadingazetesi.com\/index.php?rest_route=%2Fwp%2Fv2%2Fcategories&post=30701"},{"taxonomy":"post_tag","embeddable":true,"href":"https:\/\/mersinkadingazetesi.com\/index.php?rest_route=%2Fwp%2Fv2%2Ftags&post=30701"}],"curies":[{"name":"wp","href":"https:\/\/api.w.org\/{rel}","templated":true}]}}