{"id":30704,"date":"2024-02-16T16:29:56","date_gmt":"2024-02-16T13:29:56","guid":{"rendered":"http:\/\/mersinkadingazetesi.com\/?p=30704"},"modified":"2024-02-16T16:29:56","modified_gmt":"2024-02-16T13:29:56","slug":"her-ulke-mesleki-egitim-politikasini-kendi-ozelinde-ele-almali","status":"publish","type":"post","link":"https:\/\/mersinkadingazetesi.com\/?p=30704","title":{"rendered":"\u201cHer \u00fclke mesleki e\u011fitim politikas\u0131n\u0131 kendi \u00f6zelinde ele almal\u0131\u201d"},"content":{"rendered":"<p>T\u00fcrkiye Cumhuriyeti ile Avrupa Birli\u011fi taraf\u0131ndan finanse edilip Mersin Ticaret ve Sanayi Odas\u0131 (MTSO) taraf\u0131ndan y\u00fcr\u00fct\u00fclen \u2018Mersin \u0130linde \u0130\u015f D\u00fcnyas\u0131n\u0131n De\u011fi\u015fen \u0130htiya\u00e7lar\u0131n\u0131n Mesleki E\u011fitimin Entegrasyonu ile Kar\u015f\u0131lanmas\u0131 Projesi\u2019 kapsam\u0131nda\u2018Dijital D\u00f6n\u00fc\u015f\u00fcm Oda\u011f\u0131nda Mesleki E\u011fitim ve \u0130\u015f D\u00fcnyas\u0131 Uluslararas\u0131 Konferans\u0131\u2019 d\u00fczenlendi. MTSO Y\u00f6netim Kurulu Ba\u015fkan\u0131 Hakan Sefa \u00c7ak\u0131r, Milli E\u011fitim Bakanl\u0131\u011f\u0131 Mesleki ve Teknik E\u011fitim Genel M\u00fcd\u00fcr\u00fc Ali Karag\u00f6z, Mersin \u0130l Milli E\u011fitim M\u00fcd\u00fcr\u00fc Fazilet Durmu\u015f ve sekt\u00f6r payda\u015flar\u0131n\u0131n kat\u0131ld\u0131\u011f\u0131 konferansla AB \u00fclkeleriyle T\u00fcrkiye aras\u0131nda mesleki e\u011fitime ili\u015fkin iyi \u00f6rnek uygulamalar\u0131n\u0131n aktar\u0131lmas\u0131 hedeflendi.<br \/>\nProje kapsam\u0131nda bug\u00fcne kadar MTSO Sekt\u00f6rel Yetkinlik Geli\u015ftirme Merkezi kuruldu. T\u00fcrkiye genelinden elektrik, elektronik ve end\u00fcstriyel otomasyon alan\u0131nda e\u011fitim veren toplam 148 meslek \u00f6\u011fretmeninin yetkinliklerini geli\u015ftirmek i\u00e7in teorik ve KOB\u0130\u2019lerle yap\u0131lan e\u015fle\u015ftirmelerle i\u015fba\u015f\u0131nda uygulamal\u0131 e\u011fitim programlar\u0131 d\u00fczenlendi. Yetkinlik Geli\u015ftirme Merkezi b\u00fcnyesinde kurulan laboratuvarlarda d\u00fczenlenen e\u011fitimleri kapsayan 6 adet rehber kitap\u00e7\u0131\u011f\u0131 haz\u0131rland\u0131. Merkez hizmetinin bir uzant\u0131s\u0131 olarak \u00e7evrim i\u00e7i \u00f6\u011frenme ve a\u011f platformu i\u00e7in gerekli \u00e7al\u0131\u015fmalar tamamlanarak \u00e7evrim i\u00e7i yay\u0131na haz\u0131r hale getirildi. Projenin son aya\u011f\u0131nda ise D\u00f6n\u00fc\u015f\u00fcm Oda\u011f\u0131nda Mesleki E\u011fitim ve \u0130\u015f D\u00fcnyas\u0131 Uluslararas\u0131 Konferans\u0131 d\u00fczenlendi. <\/p>\n<p>\u201c\u0130\u015f d\u00fcnyas\u0131n\u0131n ihtiya\u00e7lar\u0131 meslek liselerine entegre ediliyor\u201d<br \/>\nDijital d\u00f6n\u00fc\u015f\u00fcm\u00fcn artmas\u0131 sonras\u0131 i\u015f d\u00fcnyas\u0131n\u0131n de\u011fi\u015fen ihtiya\u00e7lar\u0131na daha h\u0131zl\u0131 \u00e7\u00f6z\u00fcmler \u00fcretebilmek hedefiyle d\u00fczenlenen konferans iki oturumda ger\u00e7ekle\u015fti. \u0130lk oturumun konu\u015fmac\u0131lar\u0131 Konstanz \u00dcniversitesi \u00d6\u011fretim G\u00f6revlisi Oksana Melnyk, Avrupa E\u011fitim Vakf\u0131 Politika Dan\u0131\u015fma ve AB Programlama Birimi Ba\u015fkan\u0131 Georgios Zisimos, WorldSkills \u0130nternatiol\u2019da Beceri Yar\u0131\u015fmas\u0131 Y\u00f6neticisi Sasa Simovic ile Sakarya Uygulamal\u0131 Bilimler \u00dcniversitesi \u00d6\u011fretim G\u00f6revlisi Dr. Faruk Yah\u015fi oldu. Melnyk geli\u015fmekte olan \u00fclkelerin mesleki e\u011fitim sistemlerinde uluslararas\u0131 organizasyonlar ve politika olu\u015fumu hakk\u0131nda kat\u0131l\u0131mc\u0131lar\u0131 bilgilendirdi. Zisimos d\u00fcnyada uygulanan e\u011fitim reformlar\u0131 hakk\u0131nda bilgi verip \u00fclkelerin bu alanda politika olu\u015fturma s\u00fcre\u00e7lerini \u00f6zetlerken Simovic, mesleki e\u011fitimde end\u00fcstri 4.0\u2019\u0131n ara\u00e7lar\u0131 hakk\u0131nda bilgilendirme yap\u0131p bu alanda nelere dikkat edilmesi gerekti\u011fini aktard\u0131. Panelin moderat\u00f6rl\u00fc\u011f\u00fcn\u00fc de \u00fcstlenen Yah\u015fi\u2019nin konusu ise d\u00fcnyada ve T\u00fcrkiye\u2019deki mesleki e\u011fitim modellerinin kar\u015f\u0131la\u015ft\u0131r\u0131lmas\u0131 oldu.<br \/>\n\u0130kinci panelin konu\u015fmac\u0131lar\u0131 ise Avrupa E\u011fitim Vakf\u0131 K\u0131demli \u0130nsan Sermayesi Geli\u015ftirme Uzman\u0131 Lida K\u0131ta, Manisa Celal Bayar \u00dcniversitesi \u00d6\u011fretim G\u00f6revlisi Prof. Dr. Sezai Ta\u015fk\u0131n ile Mesleki E\u011fitim ve \u00d6\u011fretim \u00d6\u011fretmeni, Elektrik Elektronik M\u00fchendisi Fatih Cebeci oldu. K\u0131ta sunumunda T\u00fcrkiye\u2019de mesleki e\u011fitim reformlar, uygulama modelleri hakk\u0131nda bilgi verirken panelin moderat\u00f6rl\u00fc\u011f\u00fcn\u00fc de \u00fcstlenen Ta\u015fk\u0131n, m\u00fchendislik e\u011fitiminde dijital d\u00f6n\u00fc\u015f\u00fcme de\u011finip \u00fcniversite b\u00fcnyesinde y\u00fcr\u00fctt\u00fckleri uygulamalar\u0131 anlatt\u0131. Son konu\u015fmac\u0131 Cebeci ise End\u00fcstri 4.0\u2019\u0131 mesleki e\u011fitim oda\u011f\u0131nda de\u011ferlendirerek \u00e7al\u0131\u015fma hayat\u0131na yans\u0131malar\u0131n\u0131 ele ald\u0131.<br \/>\nKonferansta Hayata Destek Y\u00f6netim Kurulu \u00dcyesi, Abor \u0130mpact Kurucusu ve Direkt\u00f6r\u00fc \u0130nci Aylin Gezg\u00fc\u00e7 ise Vehbi Ko\u00e7 Vakf\u0131 deste\u011fiyle y\u00fcr\u00fctt\u00fckleri \u201cMeslek Lisesi Memleket Meselesi\u201d konulu projesinin detaylar\u0131n\u0131 anlatt\u0131. <\/p>\n<p>\u00c7ak\u0131r: \u201cMeslek liseleri milletlerin meselesidir\u201d<br \/>\nKonferans\u0131n a\u00e7\u0131l\u0131\u015f\u0131nda konu\u015fan MTSO Y\u00f6netim Kurulu Ba\u015fkan\u0131 Hakan Sefa \u00c7ak\u0131r, Oda\u2019n\u0131n k\u0131sa, orta ve uzun vadeli hedefleri bulunup bu hedeflere y\u00f6nelik odak projeler haz\u0131rlad\u0131klar\u0131n\u0131 s\u00f6yledi. Oda\u2019n\u0131n de\u011fi\u015fmeyen hedefleri bulundu\u011funu da kaydeden \u00c7ak\u0131r, bunlar\u0131 ise \u00fcreten bir ekonomi olmak, lojistik, d\u0131\u015f ticaret, tar\u0131m, sanayi ve turizmde katma de\u011ferle yenilik\u00e7i \u00fcretim ve hizmetler yaratmak olarak s\u0131ralad\u0131. Baz\u0131 d\u00f6nemlerde ise \u00f6zel konulara odaklanmay\u0131 tercih ettiklerine de\u011finen \u00c7ak\u0131r \u015funlar\u0131 s\u00f6yledi:<br \/>\n\u201c\u0130\u015fte 2024 Mersin i\u015f d\u00fcnyas\u0131 i\u00e7in ekonomide ye\u015fil d\u00f6n\u00fc\u015f\u00fcm, dijitalle\u015fme, sekt\u00f6rlerde k\u00fcmelenme y\u0131l\u0131d\u0131r. Ve artarak ihtiya\u00e7 duyulan vas\u0131fl\u0131 insan g\u00fcc\u00fcn\u00fc yeti\u015ftirme amac\u0131na y\u00f6nelik yeni nesil, uygulamaya dayal\u0131 bir mesleki e\u011fitim y\u0131l\u0131 olacakt\u0131r. Haz\u0131rlad\u0131\u011f\u0131m\u0131z bu proje dijitalle\u015fme ve mesleki e\u011fitime odaklanmas\u0131 nedeniyle Mersin i\u015f d\u00fcnyas\u0131n\u0131n temel d\u00f6rt hedefinden ikisini kapsamaktad\u0131r. Bu nedenle \u00e7ok \u00f6nemsiyoruz.\u201d<br \/>\nT\u00fcrkiye\u2019de bir s\u00fcre \u00f6nce, \u2018Meslek lisesi memleket meselesi\u2019 slogan\u0131yla ba\u015flat\u0131lan seferberli\u011fin d\u00fczenlenen konferansla \u2018Meslek liseleri milletlerin meselesi\u2019 slogan\u0131na evrildi\u011fini dile getiren \u00c7ak\u0131r, k\u00fcreselle\u015fen d\u00fcnyada insan kayna\u011f\u0131na etkin \u015fekilde beceri kazand\u0131r\u0131lmas\u0131n\u0131n bir d\u00fcnya meselesine d\u00f6n\u00fc\u015ft\u00fc\u011f\u00fcn\u00fc s\u00f6yledi.<br \/>\nDe\u011fi\u015fime direnmeyip uyum sa\u011flanmas\u0131 gerekti\u011fini vurgulayan \u00c7ak\u0131r, \u201cKonu, basit bir ekonomi konusu de\u011fildir. Konu; insan\u0131m\u0131za onurlu, sa\u011fl\u0131kl\u0131, huzurlu bir gelecek vermektir. Toplumsal refahla, toplumsal huzuru yakalamakt\u0131r\u201d dedi. Geride kalan haftay\u0131 Mersin i\u00e7in tam bir mesleki e\u011fitim seferberli\u011fi haftas\u0131 olarak nitelendiren \u00c7ak\u0131r, s\u00f6zlerini \u015f\u00f6yle tamamlad\u0131:<br \/>\n\u201cYar\u0131n Oda olarak Mersin \u0130l Milli E\u011fitim M\u00fcd\u00fcrl\u00fc\u011f\u00fcyle birlikte bir Mesleki E\u011fitim \u00c7al\u0131\u015ftay\u0131 d\u00fczenleyece\u011fiz. Bu konferanstan alaca\u011f\u0131m\u0131z bilgilerlerin, yar\u0131n d\u00fczenleyece\u011fimiz \u00e7al\u0131\u015ftaya b\u00fcy\u00fck katk\u0131 yapaca\u011f\u0131na inan\u0131yoruz. Konferans sonu\u00e7lar\u0131n\u0131n ve yar\u0131n d\u00fczenlenecek Mesleki E\u011fitim \u00c7al\u0131\u015ftay\u0131n\u0131n i\u015f d\u00fcnyas\u0131ndaki ve mesleki e\u011fitimdeki, arzu etti\u011fimiz de\u011fi\u015fim ve d\u00f6n\u00fc\u015f\u00fcme b\u00fcy\u00fck katk\u0131 sunaca\u011f\u0131na olan inanc\u0131mla kat\u0131l\u0131mlar\u0131n\u0131z i\u00e7in tekrar te\u015fekk\u00fcr ediyorum.\u201d <\/p>\n<p>Karag\u00f6z: \u201cDijital d\u00f6n\u00fc\u015f\u00fcm ye\u015fil d\u00f6n\u00fc\u015f\u00fcm\u00fc de g\u00fc\u00e7lendirmeli\u201d<br \/>\nDijital d\u00f6n\u00fc\u015f\u00fcm\u00fcn insan hayat\u0131na h\u0131zla girdi\u011fine de\u011finen Mesleki ve Teknik E\u011fitim Genel M\u00fcd\u00fcr\u00fc Ali Karag\u00f6z, \u201cBu d\u00f6n\u00fc\u015f\u00fcm\u00fc hayat\u0131m\u0131za y\u00f6n veren de\u011fil hayat\u0131m\u0131z\u0131 kolayla\u015ft\u0131ran bir boyuta evirmeliyiz\u201d de\u011ferlendirmesini yapt\u0131. Dijital d\u00f6n\u00fc\u015f\u00fcm kadar son d\u00f6nemlerde ye\u015fil d\u00f6n\u00fc\u015f\u00fcm\u00fcn gereklili\u011finin de kendisini g\u00f6sterdi\u011fini vurgulayan Karag\u00f6z, dijital d\u00f6n\u00fc\u015f\u00fcm\u00fcn ye\u015fil d\u00f6n\u00fc\u015f\u00fcm\u00fc g\u00fc\u00e7lendirmesi, ikili d\u00f6n\u00fc\u015f\u00fcm sa\u011flanmas\u0131 gerekti\u011fini s\u00f6yledi. Karag\u00f6z \u015f\u00f6yle konu\u015ftu:<br \/>\n\u201cDijital d\u00f6n\u00fc\u015f\u00fcm \u00fcretimden t\u00fcketime kadar her kayna\u011f\u0131n nas\u0131l etkili kullan\u0131labilece\u011fini bize en \u00fcst perdeden anlatan bir d\u00f6n\u00fc\u015f\u00fcm olmal\u0131. Bunu nitelikli, e\u011fitimli i\u015fg\u00fcc\u00fc ile yapabiliriz. Bu noktadan hareketle mesleki e\u011fitimin dijital d\u00f6n\u00fc\u015f\u00fcm\u00fcn de ye\u015fil d\u00f6n\u00fc\u015f\u00fcm\u00fcn de ihtiya\u00e7lar\u0131n\u0131 alg\u0131lay\u0131p ona uygun \u00fcretimin kar\u015f\u0131lanabilmesini hayata ge\u00e7irmeliyiz. Bunu da nitelikli mesleki ve teknik e\u011fitimle kazand\u0131rmaya gayret ediyoruz.\u201d  <\/p>\n<p>Durmu\u015f: \u201cMersin\u2019de bir model ortaya \u00e7\u0131karmak istiyoruz\u201d<br \/>\nMersin \u0130l Milli E\u011fitim M\u00fcd\u00fcr\u00fc Fazilet Durmu\u015f ise T\u00fcrkiye\u2019nin ikinci y\u00fczy\u0131l\u0131n\u0131 bug\u00fcn\u00fcn gen\u00e7lerinin olu\u015fturaca\u011f\u0131n\u0131 s\u00f6yledi. Gen\u00e7lerin dijitale olan yatk\u0131nl\u0131\u011f\u0131n\u0131 hat\u0131rlatan Durmu\u015f, dijital d\u00f6n\u00fc\u015f\u00fcm\u00fcn \u00e7al\u0131\u015fmalara entegre edilmesinin \u00f6nemine de\u011findi. Mersin\u2019de d\u00fcnya ekonomileriyle rekabet edebilmek ad\u0131na i\u015f d\u00fcnyas\u0131yla e\u011fitim d\u00fcnyas\u0131n\u0131n g\u00fc\u00e7l\u00fc entegrasyonunu sa\u011flay\u0131p bir model ortaya \u00e7\u0131karmak istediklerini kaydeden Durmu\u015f, \u201cBu anlamda MTSO ba\u015fkan\u0131m\u0131z\u0131n liderli\u011finde sekt\u00f6r temsilcilerimizin katk\u0131lar\u0131 ve Milli E\u011fitim Bakanl\u0131\u011f\u0131m\u0131z\u0131n bize sa\u011flad\u0131\u011f\u0131 destekler \u00e7er\u00e7evesinde \u00e7al\u0131\u015fmaya devam edece\u011fiz\u201d dedi. <\/p>\n","protected":false},"excerpt":{"rendered":"<p>T\u00fcrkiye Cumhuriyeti ile Avrupa Birli\u011fi taraf\u0131ndan finanse edilip Mersin Ticaret ve Sanayi Odas\u0131 (MTSO) taraf\u0131ndan y\u00fcr\u00fct\u00fclen \u2018Mersin \u0130linde \u0130\u015f D\u00fcnyas\u0131n\u0131n De\u011fi\u015fen \u0130htiya\u00e7lar\u0131n\u0131n Mesleki E\u011fitimin Entegrasyonu ile Kar\u015f\u0131lanmas\u0131 Projesi\u2019 kapsam\u0131nda\u2018Dijital D\u00f6n\u00fc\u015f\u00fcm Oda\u011f\u0131nda Mesleki E\u011fitim ve \u0130\u015f D\u00fcnyas\u0131 Uluslararas\u0131 Konferans\u0131\u2019 d\u00fczenlendi. MTSO Y\u00f6netim Kurulu Ba\u015fkan\u0131 Hakan Sefa \u00c7ak\u0131r, Milli E\u011fitim Bakanl\u0131\u011f\u0131 Mesleki ve Teknik E\u011fitim Genel M\u00fcd\u00fcr\u00fc [&hellip;]<\/p>\n","protected":false},"author":2,"featured_media":30705,"comment_status":"open","ping_status":"open","sticky":false,"template":"","format":"standard","meta":{"footnotes":""},"categories":[7,1,2,3,5],"tags":[],"class_list":["post-30704","post","type-post","status-publish","format-standard","has-post-thumbnail","hentry","category-dunya","category-genel","category-gundem","category-manset","category-mersin"],"views":3,"_links":{"self":[{"href":"https:\/\/mersinkadingazetesi.com\/index.php?rest_route=\/wp\/v2\/posts\/30704"}],"collection":[{"href":"https:\/\/mersinkadingazetesi.com\/index.php?rest_route=\/wp\/v2\/posts"}],"about":[{"href":"https:\/\/mersinkadingazetesi.com\/index.php?rest_route=\/wp\/v2\/types\/post"}],"author":[{"embeddable":true,"href":"https:\/\/mersinkadingazetesi.com\/index.php?rest_route=\/wp\/v2\/users\/2"}],"replies":[{"embeddable":true,"href":"https:\/\/mersinkadingazetesi.com\/index.php?rest_route=%2Fwp%2Fv2%2Fcomments&post=30704"}],"version-history":[{"count":0,"href":"https:\/\/mersinkadingazetesi.com\/index.php?rest_route=\/wp\/v2\/posts\/30704\/revisions"}],"wp:featuredmedia":[{"embeddable":true,"href":"https:\/\/mersinkadingazetesi.com\/index.php?rest_route=\/wp\/v2\/media\/30705"}],"wp:attachment":[{"href":"https:\/\/mersinkadingazetesi.com\/index.php?rest_route=%2Fwp%2Fv2%2Fmedia&parent=30704"}],"wp:term":[{"taxonomy":"category","embeddable":true,"href":"https:\/\/mersinkadingazetesi.com\/index.php?rest_route=%2Fwp%2Fv2%2Fcategories&post=30704"},{"taxonomy":"post_tag","embeddable":true,"href":"https:\/\/mersinkadingazetesi.com\/index.php?rest_route=%2Fwp%2Fv2%2Ftags&post=30704"}],"curies":[{"name":"wp","href":"https:\/\/api.w.org\/{rel}","templated":true}]}}