{"id":30713,"date":"2024-02-18T11:00:55","date_gmt":"2024-02-18T08:00:55","guid":{"rendered":"http:\/\/mersinkadingazetesi.com\/?p=30713"},"modified":"2024-02-18T11:00:55","modified_gmt":"2024-02-18T08:00:55","slug":"tarsus-halkinin-secere-destegi-de-guveni-de-tam","status":"publish","type":"post","link":"https:\/\/mersinkadingazetesi.com\/?p=30713","title":{"rendered":"TARSUS HALKININ SE\u00c7ER&#8217;E DESTE\u011e\u0130 DE G\u00dcVEN\u0130 DE TAM"},"content":{"rendered":"<p>Mersin B\u00fcy\u00fck\u015fehir Belediye Ba\u015fkan\u0131 Vahap Se\u00e7er, s\u0131k s\u0131k ger\u00e7ekle\u015ftirdi\u011fi esnaf ve vatanda\u015f ziyaretlerini Tarsus il\u00e7esiyle s\u00fcrd\u00fcrd\u00fc. Ziyarette Ba\u015fkan Se\u00e7er&#8217;den ve B\u00fcy\u00fck\u015fehir&#8217;den memnuniyetini dile getiren Tarsus halk\u0131, gelecek d\u00f6nemde de Ba\u015fkan Se\u00e7er&#8217;i g\u00f6rmek istediklerini belirtti.<\/p>\n<p>Ba\u015fkan Se\u00e7er&#8217;e Tarsus ziyaretinde, Cumhuriyet Halk Partisi (CHP) Tarsus Belediye Ba\u015fkan Aday\u0131 Ali Bolta\u00e7, CHP Tarsus \u0130l\u00e7e Ba\u015fkan\u0131 Selahattin \u015eahin, Tarsus \u0130l\u00e7e Kad\u0131n Kollar\u0131 Ba\u015fkan\u0131 Belda Boro\u011flu, Tarsus \u0130l\u00e7e Gen\u00e7lik Kollar\u0131 Ba\u015fkan\u0131 O\u011fuz Can \u0130lk, il ve il\u00e7e y\u00f6neticileri, meclis \u00fcyeleri, muhtarlar ve B\u00fcy\u00fck\u015fehir b\u00fcrokratlar\u0131 e\u015flik etti.<\/p>\n<p>\u0130lk olarak Yarenlik Alan\u0131&#8217;nda esnaf\u0131 ziyaret eden Se\u00e7er, gezisi boyunca Tarsus halk\u0131n\u0131n yo\u011fun ilgisiyle kar\u015f\u0131la\u015ft\u0131. Tarsuslu yurtta\u015flar Ba\u015fkan Se\u00e7er&#8217;in s\u0131k s\u0131k halkla bir araya gelmesinden mutluluk duyduklar\u0131n\u0131 belirterek gelecek d\u00f6nemde de Se\u00e7er&#8217;i ba\u015fkan olarak g\u00f6rmek istediklerini s\u00f6yledi. Yarenlik Alan\u0131&#8217;ndaki gezisinin ard\u0131ndan Tarsu AVM&#8217;ye giden Se\u00e7er, burada \u00f6zellikle gen\u00e7ler taraf\u0131ndan co\u015fkuyla kar\u015f\u0131land\u0131. Se\u00e7er&#8217;in gen\u00e7lerin yan\u0131nda bir ba\u015fkan oldu\u011funu dile getiren gen\u00e7ler, ilk oylar\u0131n\u0131 da Ba\u015fkan Se\u00e7er&#8217;e vereceklerini vurgulad\u0131.<\/p>\n<p>Se\u00e7er: &#8220;Uyum i\u00e7erisinde olursak \u00e7ok daha kaliteli ve g\u00fczel hizmetler ger\u00e7ekle\u015fir&#8221;<\/p>\n<p>Gezisiyle ilgili gazetecilere de\u011ferlendirmelerde bulunan Se\u00e7er, CHP Tarsus Belediye Ba\u015fkan Aday\u0131 Ali Bolta\u00e7 ile geride kalan 5 y\u0131ll\u0131k hizmet d\u00f6nemi i\u00e7erisinde B\u00fcy\u00fck\u015fehir Belediye Meclisi \u00e7at\u0131s\u0131 alt\u0131nda t\u00fcm il\u00e7eler i\u00e7in birlikte hizmetlere imza att\u0131klar\u0131n\u0131 belirtti. Se\u00e7er, &#8220;Kendisi de do\u011frulayacakt\u0131r ki, biz hi\u00e7bir il\u00e7enin belediye ba\u015fkan\u0131n\u0131n partisini g\u00f6zetmeden, hep i\u015f birli\u011fi i\u00e7erisinde olmaya \u00e7al\u0131\u015ft\u0131k. O il\u00e7emize, hem il\u00e7e Belediye Ba\u015fkan\u0131 hem B\u00fcy\u00fck\u015fehir Belediye Ba\u015fkan\u0131 uyum i\u00e7erisinde olursa \u00e7ok daha kaliteli, \u00e7ok daha g\u00fczel hizmetler gidece\u011fini ifade etmeye \u00e7al\u0131\u015ft\u0131k. B\u00f6yle de yapt\u0131k&#8221; dedi.<\/p>\n<p>Bu d\u00fc\u015f\u00fcncelerinde vatanda\u015flar\u0131n ma\u011fduriyet ya\u015famamas\u0131n\u0131 \u00f6ncelik sayd\u0131klar\u0131n\u0131 dile getiren Se\u00e7er, 31 Mart 2024 se\u00e7imleri sonras\u0131nda da yine anlay\u0131\u015f ile Mersin halk\u0131na hizmet etmeye devam edeceklerini s\u00f6yledi. Se\u00e7er, &#8220;\u0130\u015f birli\u011fi, koordinasyon, e\u015fg\u00fcd\u00fcm muazzam bir \u015fey ve i\u015fimizi kolayla\u015ft\u0131r\u0131r. Koordineli bir \u015fekilde, i\u015f birli\u011fi ile g\u00fcc\u00fcn\u00fcz\u00fc birle\u015ftirerek hizmetleri daha seri ve daha \u00e7abuk yapars\u0131n\u0131z&#8221; diye konu\u015ftu.<\/p>\n<p>&#8220;Tarsus&#8217;a bir vizyon ortaya koymak laz\u0131m&#8221;<\/p>\n<p>Tarsus&#8217;un geli\u015fmeye \u00e7ok a\u00e7\u0131k tarihi bir kent olmas\u0131n\u0131n yan\u0131 s\u0131ra ekonomisinin de ge\u00e7mi\u015f y\u0131llarda T\u00fcrkiye&#8217;de \u00f6ne \u00e7\u0131km\u0131\u015f \u015fehirlerden birisi oldu\u011funu kaydeden Se\u00e7er, &#8220;Verimli tar\u0131m arazileri, 30-40 y\u0131l \u00f6ncenin sayg\u0131n fabrikalar\u0131 ve firmalar\u0131 hep buradayd\u0131. Do\u011fal olarak \u00e7a\u011f, \u015fartlar ve ekonomi de\u011fi\u015fiyor, onlar farkl\u0131 bir duruma evrildi. Ama Tarsus&#8217;un yeni d\u00f6nemde, 2024 y\u0131l\u0131nda bug\u00fcn\u00fcn ko\u015fullar\u0131na g\u00f6re de kendini yenilemesi laz\u0131m. Bu; yol, kald\u0131r\u0131m ya da rutin belediyecilik hizmetleri yapmakla olacak i\u015fler de\u011fil. Buraya bir vizyon ortaya koymak laz\u0131m&#8221; dedi. Tarsus \u00dcniversitesi, yeni a\u00e7\u0131lan organize sanayi b\u00f6lgeleri ve havaalan\u0131 dolay\u0131s\u0131yla kent n\u00fcfusunun artt\u0131\u011f\u0131n\u0131, bu n\u00fcfusun da sosyoekonomik ve sosyok\u00fclt\u00fcrel farkl\u0131l\u0131klar yaratt\u0131\u011f\u0131na dikkat \u00e7eken Se\u00e7er, &#8220;T\u00fcrkiye&#8217;nin her taraf\u0131ndan farkl\u0131 k\u00fclt\u00fcrler ve farkl\u0131 b\u00f6lgelerden \u00f6\u011frenciler geliyor, burada ya\u015f\u0131yor. Buran\u0131n deseni de\u011fi\u015fmeye ba\u015fl\u0131yor. Bunu g\u00f6r\u00fcp, buna g\u00f6re yat\u0131r\u0131mlar yapmam\u0131z laz\u0131m&#8221; ifadelerini kulland\u0131.<\/p>\n<p>CHP Tarsus Belediye Ba\u015fkan Aday\u0131 Ali Bolta\u00e7&#8217;\u0131n se\u00e7imleri kazanaca\u011f\u0131na inand\u0131\u011f\u0131n\u0131 ve yeni d\u00f6nemde kendisi ile uyum i\u00e7erisinde \u00e7al\u0131\u015fmalar s\u00fcrd\u00fcreceklerini dile getiren Se\u00e7er, &#8220;Tarsuslular &#8216;Ak\u015fam oldu\u011fu zaman Tarsus&#8217;ta hayat bitiyor&#8217; diyor. Ama Mersin merkeze gelin sahil c\u0131v\u0131l c\u0131v\u0131l, kalabal\u0131k, insanlar kendini sahile at\u0131yor. Ak\u015fam burada herkes kendini evine kapat\u0131yor. Bunlar i\u015f birli\u011fi ile olur. Ayn\u0131 bak\u0131\u015f a\u00e7\u0131s\u0131 ile olur. Bunlar son derece \u00f6nemli. Ben, Ali Bolta\u00e7 ile ikinci 5 y\u0131l\u0131mda Tarsus&#8217;a \u00e7ok g\u00fczel hizmetler yapabilece\u011fimi g\u00f6r\u00fcyorum. Bunun s\u00f6z\u00fcn\u00fc de Tarsus halk\u0131na buradan veriyorum. \u00c7ok s\u00fcratli, i\u015f birli\u011fi i\u00e7erisinde, yard\u0131mc\u0131 olarak, vatanda\u015f\u0131n memnuniyetini art\u0131r\u0131p ma\u011fduriyetini ortadan kald\u0131rarak beraber yapamayaca\u011f\u0131m\u0131z hizmet, a\u00e7amayaca\u011f\u0131m\u0131z kap\u0131 yok&#8221; s\u00f6zlerine yer verdi.<\/p>\n<p>&#8220;Tarsus&#8217;ta tarihi bir oy oran\u0131yla se\u00e7ilece\u011fiz&#8221;<\/p>\n<p>Tarsus&#8217;ta yapm\u0131\u015f oldu\u011fu gezide Tarsuslular\u0131n kendisine olan g\u00fcvenini de g\u00f6zlemleme f\u0131rsat\u0131 yakalad\u0131\u011f\u0131n\u0131 aktaran Se\u00e7er, &#8220;Tarsus halk\u0131n\u0131n deste\u011fi tam, g\u00fcveni tam. Tarsus&#8217;ta \u00e7ok tarihi bir oy oran\u0131yla se\u00e7ilece\u011fiz. Bunun da alt\u0131n\u0131 \u00e7izmek istiyorum. Tarsuslu hem\u015fehrilerime g\u00fcveniyorum. \u00c7\u00fcnk\u00fc onlar bizi seviyor, say\u0131yor. Bizim ba\u015far\u0131m\u0131z onlar i\u00e7in onur kayna\u011f\u0131 oluyor. Biz onlar i\u00e7in onur kayna\u011f\u0131 olmaya ikinci 5 y\u0131lda devam edece\u011fiz&#8221; dedi.<\/p>\n<p>&#8220;Tarsus&#8217;a \u00f6zel bir vizyon ortaya koyaca\u011f\u0131z. Tarsus bunu \u00e7oktan hak etti&#8221;<\/p>\n<p>5 y\u0131ll\u0131k B\u00fcy\u00fck\u015fehir Belediye Ba\u015fkanl\u0131\u011f\u0131 g\u00f6revi esnas\u0131nda Mersin halk\u0131n\u0131n tamam\u0131na dokunduklar\u0131n\u0131n alt\u0131n\u0131 \u00e7izen Ba\u015fkan Se\u00e7er, &#8220;Herkese dokunduk, her haneye girdik. Birine sosyal politikalarla, bir di\u011ferine yolunu yaparak, bir di\u011ferine e\u011fitim deste\u011fi ile bir di\u011ferine ise tar\u0131msal destekle girdik ama her haneye girdik. Her kesime, her ya\u015fa, her cinsiyete, her sosyoekonomik yap\u0131ya dokunduk. Belediyecilik tam da budur. Bu anlay\u0131\u015f\u0131m\u0131z devam edecek. Ama Tarsus&#8217;a \u00f6zel bir vizyon ortaya koyaca\u011f\u0131z. Tarsus bunu \u00e7oktan hak etti&#8221; diye konu\u015ftu.<\/p>\n<p>Bolta\u00e7: &#8220;K\u00fclt\u00fcrde, sanatta, sporda kentin \u00f6n\u00fcn\u00fc a\u00e7aca\u011f\u0131z&#8221;<\/p>\n<p>CHP Tarsus Belediye Ba\u015fkan\u0131 Ali Bolta\u00e7 ise se\u00e7im \u00e7al\u0131\u015fmalar\u0131 esnas\u0131nda sokaklarda aln\u0131 a\u00e7\u0131k ba\u015f\u0131 dik olarak gezmelerini, Mersin B\u00fcy\u00fck\u015fehir Belediye Ba\u015fkan\u0131 Vahap Se\u00e7er&#8217;in 5 y\u0131ll\u0131k hizmetlerine bor\u00e7lu olduklar\u0131n\u0131 s\u00f6yledi. Bolta\u00e7, &#8220;Ba\u015fkan\u0131m\u0131z hi\u00e7bir ayr\u0131m yapmadan, hi\u00e7bir ki\u015fiyi bir di\u011ferinden ay\u0131rmadan her s\u00fcrecinde yan\u0131nda oldu ve olmaya da devam ediyor. Biz Tarsus&#8217;ta B\u00fcy\u00fck\u015fehir Belediye Ba\u015fkan\u0131m\u0131z Say\u0131n Vahap Se\u00e7er ile birlikte koordineli, uyumlu bir \u00e7al\u0131\u015fma sergileyece\u011fiz. Burada sosyok\u00fclt\u00fcrel, ekonomik ve turizm anlam\u0131nda Tarsus&#8217;un 30-40 sene \u00f6nce oldu\u011fu gibi kimli\u011fini Tarsus&#8217;a tekrardan kazand\u0131raca\u011f\u0131z. Ekonomide \u00e7arklar i\u015fleyecek. K\u00fclt\u00fcrde, sanatta, sporda kentin \u00f6n\u00fcn\u00fc a\u00e7aca\u011f\u0131z ve 7\/24 ya\u015fayan bir Tarsus vaat ediyoruz. \u0130n\u015fallah b\u00fcy\u00fck ba\u015fkan\u0131m\u0131zla birlikte bunlar\u0131n hepsini Tarsus&#8217;a sunaca\u011f\u0131z&#8221; ifadelerine yer verdi.<\/p>\n","protected":false},"excerpt":{"rendered":"<p>Mersin B\u00fcy\u00fck\u015fehir Belediye Ba\u015fkan\u0131 Vahap Se\u00e7er, s\u0131k s\u0131k ger\u00e7ekle\u015ftirdi\u011fi esnaf ve vatanda\u015f ziyaretlerini Tarsus il\u00e7esiyle s\u00fcrd\u00fcrd\u00fc. Ziyarette Ba\u015fkan Se\u00e7er&#8217;den ve B\u00fcy\u00fck\u015fehir&#8217;den memnuniyetini dile getiren Tarsus halk\u0131, gelecek d\u00f6nemde de Ba\u015fkan Se\u00e7er&#8217;i g\u00f6rmek istediklerini belirtti. Ba\u015fkan Se\u00e7er&#8217;e Tarsus ziyaretinde, Cumhuriyet Halk Partisi (CHP) Tarsus Belediye Ba\u015fkan Aday\u0131 Ali Bolta\u00e7, CHP Tarsus \u0130l\u00e7e Ba\u015fkan\u0131 Selahattin \u015eahin, Tarsus [&hellip;]<\/p>\n","protected":false},"author":2,"featured_media":30714,"comment_status":"open","ping_status":"open","sticky":false,"template":"","format":"standard","meta":{"footnotes":""},"categories":[3],"tags":[],"class_list":["post-30713","post","type-post","status-publish","format-standard","has-post-thumbnail","hentry","category-manset"],"views":2,"_links":{"self":[{"href":"https:\/\/mersinkadingazetesi.com\/index.php?rest_route=\/wp\/v2\/posts\/30713"}],"collection":[{"href":"https:\/\/mersinkadingazetesi.com\/index.php?rest_route=\/wp\/v2\/posts"}],"about":[{"href":"https:\/\/mersinkadingazetesi.com\/index.php?rest_route=\/wp\/v2\/types\/post"}],"author":[{"embeddable":true,"href":"https:\/\/mersinkadingazetesi.com\/index.php?rest_route=\/wp\/v2\/users\/2"}],"replies":[{"embeddable":true,"href":"https:\/\/mersinkadingazetesi.com\/index.php?rest_route=%2Fwp%2Fv2%2Fcomments&post=30713"}],"version-history":[{"count":0,"href":"https:\/\/mersinkadingazetesi.com\/index.php?rest_route=\/wp\/v2\/posts\/30713\/revisions"}],"wp:featuredmedia":[{"embeddable":true,"href":"https:\/\/mersinkadingazetesi.com\/index.php?rest_route=\/wp\/v2\/media\/30714"}],"wp:attachment":[{"href":"https:\/\/mersinkadingazetesi.com\/index.php?rest_route=%2Fwp%2Fv2%2Fmedia&parent=30713"}],"wp:term":[{"taxonomy":"category","embeddable":true,"href":"https:\/\/mersinkadingazetesi.com\/index.php?rest_route=%2Fwp%2Fv2%2Fcategories&post=30713"},{"taxonomy":"post_tag","embeddable":true,"href":"https:\/\/mersinkadingazetesi.com\/index.php?rest_route=%2Fwp%2Fv2%2Ftags&post=30713"}],"curies":[{"name":"wp","href":"https:\/\/api.w.org\/{rel}","templated":true}]}}