{"id":30716,"date":"2024-02-18T11:02:41","date_gmt":"2024-02-18T08:02:41","guid":{"rendered":"http:\/\/mersinkadingazetesi.com\/?p=30716"},"modified":"2024-02-18T11:02:41","modified_gmt":"2024-02-18T08:02:41","slug":"emekli-evi-uyeleri-beslenme-ve-yaslilik-psikoloji-konularinda-bilgilendirildi","status":"publish","type":"post","link":"https:\/\/mersinkadingazetesi.com\/?p=30716","title":{"rendered":"EMEKL\u0130 EV\u0130 \u00dcYELER\u0130 &#8216;BESLENME VE YA\u015eLILIK PS\u0130KOLOJ\u0130&#8217; KONULARINDA B\u0130LG\u0130LEND\u0130R\u0130LD\u0130"},"content":{"rendered":"<p>Mersin B\u00fcy\u00fck\u015fehir Belediyesi Sosyal Hizmetler Dairesi Ba\u015fkanl\u0131\u011f\u0131 b\u00fcnyesinde hizmet veren Tarsus, Mezitli, Yeni\u015fehir ve Toroslar Emekli Evleri \u00fcyelerine y\u00f6nelik sosyal aktivitelerin yan\u0131 s\u0131ra, sa\u011fl\u0131k konusunda bilgilendirme seminerleri de devam ediyor.<\/p>\n<p>B\u00fcy\u00fck\u015fehir Belediyesi Sa\u011fl\u0131k \u0130\u015fleri Dairesi Ba\u015fkanl\u0131\u011f\u0131 b\u00fcnyesinde hizmet veren Diyetisyen Gaye Saban &#8216;Ya\u015fl\u0131l\u0131kta beslenme&#8221; ve Uzman Klinik Psikolog Gizem \u00d6zkan &#8216;Ya\u015fl\u0131l\u0131k psikolojisi nedir, ama\u00e7lar ve anlamlar nedir?&#8217; konusunda sunum ger\u00e7ekle\u015ftirdiler.<\/p>\n<p>4 g\u00fcn s\u00fcren sunumlar\u0131n sonuncusu K\u00fclt\u00fcr Park i\u00e7erisinde faaliyet g\u00f6steren Tarsus Emekli Evi&#8217;nde ger\u00e7ekle\u015ftirildi. Yo\u011fun kat\u0131l\u0131m\u0131n oldu\u011fu sunumlar sonunda uzmanlar, ileri ya\u015f alm\u0131\u015f yurtta\u015flar\u0131n sorular\u0131n\u0131 da yan\u0131tlad\u0131lar.<\/p>\n<p>Saban: &#8220;4 g\u00fcn boyunca verimli bir seminer ge\u00e7irdik&#8221;<\/p>\n<p>B\u00fcy\u00fck\u015fehir Belediyesi Sa\u011fl\u0131k \u0130\u015fleri Dairesi Ba\u015fkanl\u0131\u011f\u0131&#8217;nda g\u00f6revli Diyetisyen Gaye Saban, 4 g\u00fcn s\u00fcren bilgilendirme seminerlerinin son etab\u0131n\u0131n Tarsus&#8217;ta ger\u00e7ekle\u015fti\u011fini s\u00f6yleyerek, &#8220;Bunun \u00f6ncesinde Mezitli, Yeni\u015fehir ve Toroslar Emekli Evi&#8217;nde seminerlerimizi verdik. Bahsetti\u011fimiz konular, ya\u015fl\u0131l\u0131kta beslenme ve ya\u015fl\u0131l\u0131k psikolojisi ile ilgiliydi. Bireyler ya\u015fland\u0131k\u00e7a gereksinimleri, beslenme bi\u00e7imleri, metabolizmalar\u0131, kronik hastal\u0131klara yatk\u0131nl\u0131klar\u0131 de\u011fi\u015fime u\u011fruyor. Biz de bu noktada, ya\u015fl\u0131lar\u0131m\u0131za yard\u0131mc\u0131 olabilece\u011fimiz konular \u00fczerinde durduk&#8221; dedi. Kat\u0131l\u0131mc\u0131lar\u0131n sorular\u0131na da yan\u0131t verdiklerini kaydeden Saban, &#8220;Belediyemizin bu konuda bir\u00e7ok hizmeti var. Diyetisyen, psikolog, fizyoterapist olarak hizmet veriyoruz&#8221; \u015feklinde konu\u015ftu.<\/p>\n<p>\u00d6zkan: &#8220;Ya\u015f alm\u0131\u015f vatanda\u015flar\u0131m\u0131zdan geri d\u00f6n\u00fc\u015fler \u00e7ok iyiydi&#8221;<\/p>\n<p>B\u00fcy\u00fck\u015fehir Belediyesi Sa\u011fl\u0131k \u0130\u015fleri Dairesi Ba\u015fkanl\u0131\u011f\u0131&#8217;nda g\u00f6rev yapan Uzman Klinik Psikolog Gizem \u00d6zkan da, &#8220;Emekli Evleri&#8217;nde, ya\u015fl\u0131l\u0131k psikolojisi \u00fczerine konu\u015ftuk. Amac\u0131m\u0131z, onlar\u0131n hayat\u0131nda bir fark\u0131ndal\u0131k yaratmakt\u0131. \u00c7\u00fcnk\u00fc ya\u015f ald\u0131k\u00e7a insanlar, olumlu d\u00fc\u015f\u00fcncelerden \u00e7ok olumsuz d\u00fc\u015f\u00fcncelere daha \u00e7ok dayan\u0131yorlar. O y\u00fczden bu d\u00fc\u015f\u00fcnceleri &#8216;Nas\u0131l olumluya \u00e7evirebiliriz? Hayata pozitif bakma ve stresle ba\u015f etme&#8217; gibi konulara de\u011findik. Bu noktada ya\u015f alm\u0131\u015f vatanda\u015flar\u0131m\u0131zdan geri d\u00f6n\u00fc\u015fler de \u00e7ok iyiydi&#8221; ifadelerini kulland\u0131.<\/p>\n<p>Emekli Evi \u00fcyeleri, verilen hizmetlerden memnun<\/p>\n<p>B\u00fcy\u00fck\u015fehir Tarsus Emekli Evi&#8217;nin m\u00fcdavimlerinden olan Hasan Yunus, hizmetlerden \u00e7ok memnun oldu\u011funu belirterek, &#8220;Emekli Evi&#8217;nde yap\u0131lan hizmetler iyi. De\u011fi\u015fik zamanlarda farkl\u0131 bran\u015flardan doktorlar geliyor ve bizi bilgilendiriyorlar. Biz de faydalanmaya \u00e7al\u0131\u015f\u0131yoruz. Sosyal aktivite kapsam\u0131nda gezilerimiz oluyor.  O a\u00e7\u0131dan da memnunuz&#8221; dedi.<\/p>\n<p>Tarsus Emekli Evi&#8217;nin ilk \u00fcyeleri aras\u0131nda yer alan ve sa\u011fl\u0131kla ilgili bilgilendirme toplant\u0131lar\u0131n\u0131n \u00e7ok faydal\u0131 oldu\u011funu vurgulayan Hasan \u015eim\u015fek ise, &#8220;\u00c7ok y\u00fcr\u00fcmekten dolay\u0131 zay\u0131flam\u0131\u015ft\u0131m. Buraya gelen doktor, y\u00fcr\u00fcy\u00fc\u015f\u00fc azaltmam\u0131 s\u00f6yledi ve \u00e7ok faydas\u0131n\u0131 g\u00f6rd\u00fcm. Bizim gibi herkes gelsin. Ben buraya her g\u00fcn gelirim&#8221; diye konu\u015ftu.<\/p>\n","protected":false},"excerpt":{"rendered":"<p>Mersin B\u00fcy\u00fck\u015fehir Belediyesi Sosyal Hizmetler Dairesi Ba\u015fkanl\u0131\u011f\u0131 b\u00fcnyesinde hizmet veren Tarsus, Mezitli, Yeni\u015fehir ve Toroslar Emekli Evleri \u00fcyelerine y\u00f6nelik sosyal aktivitelerin yan\u0131 s\u0131ra, sa\u011fl\u0131k konusunda bilgilendirme seminerleri de devam ediyor. B\u00fcy\u00fck\u015fehir Belediyesi Sa\u011fl\u0131k \u0130\u015fleri Dairesi Ba\u015fkanl\u0131\u011f\u0131 b\u00fcnyesinde hizmet veren Diyetisyen Gaye Saban &#8216;Ya\u015fl\u0131l\u0131kta beslenme&#8221; ve Uzman Klinik Psikolog Gizem \u00d6zkan &#8216;Ya\u015fl\u0131l\u0131k psikolojisi nedir, ama\u00e7lar ve [&hellip;]<\/p>\n","protected":false},"author":2,"featured_media":30717,"comment_status":"open","ping_status":"open","sticky":false,"template":"","format":"standard","meta":{"footnotes":""},"categories":[3],"tags":[],"class_list":["post-30716","post","type-post","status-publish","format-standard","has-post-thumbnail","hentry","category-manset"],"views":1,"_links":{"self":[{"href":"https:\/\/mersinkadingazetesi.com\/index.php?rest_route=\/wp\/v2\/posts\/30716"}],"collection":[{"href":"https:\/\/mersinkadingazetesi.com\/index.php?rest_route=\/wp\/v2\/posts"}],"about":[{"href":"https:\/\/mersinkadingazetesi.com\/index.php?rest_route=\/wp\/v2\/types\/post"}],"author":[{"embeddable":true,"href":"https:\/\/mersinkadingazetesi.com\/index.php?rest_route=\/wp\/v2\/users\/2"}],"replies":[{"embeddable":true,"href":"https:\/\/mersinkadingazetesi.com\/index.php?rest_route=%2Fwp%2Fv2%2Fcomments&post=30716"}],"version-history":[{"count":0,"href":"https:\/\/mersinkadingazetesi.com\/index.php?rest_route=\/wp\/v2\/posts\/30716\/revisions"}],"wp:featuredmedia":[{"embeddable":true,"href":"https:\/\/mersinkadingazetesi.com\/index.php?rest_route=\/wp\/v2\/media\/30717"}],"wp:attachment":[{"href":"https:\/\/mersinkadingazetesi.com\/index.php?rest_route=%2Fwp%2Fv2%2Fmedia&parent=30716"}],"wp:term":[{"taxonomy":"category","embeddable":true,"href":"https:\/\/mersinkadingazetesi.com\/index.php?rest_route=%2Fwp%2Fv2%2Fcategories&post=30716"},{"taxonomy":"post_tag","embeddable":true,"href":"https:\/\/mersinkadingazetesi.com\/index.php?rest_route=%2Fwp%2Fv2%2Ftags&post=30716"}],"curies":[{"name":"wp","href":"https:\/\/api.w.org\/{rel}","templated":true}]}}