{"id":30719,"date":"2024-02-18T11:04:36","date_gmt":"2024-02-18T08:04:36","guid":{"rendered":"http:\/\/mersinkadingazetesi.com\/?p=30719"},"modified":"2024-02-18T11:04:36","modified_gmt":"2024-02-18T08:04:36","slug":"soydan-mersinde-su-fiyatlarini-indirecegiz","status":"publish","type":"post","link":"https:\/\/mersinkadingazetesi.com\/?p=30719","title":{"rendered":"SOYDAN: &#8220;MERS\u0130N&#8217;DE SU F\u0130YATLARINI \u0130ND\u0130RECE\u011e\u0130Z&#8221;"},"content":{"rendered":"<p>Cumhur \u0130ttifak\u0131 Mersin B\u00fcy\u00fck\u015fehir Belediye Ba\u015fkan Aday\u0131 Serdar Soydan, &#8220;Vatanda\u015flardan gelen \u015fikayetleri dinledik\u00e7e \u00fcz\u00fcl\u00fcyorum. G\u00f6reve gelir gelmez meclis g\u00fcndemine getirece\u011fimiz ilk konu i\u00e7me suyu fiyatlar\u0131 olacakt\u0131r. Mersin&#8217;de su fiyatlar\u0131n\u0131 indirece\u011fiz&#8221; dedi.<\/p>\n<p>Cumhur \u0130ttifak\u0131 Mersin B\u00fcy\u00fck\u015fehir Belediye Ba\u015fkan Aday\u0131 Serdar Soydan, se\u00e7im \u00e7al\u0131\u015fmalar\u0131 kapsam\u0131nda Tarsus&#8217;a \u00e7\u0131karma yapt\u0131. Tarsus \u00dclk\u00fc Ocaklar\u0131 y\u00f6netimi ve \u00fcyelerini ziyaret eden Soydan, Makam Meydan\u0131&#8217;nda esnaf ve vatanda\u015flarla bir araya geldikten sonra \u00c7i\u00e7ekli ve Alifak\u0131&#8217;da k\u00f6y toplant\u0131s\u0131 d\u00fczenledi; sorun talep ve \u00f6nerileri dinledi. Soydan&#8217;\u0131n Tarsus ziyaretlerine MHP Tarsus Belediye Ba\u015fkan Aday\u0131 Mahmut Tat, MHP \u0130l Ba\u015fkan Yard\u0131mc\u0131s\u0131 Nihat K\u00fcrkl\u00fc, MHP Tarsus \u0130l\u00e7e Ba\u015fkan\u0131 Fatih Y\u0131ld\u0131r\u0131m, \u00dclk\u00fc Ocaklar\u0131 Tarsus \u0130l\u00e7e Ba\u015fkan\u0131 Muhittin Can K\u00fclahl\u0131, ge\u00e7mi\u015f d\u00f6nem MHP Mersin Milletvekili Baki \u015eim\u015fek ve \u00e7ok say\u0131da vatanda\u015f e\u015flik etti.<\/p>\n<p>&#8220;H\u0130\u00c7B\u0130R \u015eEY ENERJ\u0130M\u0130Z\u0130 D\u00dc\u015e\u00dcRM\u00dcYOR&#8221;<\/p>\n<p>Tarsus&#8217;ta b\u00fcy\u00fck ilgi ile kar\u015f\u0131lanan Soydan, &#8220;B\u00f6yle bir atmosferi g\u00f6r\u00fcnce sizlerle bir kez daha gurur duydu\u011fumu s\u00f6ylemek isterim. Bizler Cumhur \u0130ttifak\u0131 olarak bir an \u00f6nce Mersin i\u00e7in \u00e7al\u0131\u015fmak, \u00fcretmek istiyoruz. Kim kiminle ittifak pe\u015finde, kim kiminle yol y\u00fcr\u00fcyor bizim g\u00fcndemimizde de\u011fil. Biz y\u0131lmadan yorulmadan inand\u0131\u011f\u0131m\u0131z ilkeler \u0131\u015f\u0131\u011f\u0131nda ilerliyoruz. Hatta bu \u015fehrin iyi y\u00f6netilmemesi bizim daha h\u0131zl\u0131 olmam\u0131z gerekti\u011fini hat\u0131rlat\u0131yor. D\u00f6n\u00fcp di\u011fer b\u00fcy\u00fck\u015fehirlere bir bak\u0131n. O illere gidince imreniyoruz. Yollar\u0131na, bulvarlar\u0131na u\u00e7ak iner. Bir de bize reva g\u00f6r\u00fclenlere bak\u0131n&#8221; diye konu\u015ftu.<\/p>\n<p>&#8220;MERS\u0130N ADINA \u00dcZ\u00dcL\u00dcYORUM&#8221;<\/p>\n<p>Esnaf ve vatanda\u015flar\u0131n gen\u00e7 ba\u015fkan taleplerini her f\u0131rsatta dile getirdiklerini s\u00f6yleyen Soydan, &#8220;Sokaktaki tevecc\u00fch beni \u00e7ok mutlu ediyor. \u00d6zellikle gen\u00e7ler hem kafa olarak hem de ya\u015f olarak kendilerine yak\u0131n hissettikleri birini ba\u015fkan olarak g\u00f6rmek arzusundalar. \u00d6te yandan kente dair vatanda\u015flar\u0131m\u0131zdan gelen talep, \u00f6neri ve \u015fikayetleri de dinledik\u00e7e inan\u0131n Mersin ad\u0131na \u00fcz\u00fcl\u00fcyorum. Bu \u015fehre yat\u0131r\u0131m laz\u0131m. Mersin&#8217;e art\u0131k ittifak\u0131m\u0131z\u0131n g\u00fcc\u00fc laz\u0131m. Kentimizin en u\u00e7 noktas\u0131nda yer alan mahallelerimizde, k\u00f6ylerimizde yeti\u015fen \u00e7ocuklar\u0131m\u0131z\u0131n kre\u015flerine, okullar\u0131na huzurla gitmeleri i\u00e7in ula\u015f\u0131m sonunun bir an \u00f6nce \u00e7\u00f6z\u00fcme kavu\u015fmas\u0131 gerekmektedir. Gen\u00e7lerin kendilerini ke\u015ffetmeleri ad\u0131na yarat\u0131c\u0131 \u00e7al\u0131\u015fmalar yapmas\u0131 laz\u0131m. Diren\u00e7li bir kenti hep birlikte in\u015fa etmemiz gerekiyor&#8221; ifadelerini kulland\u0131.<\/p>\n<p>&#8220;SU ZAMMININ \u0130ZAHI OLAMAZ&#8221;<\/p>\n<p>\u0130zmir&#8217;den sonra en pahal\u0131 i\u00e7me suyunu kullanan kentin Mersin oldu\u011funu dile getiren Soydan, &#8220;\u0130nsan odakl\u0131 yat\u0131r\u0131m noktas\u0131nda ihmal ediliyoruz. Yetmedi\u011fi gibi bir de en temel ihtiyac\u0131m\u0131z olan suyu en \u00e7ok para \u00f6deyen kent olarak birincili\u011fi zorluyoruz. Mersin&#8217;in birinci olmak i\u00e7in yar\u0131\u015ft\u0131\u011f\u0131 konu su zamm\u0131 m\u0131 olmal\u0131d\u0131r? Yaz\u0131kt\u0131r; g\u00fcnaht\u0131r. Bunun izah\u0131 olamaz. Mersin&#8217;e bunu reva g\u00f6renleri vicdanlar\u0131yla ba\u015f ba\u015fa b\u0131rak\u0131yorum. G\u00f6reve gelir gelmez meclis g\u00fcndemine getirece\u011fimiz ilk konu i\u00e7me suyu fiyatlar\u0131 olacakt\u0131r. Mersin&#8217;de su fiyatlar\u0131n\u0131 indirece\u011fiz&#8221; dedi.<\/p>\n<p>&#8220;HAYALLER\u0130M\u0130Z HEDEFLER\u0130M\u0130Z \u0130DEALLER\u0130M\u0130Z VAR&#8221;<\/p>\n<p>Mersin iyi y\u00f6netilmedi\u011fine kanaat getiren herkesin sand\u0131kta gereken cevab\u0131 verece\u011fini ifade eden Serdar Soydan, &#8220;Mersin&#8217;de belediyecili\u011fi i\u015fin ehline yani Cumhur \u0130ttifak\u0131na teslim etmek gerekiyor. Daha fazla direnmenin anlam\u0131 yok. Vaat edilenleri b\u0131rak\u0131n yapmay\u0131 vaatlerin bir ad\u0131m \u00f6tesine dahi gidemeyen kentim i\u00e7in \u00e7ok \u00fcz\u00fcl\u00fcyorum. Bizim hayallerimiz, hedeflerimiz, ideallerimiz var. 31 Mart tarihi bunun i\u00e7in tam zaman\u0131. Bunu hep birlikte ba\u015faraca\u011f\u0131z&#8221; diye konu\u015ftu.<\/p>\n","protected":false},"excerpt":{"rendered":"<p>Cumhur \u0130ttifak\u0131 Mersin B\u00fcy\u00fck\u015fehir Belediye Ba\u015fkan Aday\u0131 Serdar Soydan, &#8220;Vatanda\u015flardan gelen \u015fikayetleri dinledik\u00e7e \u00fcz\u00fcl\u00fcyorum. G\u00f6reve gelir gelmez meclis g\u00fcndemine getirece\u011fimiz ilk konu i\u00e7me suyu fiyatlar\u0131 olacakt\u0131r. Mersin&#8217;de su fiyatlar\u0131n\u0131 indirece\u011fiz&#8221; dedi. Cumhur \u0130ttifak\u0131 Mersin B\u00fcy\u00fck\u015fehir Belediye Ba\u015fkan Aday\u0131 Serdar Soydan, se\u00e7im \u00e7al\u0131\u015fmalar\u0131 kapsam\u0131nda Tarsus&#8217;a \u00e7\u0131karma yapt\u0131. Tarsus \u00dclk\u00fc Ocaklar\u0131 y\u00f6netimi ve \u00fcyelerini ziyaret eden Soydan, [&hellip;]<\/p>\n","protected":false},"author":2,"featured_media":30720,"comment_status":"open","ping_status":"open","sticky":false,"template":"","format":"standard","meta":{"footnotes":""},"categories":[3,5,6],"tags":[],"class_list":["post-30719","post","type-post","status-publish","format-standard","has-post-thumbnail","hentry","category-manset","category-mersin","category-siyaset-2"],"views":1,"_links":{"self":[{"href":"https:\/\/mersinkadingazetesi.com\/index.php?rest_route=\/wp\/v2\/posts\/30719"}],"collection":[{"href":"https:\/\/mersinkadingazetesi.com\/index.php?rest_route=\/wp\/v2\/posts"}],"about":[{"href":"https:\/\/mersinkadingazetesi.com\/index.php?rest_route=\/wp\/v2\/types\/post"}],"author":[{"embeddable":true,"href":"https:\/\/mersinkadingazetesi.com\/index.php?rest_route=\/wp\/v2\/users\/2"}],"replies":[{"embeddable":true,"href":"https:\/\/mersinkadingazetesi.com\/index.php?rest_route=%2Fwp%2Fv2%2Fcomments&post=30719"}],"version-history":[{"count":0,"href":"https:\/\/mersinkadingazetesi.com\/index.php?rest_route=\/wp\/v2\/posts\/30719\/revisions"}],"wp:featuredmedia":[{"embeddable":true,"href":"https:\/\/mersinkadingazetesi.com\/index.php?rest_route=\/wp\/v2\/media\/30720"}],"wp:attachment":[{"href":"https:\/\/mersinkadingazetesi.com\/index.php?rest_route=%2Fwp%2Fv2%2Fmedia&parent=30719"}],"wp:term":[{"taxonomy":"category","embeddable":true,"href":"https:\/\/mersinkadingazetesi.com\/index.php?rest_route=%2Fwp%2Fv2%2Fcategories&post=30719"},{"taxonomy":"post_tag","embeddable":true,"href":"https:\/\/mersinkadingazetesi.com\/index.php?rest_route=%2Fwp%2Fv2%2Ftags&post=30719"}],"curies":[{"name":"wp","href":"https:\/\/api.w.org\/{rel}","templated":true}]}}