{"id":30722,"date":"2024-02-18T11:07:26","date_gmt":"2024-02-18T08:07:26","guid":{"rendered":"http:\/\/mersinkadingazetesi.com\/?p=30722"},"modified":"2024-02-18T11:07:26","modified_gmt":"2024-02-18T08:07:26","slug":"deva-partili-ekmen-sayin-cumhurbaskani-yargiyi-elestirecegine-bu-kararlarin-geregini-yerine-getirmelidir","status":"publish","type":"post","link":"https:\/\/mersinkadingazetesi.com\/?p=30722","title":{"rendered":"DEVA Partili Ekmen: \u201cSay\u0131n Cumhurba\u015fkan\u0131 yarg\u0131y\u0131 ele\u015ftirece\u011fine, bu kararlar\u0131n gere\u011fini yerine getirmelidir\u201d"},"content":{"rendered":"<p>DEVA Partisi Genel Ba\u015fkan Yard\u0131mc\u0131s\u0131 ve Mersin Milletvekili Mehmet Emin Ekmen, TBMM Genel Kurul\u2019unda yapt\u0131\u011f\u0131 konu\u015fmada Cumhurba\u015fkan\u0131 Erdo\u011fan\u2019\u0131n M\u0131s\u0131r ziyareti d\u00f6n\u00fc\u015f\u00fcnde yarg\u0131 kararlar\u0131 ile ilgili yapt\u0131\u011f\u0131 a\u00e7\u0131klamalar\u0131 ele\u015ftirdi.<\/p>\n<p>Cumhurba\u015fkan\u0131 Erdo\u011fan, M\u0131s\u0131r ziyareti sonras\u0131 Dan\u0131\u015ftay\u2019\u0131n ihra\u00e7 edilen 450 h\u00e2kim ve savc\u0131n\u0131n g\u00f6reve iade edilmesine karar vermesi \u00fczerine yarg\u0131ya y\u00f6nelik sert ele\u015ftirilerde bulundu. Erdo\u011fan, Dan\u0131\u015ftay\u2019\u0131n zaman zaman verdi\u011fi kararlar\u0131n kendisini rahats\u0131z etti\u011fini belirterek, \u201cAnayasa Mahkemesi\u2019nin kararlar\u0131n\u0131 hazmedemiyorum\u201d dedi. <\/p>\n<p>Cumhurba\u015fkan\u0131 Erdo\u011fan taraf\u0131ndan yap\u0131lan bu a\u00e7\u0131klama \u00fczerine Genel Kurul\u2019da konu\u015fan Ekmen, \u015fu ifadeleri kulland\u0131:<\/p>\n<p>\u201cSay\u0131n Cumhurba\u015fkan\u0131 d\u00f6n\u00fc\u015f yolunda gazetecilere a\u00e7\u0131klamalarda bulunarak Anayasa Mahkemesi ve Dan\u0131\u015ftay\u2019\u0131n baz\u0131 kararlar\u0131n\u0131 ele\u015ftirmi\u015ftir. Say\u0131n Cumhurba\u015fkan\u0131n\u0131n hukuk devletinden ne anlad\u0131\u011f\u0131n\u0131, daha do\u011frusu ne anlamad\u0131\u011f\u0131n\u0131 hepimiz biliyoruz. Neredeyse tamam\u0131n\u0131 kendisinin do\u011frudan atad\u0131\u011f\u0131 yarg\u0131\u00e7lar\u0131n dahi b\u0131rak\u0131n hukuk devleti, kanun devleti olman\u0131n gere\u011fi olarak verdi\u011fi kararlara kar\u015f\u0131 g\u00f6sterdi\u011fi tahamm\u00fcls\u00fczl\u00fck art\u0131k bamba\u015fka bir safhad\u0131r. Say\u0131n Cumhurba\u015fkan\u0131, kendi atad\u0131\u011f\u0131 \u00fcyelerin kendisinin say\u0131s\u0131z beyanat\u0131na ra\u011fmen bu kararlar\u0131 niye verdi\u011fini anlamaya \u00e7al\u0131\u015fmal\u0131, yarg\u0131yla u\u011fra\u015fmak yerine T\u00fcrkiye&#8217;nin b\u0131rak\u0131n\u0131z bir hukuk devleti, kanun devleti olmas\u0131n\u0131n gere\u011fini yerine getirmelidir.\u201d<\/p>\n","protected":false},"excerpt":{"rendered":"<p>DEVA Partisi Genel Ba\u015fkan Yard\u0131mc\u0131s\u0131 ve Mersin Milletvekili Mehmet Emin Ekmen, TBMM Genel Kurul\u2019unda yapt\u0131\u011f\u0131 konu\u015fmada Cumhurba\u015fkan\u0131 Erdo\u011fan\u2019\u0131n M\u0131s\u0131r ziyareti d\u00f6n\u00fc\u015f\u00fcnde yarg\u0131 kararlar\u0131 ile ilgili yapt\u0131\u011f\u0131 a\u00e7\u0131klamalar\u0131 ele\u015ftirdi. Cumhurba\u015fkan\u0131 Erdo\u011fan, M\u0131s\u0131r ziyareti sonras\u0131 Dan\u0131\u015ftay\u2019\u0131n ihra\u00e7 edilen 450 h\u00e2kim ve savc\u0131n\u0131n g\u00f6reve iade edilmesine karar vermesi \u00fczerine yarg\u0131ya y\u00f6nelik sert ele\u015ftirilerde bulundu. Erdo\u011fan, Dan\u0131\u015ftay\u2019\u0131n zaman zaman [&hellip;]<\/p>\n","protected":false},"author":2,"featured_media":30005,"comment_status":"open","ping_status":"open","sticky":false,"template":"","format":"standard","meta":{"footnotes":""},"categories":[3,6],"tags":[],"class_list":["post-30722","post","type-post","status-publish","format-standard","has-post-thumbnail","hentry","category-manset","category-siyaset-2"],"views":1,"_links":{"self":[{"href":"https:\/\/mersinkadingazetesi.com\/index.php?rest_route=\/wp\/v2\/posts\/30722"}],"collection":[{"href":"https:\/\/mersinkadingazetesi.com\/index.php?rest_route=\/wp\/v2\/posts"}],"about":[{"href":"https:\/\/mersinkadingazetesi.com\/index.php?rest_route=\/wp\/v2\/types\/post"}],"author":[{"embeddable":true,"href":"https:\/\/mersinkadingazetesi.com\/index.php?rest_route=\/wp\/v2\/users\/2"}],"replies":[{"embeddable":true,"href":"https:\/\/mersinkadingazetesi.com\/index.php?rest_route=%2Fwp%2Fv2%2Fcomments&post=30722"}],"version-history":[{"count":0,"href":"https:\/\/mersinkadingazetesi.com\/index.php?rest_route=\/wp\/v2\/posts\/30722\/revisions"}],"wp:featuredmedia":[{"embeddable":true,"href":"https:\/\/mersinkadingazetesi.com\/index.php?rest_route=\/wp\/v2\/media\/30005"}],"wp:attachment":[{"href":"https:\/\/mersinkadingazetesi.com\/index.php?rest_route=%2Fwp%2Fv2%2Fmedia&parent=30722"}],"wp:term":[{"taxonomy":"category","embeddable":true,"href":"https:\/\/mersinkadingazetesi.com\/index.php?rest_route=%2Fwp%2Fv2%2Fcategories&post=30722"},{"taxonomy":"post_tag","embeddable":true,"href":"https:\/\/mersinkadingazetesi.com\/index.php?rest_route=%2Fwp%2Fv2%2Ftags&post=30722"}],"curies":[{"name":"wp","href":"https:\/\/api.w.org\/{rel}","templated":true}]}}