{"id":30724,"date":"2024-02-18T11:11:44","date_gmt":"2024-02-18T08:11:44","guid":{"rendered":"http:\/\/mersinkadingazetesi.com\/?p=30724"},"modified":"2024-02-18T11:11:44","modified_gmt":"2024-02-18T08:11:44","slug":"mersin-artik-mutlulukla-umutla-barisla-kardeslikle-aniliyor","status":"publish","type":"post","link":"https:\/\/mersinkadingazetesi.com\/?p=30724","title":{"rendered":"&#8220;MERS\u0130N ARTIK MUTLULUKLA, UMUTLA, BARI\u015eLA, KARDE\u015eL\u0130KLE ANILIYOR&#8221;"},"content":{"rendered":"<p>Mersin B\u00fcy\u00fck\u015fehir Belediye Ba\u015fkan\u0131 ve Cumhuriyet Halk Partisi (CHP) Mersin B\u00fcy\u00fck\u015fehir Belediye Ba\u015fkan Aday\u0131 Vahap Se\u00e7er&#8217;in Se\u00e7im Koordinasyon Merkezi a\u00e7\u0131ld\u0131. Ba\u015fkan Se\u00e7er, merkezi Mersin halk\u0131yla birlikte a\u00e7t\u0131.<\/p>\n<p>Mersinli yurtta\u015flar\u0131n ak\u0131n etti\u011fi &#8216;Vahap Se\u00e7er Se\u00e7im Koordinasyon Merkezi&#8217; a\u00e7\u0131l\u0131\u015f\u0131na, Ba\u015fkan Se\u00e7er&#8217;in yan\u0131 s\u0131ra, CHP Mersin Milletvekilleri G\u00fclcan K\u0131\u015f ve Talat Din\u00e7er, \u0130l Ba\u015fkan\u0131 Koral \u00d6m\u00fcr, kad\u0131n ve gen\u00e7lik kollar\u0131 ba\u015fkanlar\u0131, il\u00e7e belediye ba\u015fkan adaylar\u0131, il ve il\u00e7e y\u00f6neticileri ile partililer kat\u0131ld\u0131. Alan\u0131 dolduran y\u00fczlerce Mersinli, ellerinde &#8216;Seninle 5 Y\u0131l Daha&#8217;, &#8216;Memnuniyetle Ba\u015fkan\u0131m&#8217;, &#8216;Vahap Se\u00e7er Mersin Ge\u00e7er&#8217; d\u00f6vizleri ve &#8216;Mersin Seninle Gurur Duyuyor&#8217; sloganlar\u0131 e\u015fli\u011finde co\u015fkulu bir \u015fekilde Mersin&#8217;in Ba\u015fkan\u0131n\u0131 kar\u015f\u0131lad\u0131.<\/p>\n<p>Se\u00e7er: &#8220;Ba\u015far\u0131lar devam edecek&#8221;<\/p>\n<p>Konu\u015fmas\u0131na Mersin&#8217;in her k\u00f6\u015fesinden a\u00e7\u0131l\u0131\u015fa kat\u0131lan yurtta\u015flar\u0131 selamlayarak ba\u015flayan Ba\u015fkan Se\u00e7er, her daim birlik ve beraberlik i\u00e7erisinde olduklar\u0131n\u0131 s\u00f6yledi. May\u0131s ay\u0131nda yap\u0131lan se\u00e7imlerde Mersin&#8217;den \u00e7\u0131kan sonu\u00e7lar\u0131n, \u00e7al\u0131\u015f\u0131p emek edince, azim ve kararl\u0131l\u0131kla insanlara ula\u015f\u0131larak ba\u015far\u0131l\u0131 olundu\u011fu ger\u00e7e\u011fini g\u00f6zler \u00f6n\u00fcne serdi\u011fini belirten Se\u00e7er, &#8220;Mersin bunu ba\u015fard\u0131. Mersin a\u00e7\u0131k ara farkla CHP&#8217;yi Mersin&#8217;de birinci yapt\u0131. Te\u015fekk\u00fcrler Mersin. Ancak daha bitmedi. Ba\u015far\u0131lar devam edecek&#8221; dedi.<\/p>\n<p>&#8220;\u00c7al\u0131\u015f\u0131yoruz, \u00e7al\u0131\u015fmaya da devam edece\u011fiz&#8221;<\/p>\n<p>B\u00fcy\u00fck\u015fehir Belediye Ba\u015fkanl\u0131\u011f\u0131 yolculu\u011funa 31 Mart 2019 tarihinde partisine ve adaylar\u0131na inanan CHP&#8217;lilerin yan\u0131 s\u0131ra Mersinlilerle \u00e7\u0131kt\u0131klar\u0131n\u0131 hat\u0131rlatan Se\u00e7er, ge\u00e7en 5 y\u0131ll\u0131k s\u00fcre i\u00e7erisinde parti ayr\u0131m\u0131 yapmaks\u0131z\u0131n herkesin yan\u0131nda olarak gece-g\u00fcnd\u00fcz \u00e7al\u0131\u015ft\u0131klar\u0131n\u0131 s\u00f6yledi. Her daim yurtta\u015f\u0131n yan\u0131nda olduklar\u0131n\u0131 aktaran Se\u00e7er, &#8220;Onlar\u0131n yan\u0131nda durduk. Onlarla bug\u00fcnlere geldik. \u00c7al\u0131\u015f\u0131yoruz, \u00e7al\u0131\u015faca\u011f\u0131z, \u00e7al\u0131\u015fmaya da devam edece\u011fiz&#8221; diye konu\u015ftu.<\/p>\n<p>&#8220;Mersin art\u0131k mutlulukla, umutla, bar\u0131\u015fla, karde\u015flikle an\u0131l\u0131yor&#8221;<\/p>\n<p>Mersin&#8217;in \u00f6nemli bir de\u011fi\u015fimden ge\u00e7ti\u011fine dikkat \u00e7eken Se\u00e7er, ge\u00e7mi\u015fte olumsuzluklarla bas\u0131nda yer alan kentin art\u0131k mutlulukla, umutla, bar\u0131\u015f ve karde\u015flikle an\u0131ld\u0131\u011f\u0131n\u0131 s\u00f6yledi. \u015eehirde ya\u015fayan her ya\u015ftan ve her kesimden yurtta\u015f\u0131n yan\u0131nda olduklar\u0131n\u0131 dile getiren Se\u00e7er, &#8220;Mersin de\u011fi\u015fiyor, Mersin kabu\u011funu k\u0131r\u0131yor, b\u00fcy\u00fcyor, kalk\u0131n\u0131yor. Mersin&#8217;de \u00e7ok \u015fey de\u011fi\u015fiyor. \u00d6nceden televizyonlarda tasvip etmedi\u011fimiz k\u00f6t\u00fc olaylarla duyulurdu, \u015fimdi Mersin mutlulukla, umutla, bar\u0131\u015fla, karde\u015flikle an\u0131l\u0131yor. Belediyesiyle, belediye ba\u015fkan\u0131yla an\u0131l\u0131yor. Belediyecilik tarihinde b\u00fcy\u00fck bir kalk\u0131nma hamlesi ba\u015flatt\u0131k. Kad\u0131n\u0131n, \u00e7ocu\u011fun, ya\u015fl\u0131 dedemin, nenemin yan\u0131nda olduk, elini tuttuk, onlarla beraber olduk. Dezavantajl\u0131 gruplar\u0131n yan\u0131nda olduk. T\u00fcrkiye&#8217;de \u00f6rnek sosyal demokrat belediye olduk&#8221; diye konu\u015ftu.<\/p>\n<p>&#8220;Ortaya koydu\u011fumuz politikalarla T\u00fcrkiye&#8217;de bir model olduk&#8221;<\/p>\n<p>Tar\u0131mdan sa\u011fl\u0131\u011fa hayat\u0131n her alan\u0131nda yurtta\u015flar\u0131n ya\u015fam\u0131n\u0131 kolayla\u015ft\u0131ran proje ve \u00e7al\u0131\u015fmalara imza atman\u0131n gururunu ya\u015fad\u0131klar\u0131n\u0131 s\u00f6yleyen Se\u00e7er, &#8220;Tar\u0131m alan\u0131nda yapt\u0131\u011f\u0131m\u0131z desteklerle, sa\u011fl\u0131kta ortaya koydu\u011fumuz politikalarla T\u00fcrkiye&#8217;de bir model olduk. B\u00fcy\u00fck\u015fehir Belediyesi, T\u00fcrkiye&#8217;de sosyal belediyecilikte tarih yazan belediye oldu. Bunlar\u0131 11 binden fazla \u00e7al\u0131\u015fan\u0131m\u0131zla yapt\u0131k. Onlar\u0131n eme\u011fiyle, al\u0131n teriyle yapt\u0131k. Mersinlinin inanc\u0131yla, deste\u011fiyle, bize g\u00fcvenli\u011fiyle yapt\u0131k. Mersinde ya\u015fayan 2,5 milyon n\u00fcfusa hizmet eden mesai arkada\u015flar\u0131ma, belediye \u00e7al\u0131\u015fanlar\u0131na te\u015fekk\u00fcr ediyorum&#8221; ifadelerini kulland\u0131.<\/p>\n<p>&#8220;Farkl\u0131klar bizim zenginli\u011fimizdir&#8221;<\/p>\n<p>CHP&#8217;li ve Atat\u00fcrk\u00e7\u00fc bir insan oldu\u011funu s\u00f6yleyen Se\u00e7er, buna kar\u015f\u0131n hi\u00e7bir ayr\u0131m yapmad\u0131klar\u0131n\u0131 belirterek, &#8220;Bizim g\u00f6zlerimize a\u011fma iner, farkl\u0131l\u0131klar\u0131 g\u00f6rmeyiz. Farkl\u0131klar bizim zenginli\u011fimizdir. Her yurtta\u015f\u0131m\u0131n etnik kimli\u011fi onun onurudur. Herkese sayg\u0131 duyar\u0131z&#8221; s\u00f6zlerine yer verdi. CHP ile Mersin&#8217;in rahat bir nefes ald\u0131\u011f\u0131n\u0131 belirten Se\u00e7er, &#8220;Mut&#8217;a gidin, Mut&#8217;tan Tarsus&#8217;a gelin, oradan \u00c7aml\u0131yayla&#8217;ya \u00e7\u0131k\u0131n, Anamur&#8217;a, G\u00fclnar&#8217;a, Mersin merkeze gelip herkesle konu\u015fun, &#8216;Belediyeniz size hizmet ediyor mu?&#8217; diye sorun. Herkes, &#8216;CHP&#8217;li Belediye Ba\u015fkan\u0131m\u0131z bize hizmet ediyor&#8217; cevab\u0131n\u0131 verir&#8221; diye konu\u015ftu.<\/p>\n<p>&#8220;Hep beraber ba\u015faraca\u011f\u0131z&#8221;<\/p>\n<p>5 y\u0131lda ba\u015far\u0131l\u0131 bir model ortaya koyduklar\u0131n\u0131 kaydeden Se\u00e7er, &#8220;Bunu devam ettirece\u011fiz, durmayaca\u011f\u0131z, dinlenmeyece\u011fiz. Bizi \u00e7al\u0131\u015fmak kurtar\u0131r, \u00e7al\u0131\u015faca\u011f\u0131z. Mersin&#8217;i daha g\u00fczel yapaca\u011f\u0131z. Yollar\u0131m\u0131z, ref\u00fcjlerimiz, parklar\u0131m\u0131z daha g\u00fczel olacak. Bu m\u00fccadele ve \u00e7al\u0131\u015fma devam edecek. Bu 5 y\u0131l herkes g\u00f6rd\u00fc, bunu s\u00fcrd\u00fcrece\u011fiz. Buna can\u0131 g\u00f6n\u00fclden inan\u0131yorum&#8221; dedi.<\/p>\n<p>Partili yol arkada\u015flar\u0131na seslenen Se\u00e7er, &#8220;Hepinizi bu seferberli\u011fe davet ediyorum. Hep beraber ba\u015faraca\u011f\u0131z&#8221; ifadelerini kulland\u0131.<\/p>\n<p>Farkl\u0131 siyasi partilerin adaylar\u0131n\u0131n B\u00fcy\u00fck\u015fehir&#8217;in hizmetleriyle ilgili yapt\u0131\u011f\u0131 konu\u015fmalar\u0131 de\u011ferlendiren Ba\u015fkan Se\u00e7er, &#8220;Herkesin fikirleri, projeleri kendilerine g\u00f6re do\u011frudur, bize de sayg\u0131 g\u00f6stermek kal\u0131r. Ama birileri \u00e7\u0131k\u0131p; daha ortada fol yok, yumurta yok, senin anlataca\u011f\u0131n bir proje yok, daha anlatt\u0131\u011f\u0131n bir \u015fey yok, sen yap\u0131lanlara kulp takarsan hop arkada\u015f derim. 11 bin insan\u0131n eme\u011fi var 5 y\u0131lda. Bu belediye ba\u015fkan\u0131n\u0131n, kadrolar\u0131n\u0131n eme\u011fi var. \u015eimdi burada sizlerin huzurunda sesleniyorum; Mersin&#8217;in trafi\u011fini ele\u015ftirmeyi, yollar\u0131 ele\u015ftirmeyi b\u0131rak. B\u0131rak\u0131n bu laf\u0131 g\u00fczaf i\u015fleri. Bin arabana \u015f\u00f6yle bir Mersin&#8217;i dola\u015f; 2. \u00c7evre Yolu, GMK, 3. \u00c7evre Yolu, Adnan Menderes Bulvar\u0131&#8217;na gir, kav\u015faklara bak. T\u00fcrkiye&#8217;de \u00f6rne\u011fi var m\u0131?  Yeni a\u00e7\u0131lan 4. \u00c7evre Yolu&#8217;na bir bak&#8221; diye konu\u015ftu.<\/p>\n<p>&#8220;Bu belediye ba\u015fkan\u0131 sahili, ranta de\u011fil halka a\u00e7t\u0131&#8221;<\/p>\n<p>Ba\u015fkan Se\u00e7er, ele\u015ftirmeden \u00f6nce insanlar\u0131n hizmetleri g\u00f6rmesi ve incelemesi gerekti\u011fini s\u00f6zlerine ekleyerek, &#8220;Yakla\u015f\u0131k 2 bin 250 metrelik yolu a\u00e7\u0131yoruz birka\u00e7 g\u00fcn sonra. 35 metre bulvar var. Bir g\u00f6r; yol, altyap\u0131 nas\u0131l yap\u0131l\u0131yor, bisiklet yolu, yeni ref\u00fcj modelleri, kav\u015fak modelleri nedir? \u015eehircili\u011fi \u00f6nce bir \u00f6\u011fren, sonra ele\u015ftiri yap bize. Anamur&#8217;a git. \u0130skele Caddesi&#8217;ne in. G\u00f6r yol nas\u0131l yap\u0131l\u0131yor? K\u00f6y yollar\u0131na \u00e7\u0131k. Gidemiyorsan da k\u00f6yl\u00fcne; &#8216;Yollar\u0131n nas\u0131l, \u00fcr\u00fcn\u00fcn\u00fc pazara sa\u011fl\u0131kl\u0131 getiriyor musun?&#8217; diye bir sor bunlar\u0131&#8221; ifadelerini kulland\u0131.<\/p>\n<p>Se\u00e7er konu\u015fmas\u0131n\u0131, &#8220;Sen bir sor bakal\u0131m ya\u015f alm\u0131\u015f yurtta\u015fa, kimsesize; &#8216;Her ak\u015fam belediyenden evine s\u0131cak yemek geliyor mu?&#8217; diye. Sor, tekstilde, tarlada \u00e7al\u0131\u015fan bac\u0131ma sor; G\u00fcne\u015f&#8217;te G\u00fcnyurdu&#8217;nda oturan bac\u0131ma sor; \u015eevket S\u00fcmer&#8217;de oturan, Fahrettin Pa\u015fa&#8217;da oturan, Yenimahalle&#8217;de oturana sor. &#8216;Bac\u0131m i\u015f \u00e7\u0131k\u0131\u015f\u0131 Mahalle Mutfa\u011f\u0131&#8217;ndan 10 TL&#8217;ye yemek al\u0131yor musun?&#8217; diye bir sorsana. Sor vatanda\u015fa; &#8216;\u00c7ocu\u011fun belediyenin e\u011fitim merkezlerine gidiyor mu?&#8217; diye bir sor. Bir dershanenin aileye maliyeti 40 bin TL. Bu belediyenin 7 bin \u00f6\u011frencisi, 350 e\u011fitimcisi, \u00f6\u011fretmeni var. Bir sor da \u00f6\u011fren neler oluyor. \u015eu sahile bir in. Al\u0131\u015f\u0131k de\u011filsiniz de\u011fil mi? \u00d6yle rant yerleri, ranta a\u00e7ars\u0131n\u0131z ama bu belediye ba\u015fkan\u0131 sahili halka a\u00e7t\u0131, halka&#8221; c\u00fcmleleriyle s\u00fcrd\u00fcrd\u00fc.<\/p>\n<p>&#8220;CHP&#8217;nin bu memlekette ayr\u0131m yapmadan hizmet yapt\u0131\u011f\u0131n\u0131 g\u00f6rd\u00fcler, g\u00f6rmeye devam edecekler&#8221;<\/p>\n<p>Sahilde bulunan Okuma Salonu gibi yeni nesil 12 okuma salonu oldu\u011funu hat\u0131rlatan Se\u00e7er, &#8220;Bu ba\u015fkan oray\u0131 sizlerin \u00e7ocuklar\u0131na, e\u011fitime a\u00e7t\u0131. Bunlar\u0131 \u00f6\u011frenecekler. Bu memlekette CHP&#8217;li belediyecili\u011fin, ayr\u0131m yapmadan hizmet yapt\u0131\u011f\u0131n\u0131 g\u00f6recekler. Paran\u0131n, kayna\u011f\u0131n; israf etmeden, \u00e7almadan, \u00e7ald\u0131rmadan; gereksiz, ak\u0131ll\u0131 olmayan yat\u0131r\u0131mlar yapmadan nas\u0131l iyi kullan\u0131ld\u0131\u011f\u0131n\u0131 g\u00f6rd\u00fcler, g\u00f6rmeye devam edecekler&#8221; ifadelerini kulland\u0131.<\/p>\n<p>&#8220;A\u00e7\u0131k ara farkla al\u0131nan B\u00fcy\u00fck\u015fehir Belediye Ba\u015fkanl\u0131\u011f\u0131 sonucu 2024&#8217;te gelecek&#8221;<\/p>\n<p>B\u00fcy\u00fck\u015fehir Belediyesi olarak il genelinde yap\u0131lan hizmetlerin hi\u00e7birisinde parti ayr\u0131m\u0131 g\u00f6zetmediklerinin alt\u0131n\u0131 \u00e7izen Se\u00e7er, 31 Mart 2024 tarihinde yap\u0131lacak se\u00e7imlerde ba\u015fta B\u00fcy\u00fck\u015fehir olmak \u00fczere 13 il\u00e7ede \u00e7ok say\u0131da CHP&#8217;li ba\u015fkan\u0131n g\u00f6reve gelece\u011fine inand\u0131\u011f\u0131n\u0131 ifade etti. Se\u00e7er, &#8220;A\u00e7\u0131k ara, en fazla farkla al\u0131nan B\u00fcy\u00fck\u015fehir Belediye Ba\u015fkanl\u0131\u011f\u0131 sonucu 2024&#8217;te gelecek. Tarihi bir oy fark\u0131yla alaca\u011f\u0131z&#8221; dedi.<\/p>\n<p>&#8220;Mersin&#8217;de hizmet ittifak\u0131 var&#8221;<\/p>\n<p>Mersin&#8217;de hizmet ittifak\u0131 oldu\u011funa vurgu yapan Se\u00e7er, kentte ya\u015fayan ve farkl\u0131 siyasi g\u00f6r\u00fc\u015fe sahip her yurtta\u015f\u0131n 5 y\u0131l boyunca e\u015fit hizmet ald\u0131\u011f\u0131n\u0131 ve 5 y\u0131l boyunca adil ve e\u015fit hizmet yakla\u015f\u0131m\u0131n\u0131n kentteki her yurtta\u015fa dokundu\u011funu ifade ederek, &#8220;Herkes i\u00e7in yol, herkes i\u00e7in sosyal yard\u0131mlar yapt\u0131k. Herkes i\u00e7in \u015fehri temiz tuttuk, sahili g\u00fczelle\u015ftirdik. En \u00f6nemlisi bu memlekette ya\u015fayan 2,5 milyon insan i\u00e7in huzuru, mutlulu\u011fu getirdik&#8221; dedi.<\/p>\n<p>\u00d6m\u00fcr: &#8220;Vahap Ba\u015fkan\u0131m\u0131z 5 y\u0131lda en iyilerini yapt\u0131&#8221;<\/p>\n<p>Ba\u015fkan Vahap Se\u00e7er&#8217;in 2019 y\u0131l\u0131nda Mersin&#8217;de yeni bir hik\u00e2ye ba\u015flatt\u0131\u011f\u0131n\u0131 kaydeden CHP Mersin \u0130l Ba\u015fkan\u0131 Koral \u00d6m\u00fcr, hikayenin destana d\u00f6n\u00fc\u015ft\u00fc\u011f\u00fcn\u00fc vurgulad\u0131. &#8220;31 Mart 2024&#8217;de devam ettirmeye haz\u0131r m\u0131s\u0131n\u0131z?&#8221; diye soran \u00d6m\u00fcr, &#8220;Hepimizin belediyecilikten anlad\u0131\u011f\u0131m\u0131z bir \u015fey var, Vahap Ba\u015fkan\u0131m\u0131z 5 y\u0131lda en iyilerini yapt\u0131. Mersin&#8217;i en iyi noktaya getirdi. 5 y\u0131lda \u00e7ok daha iyilerini yapaca\u011f\u0131z&#8221; s\u00f6zlerine yer verdi.<\/p>\n<p>Din\u00e7er:&#8221; Mersin&#8217;de 2019 y\u0131l\u0131ndan bu yana adaletli bir y\u00f6netim var&#8221;<\/p>\n<p>CHP Mersin Milletvekili Talat Din\u00e7er, Mersin&#8217;in 2019 y\u0131l\u0131ndan bu yana adaletli bir y\u00f6netim anlay\u0131\u015f\u0131yla y\u00f6netildi\u011fini ifade etti. Din\u00e7er, &#8220;Ba\u015fkan\u0131m\u0131z sosyal belediyecili\u011fi T\u00fcrkiye&#8217;ye \u00f6\u011fretti. Vahap Se\u00e7er Mersin&#8217;de bir tarih yazarak sosyal belediyecili\u011fi \u00fclkemize \u00f6\u011fretti. \u015eimdi kald\u0131\u011f\u0131m\u0131z yerden devam ediyoruz. Her \u015fey daha g\u00fczel olacak ve Vahap Se\u00e7er ba\u015fkan\u0131m\u0131z\u0131n idaresi sadece Mersin&#8217;e de\u011fil, T\u00fcrkiye&#8217;nin her k\u00f6\u015fesine de \u00f6rnek olacak&#8221; diye konu\u015ftu.<\/p>\n<p>K\u0131\u015f: &#8220;Hep birlikte tekrardan bahar\u0131 getirece\u011fiz&#8221;<\/p>\n<p>A\u00e7\u0131l\u0131\u015ftaki kalabal\u0131ktan 2019 Mart&#8217;\u0131n\u0131n ruhunu g\u00f6rd\u00fc\u011f\u00fcn\u00fc s\u00f6yleyen CHP Mersin Milletvekili G\u00fclcan K\u0131\u015f, &#8220;Co\u015fkuluyum, mutluyum ve sizler kadar heyecanl\u0131y\u0131m. Bug\u00fcn devam edecek olan yolculu\u011fumuzun a\u00e7\u0131l\u0131\u015f noktas\u0131nday\u0131z, 5 y\u0131ld\u0131r Mersin&#8217;de neler de\u011fi\u015fti her birimiz bunlar\u0131 biliyoruz. Mersin&#8217;in huzuru, ruhu de\u011fi\u015fti. 2019&#8217;da &#8216;Mersin&#8217;i kazanaca\u011f\u0131z&#8217; dedik, kazand\u0131k, &#8216;Bahar\u0131 getirece\u011fiz&#8217; dedik, getirdik. 31 Mart 2024 tarihinde yap\u0131lacak olan se\u00e7imlerde de hep birlikte tekrardan bahar\u0131 getirece\u011fiz&#8221; s\u00f6zlerine yer verdi.<\/p>\n","protected":false},"excerpt":{"rendered":"<p>Mersin B\u00fcy\u00fck\u015fehir Belediye Ba\u015fkan\u0131 ve Cumhuriyet Halk Partisi (CHP) Mersin B\u00fcy\u00fck\u015fehir Belediye Ba\u015fkan Aday\u0131 Vahap Se\u00e7er&#8217;in Se\u00e7im Koordinasyon Merkezi a\u00e7\u0131ld\u0131. Ba\u015fkan Se\u00e7er, merkezi Mersin halk\u0131yla birlikte a\u00e7t\u0131. Mersinli yurtta\u015flar\u0131n ak\u0131n etti\u011fi &#8216;Vahap Se\u00e7er Se\u00e7im Koordinasyon Merkezi&#8217; a\u00e7\u0131l\u0131\u015f\u0131na, Ba\u015fkan Se\u00e7er&#8217;in yan\u0131 s\u0131ra, CHP Mersin Milletvekilleri G\u00fclcan K\u0131\u015f ve Talat Din\u00e7er, \u0130l Ba\u015fkan\u0131 Koral \u00d6m\u00fcr, kad\u0131n ve [&hellip;]<\/p>\n","protected":false},"author":2,"featured_media":30725,"comment_status":"open","ping_status":"open","sticky":false,"template":"","format":"standard","meta":{"footnotes":""},"categories":[1,2,3,5],"tags":[],"class_list":["post-30724","post","type-post","status-publish","format-standard","has-post-thumbnail","hentry","category-genel","category-gundem","category-manset","category-mersin"],"views":1,"_links":{"self":[{"href":"https:\/\/mersinkadingazetesi.com\/index.php?rest_route=\/wp\/v2\/posts\/30724"}],"collection":[{"href":"https:\/\/mersinkadingazetesi.com\/index.php?rest_route=\/wp\/v2\/posts"}],"about":[{"href":"https:\/\/mersinkadingazetesi.com\/index.php?rest_route=\/wp\/v2\/types\/post"}],"author":[{"embeddable":true,"href":"https:\/\/mersinkadingazetesi.com\/index.php?rest_route=\/wp\/v2\/users\/2"}],"replies":[{"embeddable":true,"href":"https:\/\/mersinkadingazetesi.com\/index.php?rest_route=%2Fwp%2Fv2%2Fcomments&post=30724"}],"version-history":[{"count":0,"href":"https:\/\/mersinkadingazetesi.com\/index.php?rest_route=\/wp\/v2\/posts\/30724\/revisions"}],"wp:featuredmedia":[{"embeddable":true,"href":"https:\/\/mersinkadingazetesi.com\/index.php?rest_route=\/wp\/v2\/media\/30725"}],"wp:attachment":[{"href":"https:\/\/mersinkadingazetesi.com\/index.php?rest_route=%2Fwp%2Fv2%2Fmedia&parent=30724"}],"wp:term":[{"taxonomy":"category","embeddable":true,"href":"https:\/\/mersinkadingazetesi.com\/index.php?rest_route=%2Fwp%2Fv2%2Fcategories&post=30724"},{"taxonomy":"post_tag","embeddable":true,"href":"https:\/\/mersinkadingazetesi.com\/index.php?rest_route=%2Fwp%2Fv2%2Ftags&post=30724"}],"curies":[{"name":"wp","href":"https:\/\/api.w.org\/{rel}","templated":true}]}}