{"id":30727,"date":"2024-02-18T11:13:31","date_gmt":"2024-02-18T08:13:31","guid":{"rendered":"http:\/\/mersinkadingazetesi.com\/?p=30727"},"modified":"2024-02-18T11:13:31","modified_gmt":"2024-02-18T08:13:31","slug":"oz-5-baslik-altinda-33-projemiz-hazir-toroslar-icin-geliyoruz","status":"publish","type":"post","link":"https:\/\/mersinkadingazetesi.com\/?p=30727","title":{"rendered":"\u00d6z: &#8220;5 ba\u015fl\u0131k alt\u0131nda 33 projemiz haz\u0131r, Toroslar i\u00e7in geliyoruz&#8221;"},"content":{"rendered":"<p>Proje tan\u0131t\u0131m toplant\u0131s\u0131nda konu\u015fan Cumhur \u0130ttifak\u0131 Toroslar Belediye Ba\u015fkan Aday\u0131 Dr. Ali \u00d6z, &#8220;\u0130\u015finde uzman ekibimizle birlikte gece g\u00fcnd\u00fcz \u00e7al\u0131\u015farak Toroslar\u0131m\u0131z\u0131n gelece\u011fi i\u00e7in 5 ba\u015fl\u0131k alt\u0131nda 33 projemizi haz\u0131rlad\u0131k. Toroslar&#8217;\u0131 hep beraber birlik i\u00e7erisinde y\u00f6netmek i\u00e7in geliyoruz&#8221; dedi.<\/p>\n<p>Yunus Emre K\u00fclt\u00fcr Merkezi&#8217;nde ger\u00e7ekle\u015fen proje tan\u0131t\u0131m toplant\u0131s\u0131na MHP \u0130l Ba\u015fkan\u0131 \u00d6mer G\u00fcrsoy, AK Parti Mersin \u0130l Ba\u015fkan Yard\u0131mc\u0131s\u0131 H\u00fcseyin Soyer, AK Parti Toroslar \u0130l\u00e7e Koordinat\u00f6r\u00fc \u0130hsan Akag\u00fcnd\u00fcz, MHP KA\u00c7EP Mersin \u0130l Ba\u015fkan\u0131 Asl\u0131 Konte \u00d6z, T\u00fcrk E\u011fitim-Sen Ba\u015fkan\u0131 Metin Ercan, MHP Toroslar \u0130l\u00e7e Ba\u015fkan\u0131 Osman Mete Y\u0131ld\u0131z, AK Parti Toroslar \u0130l\u00e7e Ba\u015fkan\u0131 Ferdi \u00c7okkeser, 23. D\u00f6nem MHP Mersin Milletvekili Kadir Ural, \u00f6nceki d\u00f6nem Toroslar Belediye Ba\u015fkan\u0131 Hamit Tuna, \u00e7ok say\u0131da partili ve vatanda\u015flar kat\u0131ld\u0131. MHP Genel Ba\u015fkan\u0131 Dr. Devlet Bah\u00e7eli ile Cumhurba\u015fkan\u0131 Recep Tayyip Erdo\u011fan&#8217;a kendisine Toroslar i\u00e7in adayl\u0131k g\u00f6revi verilmesinden dolay\u0131 \u015f\u00fckranlar\u0131n\u0131 sunan \u00d6z, salonu dolduranlara da te\u015fekk\u00fcr etti.<\/p>\n<p>SALON DOLDU TA\u015eTI, PROJE TANITIM TOPLANTISI M\u0130T\u0130NG HAVASINDA GE\u00c7T\u0130<\/p>\n<p>Cumhur \u0130ttifak\u0131 Toroslar Belediye Ba\u015fkan Aday\u0131 Dr. Ali \u00d6z, Yunus Emre K\u00fclt\u00fcr Merkezi&#8217;nde proje tan\u0131t\u0131m toplant\u0131s\u0131 ger\u00e7ekle\u015ftirdi. Yo\u011fun kat\u0131l\u0131m\u0131n oldu\u011fu salon dolunca salona giremeyen vatanda\u015flar i\u00e7in d\u0131\u015far\u0131ya sinevizyon kuruldu. Binlerce vatanda\u015f\u0131n ak\u0131n etti\u011fi proje tan\u0131t\u0131m toplant\u0131s\u0131 miting havas\u0131nda ge\u00e7ti. \u00d6z&#8217;\u00fcn konu\u015fmas\u0131 salonu dolduranlar taraf\u0131ndan s\u0131k s\u0131k kesilerek, &#8220;Toroslar&#8217;\u0131n umudu Ali \u00d6z, Toroslar seninle g\u00fczelle\u015fecek, Toroslar&#8217;\u0131n mimar\u0131 Ali \u00d6z olacak&#8221; \u015feklinde sloganlar at\u0131ld\u0131.<\/p>\n<p>&#8220;DERD\u0130N\u0130Z\u0130 DERT EYLEY\u0130P \u00c7\u00d6ZMEYE, SEV\u0130NC\u0130N\u0130ZE ORTAK OLUP \u00c7O\u011eALTMAYA GEL\u0130YORUZ&#8221;<\/p>\n<p>Toroslar aday\u0131 \u00d6z konu\u015fmas\u0131nda, &#8220;Ad\u0131n\u0131 heybetli ve e\u015fsiz da\u011flar\u0131ndan alan Toroslar, bayra\u011f\u0131m\u0131z\u0131n nazl\u0131 nazl\u0131 dalgaland\u0131\u011f\u0131 Toroslar, y\u00fcre\u011finde vatan sevdas\u0131 olan, fazilet ve ferasetin timsali sevgili Toroslar halk\u0131 d\u00fcr\u00fcstl\u00fc\u011f\u00fcm\u00fcz ve do\u011frulu\u011fuyla y\u0131k\u0131lmaz inanc\u0131m\u0131z ile \u00e7\u0131kt\u0131k bu yola. Sizlerin de b\u00fcy\u00fck destekleri ile hizmet sevdas\u0131 ile bu u\u011furda ilerleyece\u011fiz. Derdinizi dert eyleyip \u00e7\u00f6zmeye, sevincinize ortak olup \u00e7o\u011faltmaya, uzanacak bir el bekleyenleri kucaklamaya geliyoruz&#8221; dedi.<\/p>\n<p>&#8220;TOROSLAR&#8217;I HEP BERABER Y\u00d6NETECE\u011e\u0130Z&#8221;<\/p>\n<p>Toroslar&#8217;\u0131n zenginliklerine de de\u011finen \u00d6z, &#8220;Cesaretle, bilimle, bereketle ve insan merkezli bir hizmet anlay\u0131\u015f\u0131yla Toroslar&#8217;\u0131 hep beraber, birlik i\u00e7erisinde y\u00f6netmek i\u00e7in geliyoruz. Toroslar\u0131m\u0131z ta\u015f\u0131yla, topra\u011f\u0131yla tabiri caizse cennet gibi. Toroslar&#8217;da hep birlikte el ele vererek il\u00e7emize \u00e7a\u011f atlataca\u011f\u0131z. El ele, g\u00f6n\u00fcl g\u00f6n\u00fcle, omuz omuza vererek il\u00e7emizi hak etti\u011fi yerlere getirece\u011fiz. Toroslar&#8217;\u0131 hep beraber birlik i\u00e7erisinde y\u00f6netmek i\u00e7in geliyoruz&#8221; ifadelerini kulland\u0131.<\/p>\n<p>&#8220;TOROSLAR CAZ\u0130BE MERKEZ\u0130 OLACAK&#8221;<\/p>\n<p>Toroslar i\u00e7in haz\u0131rlad\u0131klar\u0131 33 projeden bahseden \u00d6z, &#8220;Ba\u015fta \u015fehircilik projeleri olmak \u00fczere 5 ba\u015fl\u0131k alt\u0131ndaki projelerimiz ekonomik kalk\u0131nma ve turizm, e\u011fitim spor ve sosyal projeler, k\u0131rsal kalk\u0131nma, tar\u0131m ve hayvanc\u0131l\u0131k ile temel belediyecilik hizmetleri olacak. Projelerimizi se\u00e7ildikten sonra hi\u00e7 vakit kaybetmeden birer birer hayata ge\u00e7irerek Toroslar&#8217;\u0131 cazibe merkezi haline getirece\u011fiz. Projelerimiz tamamland\u0131k\u00e7a ticaretin kalbi de Toroslar\u0131m\u0131zda atacak. Toroslar i\u00e7in \u00e7ok g\u00fczel projeler haz\u0131rlad\u0131k. Allah&#8217;\u0131n izniyle se\u00e7imleri kazanmam\u0131z\u0131n ard\u0131ndan 1 Nisan&#8217;dan itibaren Toroslar\u0131m\u0131z i\u00e7in \u00e7al\u0131\u015faca\u011f\u0131z&#8221; \u015feklinde konu\u015ftu.<\/p>\n","protected":false},"excerpt":{"rendered":"<p>Proje tan\u0131t\u0131m toplant\u0131s\u0131nda konu\u015fan Cumhur \u0130ttifak\u0131 Toroslar Belediye Ba\u015fkan Aday\u0131 Dr. Ali \u00d6z, &#8220;\u0130\u015finde uzman ekibimizle birlikte gece g\u00fcnd\u00fcz \u00e7al\u0131\u015farak Toroslar\u0131m\u0131z\u0131n gelece\u011fi i\u00e7in 5 ba\u015fl\u0131k alt\u0131nda 33 projemizi haz\u0131rlad\u0131k. Toroslar&#8217;\u0131 hep beraber birlik i\u00e7erisinde y\u00f6netmek i\u00e7in geliyoruz&#8221; dedi. Yunus Emre K\u00fclt\u00fcr Merkezi&#8217;nde ger\u00e7ekle\u015fen proje tan\u0131t\u0131m toplant\u0131s\u0131na MHP \u0130l Ba\u015fkan\u0131 \u00d6mer G\u00fcrsoy, AK Parti Mersin \u0130l [&hellip;]<\/p>\n","protected":false},"author":2,"featured_media":30728,"comment_status":"open","ping_status":"open","sticky":false,"template":"","format":"standard","meta":{"footnotes":""},"categories":[1,2,3,5],"tags":[],"class_list":["post-30727","post","type-post","status-publish","format-standard","has-post-thumbnail","hentry","category-genel","category-gundem","category-manset","category-mersin"],"views":0,"_links":{"self":[{"href":"https:\/\/mersinkadingazetesi.com\/index.php?rest_route=\/wp\/v2\/posts\/30727"}],"collection":[{"href":"https:\/\/mersinkadingazetesi.com\/index.php?rest_route=\/wp\/v2\/posts"}],"about":[{"href":"https:\/\/mersinkadingazetesi.com\/index.php?rest_route=\/wp\/v2\/types\/post"}],"author":[{"embeddable":true,"href":"https:\/\/mersinkadingazetesi.com\/index.php?rest_route=\/wp\/v2\/users\/2"}],"replies":[{"embeddable":true,"href":"https:\/\/mersinkadingazetesi.com\/index.php?rest_route=%2Fwp%2Fv2%2Fcomments&post=30727"}],"version-history":[{"count":0,"href":"https:\/\/mersinkadingazetesi.com\/index.php?rest_route=\/wp\/v2\/posts\/30727\/revisions"}],"wp:featuredmedia":[{"embeddable":true,"href":"https:\/\/mersinkadingazetesi.com\/index.php?rest_route=\/wp\/v2\/media\/30728"}],"wp:attachment":[{"href":"https:\/\/mersinkadingazetesi.com\/index.php?rest_route=%2Fwp%2Fv2%2Fmedia&parent=30727"}],"wp:term":[{"taxonomy":"category","embeddable":true,"href":"https:\/\/mersinkadingazetesi.com\/index.php?rest_route=%2Fwp%2Fv2%2Fcategories&post=30727"},{"taxonomy":"post_tag","embeddable":true,"href":"https:\/\/mersinkadingazetesi.com\/index.php?rest_route=%2Fwp%2Fv2%2Ftags&post=30727"}],"curies":[{"name":"wp","href":"https:\/\/api.w.org\/{rel}","templated":true}]}}