{"id":30730,"date":"2024-02-18T11:17:01","date_gmt":"2024-02-18T08:17:01","guid":{"rendered":"http:\/\/mersinkadingazetesi.com\/?p=30730"},"modified":"2024-02-18T11:17:01","modified_gmt":"2024-02-18T08:17:01","slug":"lise-ogrencileri-cevre-kirliligini-deneyimleyerek-ogreniyor","status":"publish","type":"post","link":"https:\/\/mersinkadingazetesi.com\/?p=30730","title":{"rendered":"L\u0130SE \u00d6\u011eRENC\u0130LER\u0130 \u00c7EVRE K\u0130RL\u0130L\u0130\u011e\u0130N\u0130 DENEY\u0130MLEYEREK \u00d6\u011eREN\u0130YOR"},"content":{"rendered":"<p>Biyosfer Do\u011fa Ara\u015ft\u0131rmalar\u0131 Derne\u011fi \u00f6nc\u00fcl\u00fc\u011f\u00fcnde; Mersin B\u00fcy\u00fck\u015fehir Belediyesi, Mersin \u00dcniversitesi ile Do\u011fa Koruma ve Milli Parklar Genel M\u00fcd\u00fcrl\u00fc\u011f\u00fc ortakl\u0131\u011f\u0131nda hayata ge\u00e7irilen &#8216;Environmental Pollution and Solution&#8217; projesi kapsam\u0131nda Almanya&#8217;dan gelen ThinkCamp eG. Derne\u011fi \u00f6\u011frencileri, &#8216;Mercan 100. Y\u0131l \u0130klim ve \u00c7evre Bilim Merkezi&#8217;ni ziyaret etti.<\/p>\n<p>Alman \u00f6\u011frenciler program kapsam\u0131nda deniz ve su kirlili\u011fine ili\u015fkin yap\u0131lan \u00e7al\u0131\u015fmalara ili\u015fkin sorunlar\u0131 yerinde inceleme \u015fans\u0131 yakalarken, projede yer alan T\u00fcrkiye grubu da Almanya&#8217;daki \u00e7evre ve su kirlili\u011fine odaklanmak i\u00e7in ziyaretlerde bulunacak.<\/p>\n<p>Dr. Ku\u015fatan: &#8220;Mercan 100. Y\u0131l \u0130klim ve \u00c7evre Bilim Merkezi bu b\u00f6lgenin g\u00f6r\u00fcnen y\u00fcz\u00fc&#8221;<\/p>\n<p>Biyosfer Do\u011fa Ara\u015ft\u0131rma Derne\u011fi \u00f6nc\u00fcl\u00fc\u011f\u00fcnde yap\u0131lan proje kapsam\u0131nda, \u00f6\u011frencilerin \u00e7evre ve deniz kirlili\u011fi hakk\u0131nda yerinde inceleme ve bilgilenme \u015fans\u0131 yakalad\u0131klar\u0131n\u0131 kaydeden \u0130klim De\u011fi\u015fikli\u011fi ve S\u0131f\u0131r At\u0131k Daire Ba\u015fkanl\u0131\u011f\u0131&#8217;na ba\u011fl\u0131 \u0130klim De\u011fi\u015fikli\u011fi ve Yenilenebilir Enerji \u015eube M\u00fcd\u00fcr\u00fc Dr. Zafer Ku\u015fatan, 5 g\u00fcn s\u00fcrecek projeye yerel kurumlar\u0131n da destek verdi\u011fini belirtti.<\/p>\n<p>Mercan 100. Y\u0131l \u0130klim ve \u00c7evre Bilim Merkezi&#8217;nin bu ara\u015ft\u0131rmaya katk\u0131 sunacak bir merkez oldu\u011funa de\u011finen Dr. Ku\u015fatan, &#8220;Bilim merkezi bu b\u00f6lgenin g\u00f6r\u00fcnen y\u00fcz\u00fc oldu\u011fu i\u00e7in, buray\u0131 da g\u00f6rmelerini istedik. Arka tarafta yap\u0131lan \u00e7al\u0131\u015fmalar\u0131n buraya, halk\u0131m\u0131za ve \u00fclkemize bir yans\u0131mas\u0131 olaca\u011f\u0131n\u0131 d\u00fc\u015f\u00fcn\u00fcyoruz. \u00c7evreyle ve denizle ilgili \u00e7al\u0131\u015fmalar\u0131n neticesinde, buradaki i\u00e7erikteki yap\u0131lanmada da g\u00fcncellemeler ve s\u00fcrd\u00fcr\u00fclebilir bir yap\u0131 olu\u015fmas\u0131n\u0131 istiyoruz. Temalar\u0131m\u0131zda belli d\u00f6nemlerde de\u011fi\u015fim yap\u0131larak, g\u00fcncel bilgileri buray\u0131 ziyaret edenlerle payla\u015fmak istiyoruz&#8221; s\u00f6zlerine yer verdi.<\/p>\n<p>Prof. Dr. Ayas: &#8220;Gen\u00e7ler \u00e7evrenin korunmas\u0131n\u0131 ya\u015fayarak \u00f6\u011frenecek&#8221;<\/p>\n<p>T\u00fcrk Alman Gen\u00e7lik K\u00f6pr\u00fcs\u00fc projesinin Avrupa Birli\u011fi kurulu\u015fu taraf\u0131ndan desteklendi\u011fini s\u00f6yleyen Mersin \u00dcniversitesi Su \u00dcr\u00fcnleri Fak\u00fcltesi \u0130\u015fleme Teknolojisi Anabilim Dal\u0131 \u00d6\u011fretim \u00dcyesi Prof. Dr. Deniz Ayas; T\u00fcrkiye ve Almanya&#8217;dan 10&#8217;ar \u00f6\u011frenci ile projenin ba\u015flat\u0131ld\u0131\u011f\u0131n\u0131 belirtti. Lise d\u00fczeyinde olan \u00f6\u011frencilerin kayna\u015fmas\u0131, birlikte \u00f6\u011frenmesi ve etkile\u015fim i\u00e7inde olmalar\u0131 i\u00e7in bu projeyi yapt\u0131klar\u0131n\u0131 belirten Prof. Dr. Ayas, &#8220;Nisan ay\u0131nda da biz 10 gencimizi Berlin&#8217;e g\u00f6t\u00fcrece\u011fiz. Orada yap\u0131lan \u00e7al\u0131\u015fmalar\u0131, \u00e7evre ile ilgili insan faaliyetlerini biz de orada izlemi\u015f olaca\u011f\u0131z&#8221; diyerek, gen\u00e7lerin \u00e7evrenin korunmas\u0131n\u0131 ya\u015fayarak \u00f6\u011freneceklerini kaydetti.<\/p>\n<p>\u00d6\u011frenciler \u00e7evre kirlili\u011fini deneyimleyerek \u00f6\u011freniyor<\/p>\n<p>\u00c7evreyi ve do\u011fay\u0131 tan\u0131mak i\u00e7in \u00e7ok g\u00fczel bir bilim merkezi oldu\u011funu s\u00f6yleyen lise \u00f6\u011frencisi Duru Kesel, &#8220;Okulda \u00f6\u011fretilen bilgiler, burada g\u00f6rselle\u015ftirilerek aktar\u0131l\u0131yor. Buradaki projelerle ve yapbozlarla kendimizi deneyimleyebiliyoruz. Projemizde \u00e7evre kirlili\u011fini azaltmaya y\u00f6nelik su temizli\u011fi ve hava kirlili\u011fini, d\u00fcnyay\u0131 daha ya\u015fanabilir bir hale getirebilmek i\u00e7in ama\u00e7 edindik ve bu yolda \u00e7al\u0131\u015f\u0131yoruz. \u00c7\u00f6p toplama gibi faaliyetler ve sudaki planktonlar\u0131 inceleyerek, asl\u0131nda ne kadar kirli bir d\u00fcnyada ya\u015fad\u0131\u011f\u0131m\u0131z\u0131 \u00f6\u011freniyoruz&#8221; s\u00f6zlerine yer verdi.<\/p>\n<p>Projeye dahil olan lise \u00f6\u011frencisi Ali Alp Akdeniz ise, &#8220;Burada ama\u00e7 daha \u00e7ok \u00e7evre temizli\u011fi \u00fczerine. Ayn\u0131 zamanda yurtd\u0131\u015f\u0131ndaki \u00f6\u011frencilerle de kayna\u015fma sa\u011flayarak do\u011faya katk\u0131da bulunmak. Gayet ilgi \u00e7ekici ve g\u00fczel buldum. Yani her lise \u00f6\u011frencisinin gelip gezmesi gerekti\u011fini d\u00fc\u015f\u00fcn\u00fcyorum&#8221; dedi. Proje kapsam\u0131nda sahil temizli\u011fi de yapt\u0131klar\u0131n\u0131 s\u00f6yleyen Akdeniz, &#8220;Berlin&#8217;de gidece\u011fimiz yerde herhangi bir su kayna\u011f\u0131 bulunmad\u0131\u011f\u0131 i\u00e7in, ormanlar\u0131n temizli\u011fine \u00e7al\u0131\u015faca\u011f\u0131z. \u015eu ana kadar iyi bir i\u015f ba\u015fard\u0131\u011f\u0131m\u0131z\u0131 d\u00fc\u015f\u00fcn\u00fcyorum&#8221; ifadelerini kulland\u0131.<\/p>\n","protected":false},"excerpt":{"rendered":"<p>Biyosfer Do\u011fa Ara\u015ft\u0131rmalar\u0131 Derne\u011fi \u00f6nc\u00fcl\u00fc\u011f\u00fcnde; Mersin B\u00fcy\u00fck\u015fehir Belediyesi, Mersin \u00dcniversitesi ile Do\u011fa Koruma ve Milli Parklar Genel M\u00fcd\u00fcrl\u00fc\u011f\u00fc ortakl\u0131\u011f\u0131nda hayata ge\u00e7irilen &#8216;Environmental Pollution and Solution&#8217; projesi kapsam\u0131nda Almanya&#8217;dan gelen ThinkCamp eG. Derne\u011fi \u00f6\u011frencileri, &#8216;Mercan 100. Y\u0131l \u0130klim ve \u00c7evre Bilim Merkezi&#8217;ni ziyaret etti. Alman \u00f6\u011frenciler program kapsam\u0131nda deniz ve su kirlili\u011fine ili\u015fkin yap\u0131lan \u00e7al\u0131\u015fmalara ili\u015fkin [&hellip;]<\/p>\n","protected":false},"author":2,"featured_media":30731,"comment_status":"open","ping_status":"open","sticky":false,"template":"","format":"standard","meta":{"footnotes":""},"categories":[2,3],"tags":[],"class_list":["post-30730","post","type-post","status-publish","format-standard","has-post-thumbnail","hentry","category-gundem","category-manset"],"views":0,"_links":{"self":[{"href":"https:\/\/mersinkadingazetesi.com\/index.php?rest_route=\/wp\/v2\/posts\/30730"}],"collection":[{"href":"https:\/\/mersinkadingazetesi.com\/index.php?rest_route=\/wp\/v2\/posts"}],"about":[{"href":"https:\/\/mersinkadingazetesi.com\/index.php?rest_route=\/wp\/v2\/types\/post"}],"author":[{"embeddable":true,"href":"https:\/\/mersinkadingazetesi.com\/index.php?rest_route=\/wp\/v2\/users\/2"}],"replies":[{"embeddable":true,"href":"https:\/\/mersinkadingazetesi.com\/index.php?rest_route=%2Fwp%2Fv2%2Fcomments&post=30730"}],"version-history":[{"count":0,"href":"https:\/\/mersinkadingazetesi.com\/index.php?rest_route=\/wp\/v2\/posts\/30730\/revisions"}],"wp:featuredmedia":[{"embeddable":true,"href":"https:\/\/mersinkadingazetesi.com\/index.php?rest_route=\/wp\/v2\/media\/30731"}],"wp:attachment":[{"href":"https:\/\/mersinkadingazetesi.com\/index.php?rest_route=%2Fwp%2Fv2%2Fmedia&parent=30730"}],"wp:term":[{"taxonomy":"category","embeddable":true,"href":"https:\/\/mersinkadingazetesi.com\/index.php?rest_route=%2Fwp%2Fv2%2Fcategories&post=30730"},{"taxonomy":"post_tag","embeddable":true,"href":"https:\/\/mersinkadingazetesi.com\/index.php?rest_route=%2Fwp%2Fv2%2Ftags&post=30730"}],"curies":[{"name":"wp","href":"https:\/\/api.w.org\/{rel}","templated":true}]}}