{"id":30754,"date":"2024-02-19T16:33:14","date_gmt":"2024-02-19T13:33:14","guid":{"rendered":"http:\/\/mersinkadingazetesi.com\/?p=30754"},"modified":"2024-02-19T16:33:14","modified_gmt":"2024-02-19T13:33:14","slug":"gultak-bilsemli-ogrencilerimizin-sayisi-54e-ulasti","status":"publish","type":"post","link":"https:\/\/mersinkadingazetesi.com\/?p=30754","title":{"rendered":"G\u00dcLTAK: \u201cB\u0130LSEM\u2019L\u0130 \u00d6\u011eRENC\u0130LER\u0130M\u0130Z\u0130N SAYISI 54\u2019E ULA\u015eTI\u201d"},"content":{"rendered":"<p>Akdeniz Belediye Ba\u015fkan\u0131 M. Mustafa G\u00fcltak, g\u00f6reve ilk geldiklerinde, il\u00e7enin her konuda rakamsal olarak k\u00f6t\u00fc durumda oldu\u011funun alt\u0131n\u0131 \u00e7izerek; \u201c\u00d6rne\u011fin zeki ve \u00fcst\u00fcn yetenekli B\u0130LSEM\u2019li \u00f6\u011frencilerimizin say\u0131s\u0131 sadece 2 idi. Bug\u00fcn ise bu say\u0131 54\u2019e ula\u015ft\u0131. Mersin\u2019de merkez 3 il\u00e7eyi de geride b\u0131rakt\u0131k. Demek ki \u00e7ocuklar\u0131m\u0131zla ilgilenince, k\u00f6pr\u00fcler kurulunca bu \u00e7ocuklar\u0131m\u0131z ortaya \u00e7\u0131k\u0131yor\u201d dedi.<br \/>\nAkdeniz Belediye Ba\u015fkan\u0131 ve Cumhur \u0130ttifak\u0131 Aday\u0131 M. Mustafa G\u00fcltak, Mersin Bitlisliler Derne\u011fi (MEB\u0130DER) taraf\u0131ndan d\u00fczenlenen etkinlikte vatanda\u015flarla bulu\u015ftu. Cumhur \u0130ttifak\u0131 Mersin B\u00fcy\u00fck\u015fehir Belediye Ba\u015fkan Aday\u0131 Serdar Soydan, Toroslar Belediye Ba\u015fkan Aday\u0131 Ali \u00d6z, AK Parti ve MHP te\u015fkilat\u0131 \u00fcyeleri, meclis \u00fcyeleri ile Bitlisli vatanda\u015flar\u0131n kat\u0131ld\u0131\u011f\u0131 bulu\u015fmada konu\u015fan Ba\u015fkan G\u00fcltak, 2019\u2019dan y\u0131l\u0131ndan \u00f6nce Akdeniz\u2019de huzurun olmad\u0131\u011f\u0131n\u0131, kavga ve g\u00f6zya\u015f\u0131n\u0131n oldu\u011funu s\u00f6yledi.<br \/>\n\u201cHuzur yoksa hi\u00e7bir i\u015fin anlam\u0131 yok\u201d<br \/>\nG\u00f6reve gelir gelmez ilk olarak huzuru sa\u011flad\u0131klar\u0131n\u0131 vurgulayan Ba\u015fkan G\u00fcltak, \u201cArt\u0131k kimse ayr\u0131\u015ft\u0131r\u0131lm\u0131yor, herkes rahatl\u0131kla il\u00e7ede i\u015fini, g\u00fcc\u00fcn\u00fc yapabiliyor. Bunlar \u00e7ok \u00f6nemli konular. \u00c7\u00fcnk\u00fc huzur yoksa yapt\u0131\u011f\u0131n\u0131z hi\u00e7bir i\u015fin anlam\u0131 yok. \u0130kincisi kentsel d\u00f6n\u00fc\u015f\u00fcm projelerimizi hayata ge\u00e7irdik. Hamit Ba\u015fkandan y\u0131llar sonra, bir il\u00e7e belediye ba\u015fkan\u0131 TOK\u0130 ile birlikte kentsel d\u00f6n\u00fc\u015f\u00fcm ba\u015flatt\u0131 ve bitirdi. Allah iktidar\u0131m\u0131zdan ve Cumhurba\u015fkan\u0131m\u0131zdan raz\u0131 olsun. Kentsel d\u00f6n\u00fc\u015f\u00fcm projeleriyle birlikte spor tesisleri, kad\u0131nlar\u0131m\u0131za y\u00f6nelik projeler yapt\u0131k\u201d \u015feklinde konu\u015ftu.<br \/>\n\u201cB\u0130LSEM\u2019li \u00f6\u011frenci say\u0131s\u0131 54\u2019e ula\u015ft\u0131\u201d<br \/>\nAkdeniz\u2019de g\u00f6reve geldiklerinde her konuda rakamsal anlamda il\u00e7enin \u00e7ok k\u00f6t\u00fc durumda oldu\u011funun da alt\u0131n\u0131 \u00e7izen Ba\u015fkan Mustafa G\u00fcltak, \u015f\u00f6yle konu\u015ftu; \u201c\u0130lk olarak B\u0130LSEM \u00f6\u011frencilerinin say\u0131s\u0131n\u0131 \u00f6\u011frenmek istedim. Bu B\u0130LSEM\u2019li \u00e7ocuklar, \u00fcst\u00fcn zek\u00e2l\u0131 olan karde\u015flerimiz. Bana Akdeniz\u2019de sadece 2 \u00e7ocu\u011fumuz oldu\u011funu s\u00f6ylediler. Yeni\u015fehir, Mezitli, Toroslar\u2019da ise 20-30 \u00f6\u011frenci vard\u0131.<br \/>\nHemen uzman arkada\u015flar\u0131m\u0131zla birlikte \u00e7al\u0131\u015fmalara ba\u015flad\u0131k. Bug\u00fcn bu say\u0131 3 il\u00e7eyi de ge\u00e7erek 54\u2019e ula\u015ft\u0131. Demek ki bizim il\u00e7emizde de \u00fcst\u00fcn zek\u00e2l\u0131 \u00e7ok \u00e7ocu\u011fumuz varm\u0131\u015f. \u00c7ocuklarla ilgilenince, k\u00f6pr\u00fcler kurulunca bu \u00e7ocuklar\u0131m\u0131z ortaya \u00e7\u0131kt\u0131. Bunun gibi \u00e7ok i\u015fler yapt\u0131k&#8230; Sizden ricam 31 Mart\u2019ta Akdeniz\u2019in huzurunu ka\u00e7\u0131rmak isteyenlere izin vermeyin. Akdeniz\u2019imizin de Mersin\u2019imizin de huzuru ka\u00e7mas\u0131n diye desteklerinizi eksik etmeyin. 31 Mart\u2019ta hepinizin oylar\u0131na talibim.\u201d<\/p>\n","protected":false},"excerpt":{"rendered":"<p>Akdeniz Belediye Ba\u015fkan\u0131 M. Mustafa G\u00fcltak, g\u00f6reve ilk geldiklerinde, il\u00e7enin her konuda rakamsal olarak k\u00f6t\u00fc durumda oldu\u011funun alt\u0131n\u0131 \u00e7izerek; \u201c\u00d6rne\u011fin zeki ve \u00fcst\u00fcn yetenekli B\u0130LSEM\u2019li \u00f6\u011frencilerimizin say\u0131s\u0131 sadece 2 idi. Bug\u00fcn ise bu say\u0131 54\u2019e ula\u015ft\u0131. Mersin\u2019de merkez 3 il\u00e7eyi de geride b\u0131rakt\u0131k. Demek ki \u00e7ocuklar\u0131m\u0131zla ilgilenince, k\u00f6pr\u00fcler kurulunca bu \u00e7ocuklar\u0131m\u0131z ortaya \u00e7\u0131k\u0131yor\u201d dedi. Akdeniz [&hellip;]<\/p>\n","protected":false},"author":2,"featured_media":30755,"comment_status":"open","ping_status":"open","sticky":false,"template":"","format":"standard","meta":{"footnotes":""},"categories":[2,3],"tags":[],"class_list":["post-30754","post","type-post","status-publish","format-standard","has-post-thumbnail","hentry","category-gundem","category-manset"],"views":4,"_links":{"self":[{"href":"https:\/\/mersinkadingazetesi.com\/index.php?rest_route=\/wp\/v2\/posts\/30754"}],"collection":[{"href":"https:\/\/mersinkadingazetesi.com\/index.php?rest_route=\/wp\/v2\/posts"}],"about":[{"href":"https:\/\/mersinkadingazetesi.com\/index.php?rest_route=\/wp\/v2\/types\/post"}],"author":[{"embeddable":true,"href":"https:\/\/mersinkadingazetesi.com\/index.php?rest_route=\/wp\/v2\/users\/2"}],"replies":[{"embeddable":true,"href":"https:\/\/mersinkadingazetesi.com\/index.php?rest_route=%2Fwp%2Fv2%2Fcomments&post=30754"}],"version-history":[{"count":0,"href":"https:\/\/mersinkadingazetesi.com\/index.php?rest_route=\/wp\/v2\/posts\/30754\/revisions"}],"wp:featuredmedia":[{"embeddable":true,"href":"https:\/\/mersinkadingazetesi.com\/index.php?rest_route=\/wp\/v2\/media\/30755"}],"wp:attachment":[{"href":"https:\/\/mersinkadingazetesi.com\/index.php?rest_route=%2Fwp%2Fv2%2Fmedia&parent=30754"}],"wp:term":[{"taxonomy":"category","embeddable":true,"href":"https:\/\/mersinkadingazetesi.com\/index.php?rest_route=%2Fwp%2Fv2%2Fcategories&post=30754"},{"taxonomy":"post_tag","embeddable":true,"href":"https:\/\/mersinkadingazetesi.com\/index.php?rest_route=%2Fwp%2Fv2%2Ftags&post=30754"}],"curies":[{"name":"wp","href":"https:\/\/api.w.org\/{rel}","templated":true}]}}