{"id":30757,"date":"2024-02-19T16:33:44","date_gmt":"2024-02-19T13:33:44","guid":{"rendered":"http:\/\/mersinkadingazetesi.com\/?p=30757"},"modified":"2024-02-19T16:33:44","modified_gmt":"2024-02-19T13:33:44","slug":"ahmet-serkan-tuncere-yogun-ilgi","status":"publish","type":"post","link":"https:\/\/mersinkadingazetesi.com\/?p=30757","title":{"rendered":"Ahmet Serkan Tuncer\u2019e Yo\u011fun \u0130lgi"},"content":{"rendered":"<p>CHP Mezitli Belediye Ba\u015fkan Aday\u0131 Ahmet Serkan Tuncer, se\u00e7im \u00e7al\u0131\u015fmalar\u0131na h\u0131z kesmeden devam ediyor.<\/p>\n<p>Son olarak; Davultepe 75. Y\u0131l Mahallesi&#8217;nde halk bulu\u015fmas\u0131 ger\u00e7ekle\u015ftiren Tuncer, yo\u011fun bir ilgi ve kat\u0131l\u0131mla kar\u015f\u0131land\u0131.<\/p>\n<p>Davultepe&#8217;nin senelerdir sahipsiz b\u0131rak\u0131ld\u0131\u011f\u0131n\u0131 ifade eden vatanda\u015flar, Ahmet Serkan Tuncer&#8217;in sadece Davultepe i\u00e7in de\u011fil Mezitli i\u00e7in bir \u015fans oldu\u011funu belirttiler.<\/p>\n<p>Tuncer, kendisine olan ilgiyi, sevgiyi ve g\u00fcveni bo\u015fa \u00e7\u0131kartmayaca\u011f\u0131n\u0131 s\u00f6yleyerek;<\/p>\n<p>&#8220;Benim en b\u00fcy\u00fck hayalim Mezitli&#8217;ye, do\u011fdu\u011fum ve b\u00fcy\u00fcd\u00fc\u011f\u00fcm yere Belediye Ba\u015fkan\u0131 olmakt\u0131. Bu sebeple Mezitli&#8217;nin hak etti\u011fi ilgiyi ve deste\u011fi g\u00f6rmesi i\u00e7in elimizden gelenin fazlas\u0131n\u0131 yapaca\u011f\u0131z.<\/p>\n<p>Bir ucundan di\u011fer ucuna; Ahmet amcam\u0131n, Emel teyzemin, Mehmet day\u0131m\u0131n t\u00fcm sorunlar\u0131na hakimim. Bu do\u011frultuda Mezitli&#8217;nin ihtiyac\u0131 olan her \u015feyi biliyor ve projelerimizi bu \u015fekilde ilerletiyoruz.<\/p>\n<p>\u00d6ncelikle ilginiz, g\u00fcveniniz ve heyecan\u0131n\u0131z i\u00e7in te\u015fekk\u00fcr ederim. El birli\u011fiyle, omuz omuza Mezitli&#8217;yi marka kent yapaca\u011f\u0131z.&#8221; ifadelerini kulland\u0131.<\/p>\n","protected":false},"excerpt":{"rendered":"<p>CHP Mezitli Belediye Ba\u015fkan Aday\u0131 Ahmet Serkan Tuncer, se\u00e7im \u00e7al\u0131\u015fmalar\u0131na h\u0131z kesmeden devam ediyor. Son olarak; Davultepe 75. Y\u0131l Mahallesi&#8217;nde halk bulu\u015fmas\u0131 ger\u00e7ekle\u015ftiren Tuncer, yo\u011fun bir ilgi ve kat\u0131l\u0131mla kar\u015f\u0131land\u0131. Davultepe&#8217;nin senelerdir sahipsiz b\u0131rak\u0131ld\u0131\u011f\u0131n\u0131 ifade eden vatanda\u015flar, Ahmet Serkan Tuncer&#8217;in sadece Davultepe i\u00e7in de\u011fil Mezitli i\u00e7in bir \u015fans oldu\u011funu belirttiler. Tuncer, kendisine olan ilgiyi, sevgiyi [&hellip;]<\/p>\n","protected":false},"author":2,"featured_media":30758,"comment_status":"open","ping_status":"open","sticky":false,"template":"","format":"standard","meta":{"footnotes":""},"categories":[3],"tags":[],"class_list":["post-30757","post","type-post","status-publish","format-standard","has-post-thumbnail","hentry","category-manset"],"views":10,"_links":{"self":[{"href":"https:\/\/mersinkadingazetesi.com\/index.php?rest_route=\/wp\/v2\/posts\/30757"}],"collection":[{"href":"https:\/\/mersinkadingazetesi.com\/index.php?rest_route=\/wp\/v2\/posts"}],"about":[{"href":"https:\/\/mersinkadingazetesi.com\/index.php?rest_route=\/wp\/v2\/types\/post"}],"author":[{"embeddable":true,"href":"https:\/\/mersinkadingazetesi.com\/index.php?rest_route=\/wp\/v2\/users\/2"}],"replies":[{"embeddable":true,"href":"https:\/\/mersinkadingazetesi.com\/index.php?rest_route=%2Fwp%2Fv2%2Fcomments&post=30757"}],"version-history":[{"count":0,"href":"https:\/\/mersinkadingazetesi.com\/index.php?rest_route=\/wp\/v2\/posts\/30757\/revisions"}],"wp:featuredmedia":[{"embeddable":true,"href":"https:\/\/mersinkadingazetesi.com\/index.php?rest_route=\/wp\/v2\/media\/30758"}],"wp:attachment":[{"href":"https:\/\/mersinkadingazetesi.com\/index.php?rest_route=%2Fwp%2Fv2%2Fmedia&parent=30757"}],"wp:term":[{"taxonomy":"category","embeddable":true,"href":"https:\/\/mersinkadingazetesi.com\/index.php?rest_route=%2Fwp%2Fv2%2Fcategories&post=30757"},{"taxonomy":"post_tag","embeddable":true,"href":"https:\/\/mersinkadingazetesi.com\/index.php?rest_route=%2Fwp%2Fv2%2Ftags&post=30757"}],"curies":[{"name":"wp","href":"https:\/\/api.w.org\/{rel}","templated":true}]}}