{"id":30772,"date":"2024-02-20T12:35:06","date_gmt":"2024-02-20T09:35:06","guid":{"rendered":"http:\/\/mersinkadingazetesi.com\/?p=30772"},"modified":"2024-02-20T12:35:06","modified_gmt":"2024-02-20T09:35:06","slug":"cumhur-ittifaki-toroslar-adayi-oz-ilk-mujdeyi-kadinlara-verdi","status":"publish","type":"post","link":"https:\/\/mersinkadingazetesi.com\/?p=30772","title":{"rendered":"Cumhur \u0130ttifak\u0131 Toroslar Aday\u0131 \u00d6z, ilk m\u00fcjdeyi kad\u0131nlara verdi"},"content":{"rendered":"<p>Ge\u00e7ti\u011fimiz hafta sonu il\u00e7ede hayata ge\u00e7irece\u011fi 33 projeyi d\u00fczenledi\u011fi bas\u0131n toplant\u0131s\u0131yla kamuoyuna duyuran \u00d6z, se\u00e7im \u00e7al\u0131\u015fmalar\u0131na aral\u0131ks\u0131z devam ederken ilk m\u00fcjdeyi kad\u0131nlara verdi. \u00d6z, kad\u0131n kursiyerlerle bir araya geldi\u011fi Toroslar Halk E\u011fitim Merkezi&#8217;nde, &#8220;Hayata ge\u00e7irece\u011fimiz projelerden biri olan &#8216;Kad\u0131n Akademisi&#8217; ile \u00fcreten Toroslar, kad\u0131nlarla y\u00fckselecek&#8221; dedi.<\/p>\n<p>Ziyaret etti\u011fi mahalle, dernek ve sivil toplum kurulu\u015flar\u0131nda yo\u011fun ilgiyle kar\u015f\u0131lanan Cumhur \u0130ttifak\u0131 Toroslar Belediye Ba\u015fkan Aday\u0131 Dr. Ali \u00d6z, son olarak Toroslar Halk E\u011fitim M\u00fcd\u00fcrl\u00fc\u011f\u00fcn\u00fc ziyaret etti. \u0130l\u00e7e Milli E\u011fitim M\u00fcd\u00fcr\u00fc O\u011fuzhan T\u00fcl\u00fcc\u00fc&#8217;n\u00fcn de e\u015flik etti\u011fi ziyarette e\u011fitim merkezinde kurs g\u00f6ren kad\u0131nlarla bir araya gelen \u00d6z, &#8220;\u00c7al\u0131\u015fmak isteyen ve i\u015f kurmak isteyen kad\u0131nlarla, Toroslar Halk E\u011fitim Merkezimiz ile birlikte hareket ederek; Toroslar\u0131m\u0131z\u0131n y\u00fckselmesi ve geli\u015fmesi i\u00e7in hep birlikte elimizi ta\u015f\u0131n alt\u0131na koyaca\u011f\u0131z. Allah&#8217;\u0131n izniyle B\u00fcy\u00fck\u015fehir&#8217;de Serdar Soydan ba\u015fkan\u0131m\u0131z, Toroslar&#8217;da ise bizler se\u00e7imlerden zaferle \u00e7\u0131karak projelerimizi vakit kaybetmeden hayata ge\u00e7irece\u011fiz&#8221; dedi.<\/p>\n<p>&#8220;\u00dcRETEN TOROSLAR KADINLARLA Y\u00dcKSELECEK&#8221;<\/p>\n<p>Toroslar&#8217;\u0131n gelece\u011fi i\u00e7in 5 ana ba\u015fl\u0131k alt\u0131nda haz\u0131rlad\u0131klar\u0131 33 projeyi, vatanda\u015fla bir araya geldikleri a\u00e7\u0131k hava toplant\u0131lar\u0131nda a\u00e7\u0131klamaya devam edeceklerini vurgulayan \u00d6z, &#8220;\u00c7al\u0131\u015fmak ve i\u015f kurmak isteyen kad\u0131nlar\u0131n meslek sahibi olabilmesi; bilgi, yetenek ve becerilerini geli\u015ftirmeleri i\u00e7in e\u011fitim ve uygulama deste\u011fi sa\u011flayaca\u011f\u0131z. &#8216;Kad\u0131n Akademisi&#8217; sadece bireysel ba\u015far\u0131y\u0131 te\u015fvik etmekle kalmayarak ayn\u0131 zamanda toplum genelinde cinsiyet e\u015fitli\u011fine katk\u0131da bulunmay\u0131 ama\u00e7lamaktad\u0131r. Do\u011fu\u015ftan \u00fcretici bir kabiliyete sahip olan Toroslar kad\u0131n\u0131n\u0131n \u00fcretimlerinin daha g\u00f6r\u00fcn\u00fcr hale getirilmesi \u00f6nceli\u011fimiz olacak. Kad\u0131nlar\u0131n \u00fcretti\u011fi \u00fcr\u00fcnlerin &#8216;Kad\u0131n Akademisi&#8217; arac\u0131l\u0131\u011f\u0131yla parasal de\u011fere \u00e7evrilmesiyle birlikte Toroslar ekonomisine de b\u00fcy\u00fck bir de\u011fer katacak. &#8216;Kad\u0131n Akademisi&#8217; ile \u00fcreten Toroslar, kad\u0131nlarla y\u00fckselecek&#8221; \u015feklinde konu\u015ftu.<\/p>\n<p>Konu\u015fmalar\u0131n ard\u0131ndan kad\u0131nlar\u0131n taleplerini tek tek not alan \u00d6z, daha sonra e\u011fitim merkezindeki kursiyerlerle birlikte \u00f6z \u00e7ekim yapt\u0131. <\/p>\n","protected":false},"excerpt":{"rendered":"<p>Ge\u00e7ti\u011fimiz hafta sonu il\u00e7ede hayata ge\u00e7irece\u011fi 33 projeyi d\u00fczenledi\u011fi bas\u0131n toplant\u0131s\u0131yla kamuoyuna duyuran \u00d6z, se\u00e7im \u00e7al\u0131\u015fmalar\u0131na aral\u0131ks\u0131z devam ederken ilk m\u00fcjdeyi kad\u0131nlara verdi. \u00d6z, kad\u0131n kursiyerlerle bir araya geldi\u011fi Toroslar Halk E\u011fitim Merkezi&#8217;nde, &#8220;Hayata ge\u00e7irece\u011fimiz projelerden biri olan &#8216;Kad\u0131n Akademisi&#8217; ile \u00fcreten Toroslar, kad\u0131nlarla y\u00fckselecek&#8221; dedi. Ziyaret etti\u011fi mahalle, dernek ve sivil toplum kurulu\u015flar\u0131nda yo\u011fun [&hellip;]<\/p>\n","protected":false},"author":2,"featured_media":30773,"comment_status":"open","ping_status":"open","sticky":false,"template":"","format":"standard","meta":{"footnotes":""},"categories":[2,3,5],"tags":[],"class_list":["post-30772","post","type-post","status-publish","format-standard","has-post-thumbnail","hentry","category-gundem","category-manset","category-mersin"],"views":1,"_links":{"self":[{"href":"https:\/\/mersinkadingazetesi.com\/index.php?rest_route=\/wp\/v2\/posts\/30772"}],"collection":[{"href":"https:\/\/mersinkadingazetesi.com\/index.php?rest_route=\/wp\/v2\/posts"}],"about":[{"href":"https:\/\/mersinkadingazetesi.com\/index.php?rest_route=\/wp\/v2\/types\/post"}],"author":[{"embeddable":true,"href":"https:\/\/mersinkadingazetesi.com\/index.php?rest_route=\/wp\/v2\/users\/2"}],"replies":[{"embeddable":true,"href":"https:\/\/mersinkadingazetesi.com\/index.php?rest_route=%2Fwp%2Fv2%2Fcomments&post=30772"}],"version-history":[{"count":0,"href":"https:\/\/mersinkadingazetesi.com\/index.php?rest_route=\/wp\/v2\/posts\/30772\/revisions"}],"wp:featuredmedia":[{"embeddable":true,"href":"https:\/\/mersinkadingazetesi.com\/index.php?rest_route=\/wp\/v2\/media\/30773"}],"wp:attachment":[{"href":"https:\/\/mersinkadingazetesi.com\/index.php?rest_route=%2Fwp%2Fv2%2Fmedia&parent=30772"}],"wp:term":[{"taxonomy":"category","embeddable":true,"href":"https:\/\/mersinkadingazetesi.com\/index.php?rest_route=%2Fwp%2Fv2%2Fcategories&post=30772"},{"taxonomy":"post_tag","embeddable":true,"href":"https:\/\/mersinkadingazetesi.com\/index.php?rest_route=%2Fwp%2Fv2%2Ftags&post=30772"}],"curies":[{"name":"wp","href":"https:\/\/api.w.org\/{rel}","templated":true}]}}