{"id":30784,"date":"2024-02-20T12:47:07","date_gmt":"2024-02-20T09:47:07","guid":{"rendered":"http:\/\/mersinkadingazetesi.com\/?p=30784"},"modified":"2024-02-20T12:47:07","modified_gmt":"2024-02-20T09:47:07","slug":"camliyayladan-serdar-soydana-buyuk-ilgi","status":"publish","type":"post","link":"https:\/\/mersinkadingazetesi.com\/?p=30784","title":{"rendered":"\u00c7AMLIYAYLA&#8217;DAN SERDAR SOYDAN&#8217;A B\u00dcY\u00dcK \u0130LG\u0130"},"content":{"rendered":"<p>Cumhur \u0130ttifak\u0131 Mersin B\u00fcy\u00fck\u015fehir Belediye Ba\u015fkan Aday\u0131 Serdar Soydan b\u00fcy\u00fck ilgi ile kar\u015f\u0131land\u0131\u011f\u0131 \u00c7aml\u0131yayla&#8217;da &#8220;Dualar\u0131n\u0131z, deste\u011finiz bizi daha g\u00fc\u00e7l\u00fc k\u0131l\u0131yor. Bug\u00fcn durmadan \u00e7al\u0131\u015faca\u011f\u0131z; yar\u0131nlar elbet bizimdir. Ba\u015faraca\u011f\u0131z ve hep birlikte kazanaca\u011f\u0131z&#8221; dedi.<\/p>\n<p>Yakla\u015fan yerel se\u00e7im \u00e7al\u0131\u015fmalar\u0131 kapsam\u0131nda kentin her noktas\u0131na ula\u015f\u0131p g\u00f6reve geldi\u011finde izleyecekleri yolu ve \u00e7al\u0131\u015fmalar\u0131n\u0131 anlatan Cumhur \u0130ttifak\u0131 Mersin B\u00fcy\u00fck\u015fehir Belediye Ba\u015fkan Aday\u0131 Serdar Soydan \u00c7aml\u0131yayla&#8217;da vatanda\u015flarla bulu\u015ftu. B\u00fcy\u00fck bir co\u015fkuyla kar\u015f\u0131lanan Soydan&#8217;a sevgi ve ilgi b\u00fcy\u00fckt\u00fc. \u00c7aml\u0131yayla \u0130l\u00e7e Te\u015fkilatlar\u0131n\u0131n d\u00fczenledi\u011fi Birlik ve Beraberlik yeme\u011fine Soydan&#8217;\u0131n yan\u0131 s\u0131ra Cumhur \u0130ttifak\u0131 \u00c7aml\u0131yayla Belediye Ba\u015fkan Aday\u0131 Ali R\u0131za Gen\u00e7, mevcut \u00c7aml\u0131yayla Belediye Ba\u015fkan\u0131 \u0130smail Tepeba\u011fl\u0131, MHP \u0130l\u00e7e Ba\u015fkan\u0131 \u00d6mer Ak\u0131n, \u00dclk\u00fc Ocaklar\u0131 Mersin \u0130l Ba\u015fkan\u0131 Emre Celal G\u00fcl, \u00dclk\u00fc Ocaklar\u0131 \u00c7aml\u0131yayla \u0130l\u00e7e Ba\u015fkan\u0131 Zahit K\u0131ral, AK Parti ve MHP il ve il\u00e7e te\u015fkilatlar\u0131 ile \u00e7ok say\u0131da vatanda\u015f kat\u0131ld\u0131.<\/p>\n<p>&#8220;GECE G\u00dcND\u00dcZ DEMEDEN MERS\u0130N \u0130\u00c7\u0130N \u00c7ALI\u015eIYORUZ&#8221;<\/p>\n<p>Serdar Soydan burada yapt\u0131\u011f\u0131 konu\u015fmada, &#8220;Kent merkezimiz kadar il\u00e7elerimizin de g\u00f6n\u00fcllerimizde yeri her zaman ayr\u0131d\u0131r. \u00c7aml\u0131yayla dahil b\u00fct\u00fcn il\u00e7elerimizdeki sorunlar\u0131 gidermek ve taleplerinizi yerine getirmek ad\u0131na gece g\u00fcnd\u00fcz demeden Cumhur \u0130ttifak\u0131 olarak \u00e7al\u0131\u015f\u0131yoruz. Mersinimiz d\u00fcnyada parmakla g\u00f6sterilecek, bir\u00e7ok alanda \u00f6n plana \u00e7\u0131kmay\u0131 hak eden nadide bir \u015fehirdir. Biz \u015fehrin \u00f6n\u00fcn\u00fc t\u0131kayan de\u011fil, sorunlara \u00e7\u00f6z\u00fcm odakl\u0131 yakla\u015facak bir yerel y\u00f6netim anlay\u0131\u015f\u0131 ar\u0131yoruz. Aksi halde \u015fehrin geli\u015fmesi noktas\u0131nda fayda sa\u011flanmaz&#8221; dedi.<\/p>\n<p>&#8220;ULA\u015eIM SORUNUNU \u00c7\u00d6ZECE\u011e\u0130Z&#8221;<\/p>\n<p>Kentin en b\u00fcy\u00fck sorunlar\u0131ndan birinin ula\u015f\u0131m oldu\u011funa dikkat \u00e7eken Soydan, &#8220;En ba\u015fta ula\u015f\u0131m problemi i\u00e7in ivedilikle ad\u0131mlar at\u0131lmas\u0131 gerekiyor. Biz bu konuda \u00e7\u00f6z\u00fcm noktas\u0131nda haz\u0131r\u0131z. Bahane \u00fcreten bir y\u00f6netim anlay\u0131\u015f\u0131 istemiyoruz. Bar\u0131\u015f\u0131n, huzurun, karde\u015fli\u011fin ve istikrar\u0131n s\u00fcrd\u00fc\u011f\u00fc bir Mersin i\u00e7in tam deste\u011finizi bekliyoruz. Ay\u0131rmadan, ayr\u0131\u015fmadan 7&#8217;den 77&#8217;ye, kimsenin siyasi g\u00f6r\u00fc\u015f\u00fcne bakmadan yol al\u0131yoruz. Bu Mersin&#8217;in gelece\u011fi a\u00e7\u0131s\u0131ndan \u00e7ok \u00f6nemli. \u0130n\u015fallah 31 Mart&#8217;tan sonra \u00fcretken belediyecili\u011fin nas\u0131l olmas\u0131 gerekti\u011fini t\u00fcm \u015fehrimiz g\u00f6recektir. Bundan da kimsenin \u015f\u00fcphesi olmas\u0131n&#8221; \u015feklinde konu\u015ftu.<\/p>\n<p>&#8220;YARINLAR B\u0130Z\u0130MD\u0130R; BA\u015eARACA\u011eIZ&#8221;<\/p>\n<p>Cumhur \u0130ttifak\u0131 olarak verdikleri s\u00f6zlerin her daim arkas\u0131nda durduklar\u0131n\u0131 s\u00f6yleyen Serdar Soydan, &#8220;De\u011ferli hem\u015ferilerim telefonlar\u0131m\u0131z 7 g\u00fcn 24 saat a\u00e7\u0131kt\u0131r. Kibirden uzak, sadece Mersin i\u00e7in \u00e7al\u0131\u015fmaya odaklanm\u0131\u015f bir idare anlay\u0131\u015f\u0131na sahibiz. Sizlere g\u00fcveniyoruz. Hep birlikte \u00e7ok g\u00fczel i\u015flere imza ataca\u011f\u0131z. 5 y\u0131ll\u0131k ikballerle de\u011fil, Mersinimizin \u00e7ok daha uzun y\u0131llar\u0131n\u0131 emin ad\u0131mlarla planlayarak evlatlar\u0131m\u0131za muazzam bir kent b\u0131rakaca\u011f\u0131z. Dualar\u0131n\u0131z, deste\u011finiz bizi daha g\u00fc\u00e7l\u00fc k\u0131l\u0131yor. Bug\u00fcn durmadan \u00e7al\u0131\u015faca\u011f\u0131z; yar\u0131nlar elbet bizimdir. Ba\u015faraca\u011f\u0131z ve hep birlikte kazanaca\u011f\u0131z&#8221; ifadelerini kulland\u0131.<\/p>\n","protected":false},"excerpt":{"rendered":"<p>Cumhur \u0130ttifak\u0131 Mersin B\u00fcy\u00fck\u015fehir Belediye Ba\u015fkan Aday\u0131 Serdar Soydan b\u00fcy\u00fck ilgi ile kar\u015f\u0131land\u0131\u011f\u0131 \u00c7aml\u0131yayla&#8217;da &#8220;Dualar\u0131n\u0131z, deste\u011finiz bizi daha g\u00fc\u00e7l\u00fc k\u0131l\u0131yor. Bug\u00fcn durmadan \u00e7al\u0131\u015faca\u011f\u0131z; yar\u0131nlar elbet bizimdir. Ba\u015faraca\u011f\u0131z ve hep birlikte kazanaca\u011f\u0131z&#8221; dedi. Yakla\u015fan yerel se\u00e7im \u00e7al\u0131\u015fmalar\u0131 kapsam\u0131nda kentin her noktas\u0131na ula\u015f\u0131p g\u00f6reve geldi\u011finde izleyecekleri yolu ve \u00e7al\u0131\u015fmalar\u0131n\u0131 anlatan Cumhur \u0130ttifak\u0131 Mersin B\u00fcy\u00fck\u015fehir Belediye Ba\u015fkan Aday\u0131 [&hellip;]<\/p>\n","protected":false},"author":2,"featured_media":30785,"comment_status":"open","ping_status":"open","sticky":false,"template":"","format":"standard","meta":{"footnotes":""},"categories":[3,6],"tags":[],"class_list":["post-30784","post","type-post","status-publish","format-standard","has-post-thumbnail","hentry","category-manset","category-siyaset-2"],"views":1,"_links":{"self":[{"href":"https:\/\/mersinkadingazetesi.com\/index.php?rest_route=\/wp\/v2\/posts\/30784"}],"collection":[{"href":"https:\/\/mersinkadingazetesi.com\/index.php?rest_route=\/wp\/v2\/posts"}],"about":[{"href":"https:\/\/mersinkadingazetesi.com\/index.php?rest_route=\/wp\/v2\/types\/post"}],"author":[{"embeddable":true,"href":"https:\/\/mersinkadingazetesi.com\/index.php?rest_route=\/wp\/v2\/users\/2"}],"replies":[{"embeddable":true,"href":"https:\/\/mersinkadingazetesi.com\/index.php?rest_route=%2Fwp%2Fv2%2Fcomments&post=30784"}],"version-history":[{"count":0,"href":"https:\/\/mersinkadingazetesi.com\/index.php?rest_route=\/wp\/v2\/posts\/30784\/revisions"}],"wp:featuredmedia":[{"embeddable":true,"href":"https:\/\/mersinkadingazetesi.com\/index.php?rest_route=\/wp\/v2\/media\/30785"}],"wp:attachment":[{"href":"https:\/\/mersinkadingazetesi.com\/index.php?rest_route=%2Fwp%2Fv2%2Fmedia&parent=30784"}],"wp:term":[{"taxonomy":"category","embeddable":true,"href":"https:\/\/mersinkadingazetesi.com\/index.php?rest_route=%2Fwp%2Fv2%2Fcategories&post=30784"},{"taxonomy":"post_tag","embeddable":true,"href":"https:\/\/mersinkadingazetesi.com\/index.php?rest_route=%2Fwp%2Fv2%2Ftags&post=30784"}],"curies":[{"name":"wp","href":"https:\/\/api.w.org\/{rel}","templated":true}]}}