{"id":30793,"date":"2024-02-21T13:03:39","date_gmt":"2024-02-21T10:03:39","guid":{"rendered":"http:\/\/mersinkadingazetesi.com\/?p=30793"},"modified":"2024-02-21T13:03:39","modified_gmt":"2024-02-21T10:03:39","slug":"silifke-gazi-ciftligi-bu-kez-merkezden-gelen-kadinlari-agirladi","status":"publish","type":"post","link":"https:\/\/mersinkadingazetesi.com\/?p=30793","title":{"rendered":"S\u0130L\u0130FKE GAZ\u0130 \u00c7\u0130FTL\u0130\u011e\u0130 BU KEZ MERKEZDEN GELEN KADINLARI A\u011eIRLADI"},"content":{"rendered":"<p>Kent genelinde hayata ge\u00e7irdi\u011fi projelerle kad\u0131n elinden \u00fcretimi ve kad\u0131n istihdam\u0131n\u0131 destekleyen Mersin B\u00fcy\u00fck\u015fehir Belediyesi, Kad\u0131n ve Aile Hizmetleri Dairesi Ba\u015fkanl\u0131\u011f\u0131 \u00f6nc\u00fcl\u00fc\u011f\u00fcnde merkezden gelen kad\u0131n kooperatif ve dernekleri ile \u00fcretici kad\u0131nlar\u0131 Silifke Gazi \u00c7iftli\u011fi&#8217;nde bulu\u015fturdu. B\u00fcy\u00fck\u015fehir Belediyesi&#8217;nin yeniden yap\u0131land\u0131rd\u0131\u011f\u0131 ve i\u015flevsel hale getirdi\u011fi Silifke Gazi \u00c7iftli\u011fi&#8217;nde, Silifkeli kad\u0131n \u00fcreticilerin \u00fcretti\u011fi \u00fcr\u00fcnler de sat\u0131\u015fa sunuluyor. Y\u00f6resel giysiler, el \u00f6rg\u00fcleri, bebek i\u00e7in pike ve yorgan, yazmalar, \u00e7eyizlik e\u015fyalar gibi pek \u00e7ok el eme\u011fi \u00fcr\u00fcn ince ince dokunarak at\u00f6lyede yerlerini al\u0131yor.<\/p>\n<p>Kooperatif\u00e7ili\u011fin ilk \u00f6rne\u011fi olan Gazi \u00c7iftli\u011fi&#8217;nde kad\u0131n ve \u00e7ocuklar\u0131n sosyal hayata daha \u00e7ok kat\u0131lmalar\u0131n\u0131 sa\u011flayan; kad\u0131n at\u00f6lyesi, \u00e7ocuk at\u00f6lyesi, \u00e7ocuk oyun odas\u0131, k\u00fct\u00fcphane ve Atat\u00fcrk&#8217;\u00fcn ki\u015fisel e\u015fyalar\u0131n\u0131n sergilendi\u011fi oda da bulunuyor.<\/p>\n<p>Kad\u0131n kooperatif ve derneklerinden pek \u00e7ok temsilcinin ve \u00fcretici kad\u0131nlar\u0131n kat\u0131ld\u0131\u011f\u0131 etkinlikte Mersinden Kad\u0131n Kooperatifi Ba\u015fkan\u0131 Meral Se\u00e7er de yer alarak, kad\u0131nlarla bir araya geldi. Etkinlikte \u00f6nce Mustafa Kemal Atat\u00fcrk&#8217;\u00fcn b\u0131rakt\u0131\u011f\u0131 miras Gazi \u00c7iftli\u011fi&#8217;nin tarihi ile ilgili video izletildi. Ard\u0131ndan kad\u0131n at\u00f6lyesinden faydalanan ve g\u00f6n\u00fcll\u00fc olarak kad\u0131nlar\u0131n bir araya gelerek olu\u015fturmu\u015f oldu\u011fu koro, ziyaret\u00e7ilere T\u00fcrk Sanat M\u00fczi\u011fi&#8217;nin sevilen par\u00e7alar\u0131n\u0131 seslendirdi. Merkezden gelen kad\u0131n kooperatif ve dernek temsilcileri, yapt\u0131klar\u0131 \u00e7al\u0131\u015fmalar hakk\u0131nda da bilgi verdiler. <\/p>\n<p>Mustafa Kemal Atat\u00fcrk&#8217;ten kalan miras\u0131 yerinde g\u00f6rme \u015fans\u0131 elde edilen kad\u0131nlar, ge\u00e7mi\u015fe yolculuk yapt\u0131klar\u0131 ve bol bol payla\u015f\u0131m i\u00e7erisinde olduklar\u0131 bir g\u00fcn ge\u00e7irdiler.<\/p>\n<p>Etkinlik bitiminde Meral Se\u00e7er, daha \u00f6nce at\u0131l durumda bulunan ve B\u00fcy\u00fck\u015fehir Belediyesi taraf\u0131ndan hizmet verilen Ta\u015fucu Atat\u00fcrk Evi&#8217;ni de gezdi. Atat\u00fcrk&#8217;\u00fcn do\u011fdu\u011fu evin kopyas\u0131 olarak tarihsel \u00f6nem ta\u015f\u0131yan Ta\u015fucu Atat\u00fcrk Evi, \u0130stanbul ve Ankara&#8217;dan sonra 3. olma \u00f6zelli\u011fi ta\u015f\u0131yor.<\/p>\n<p>Se\u00e7er: &#8220;Atat\u00fcrk, kooperatif\u00e7ilik ate\u015fini Silifke&#8217;nin Tekir \u00c7iftli\u011fi&#8217;nde yakt\u0131&#8221;<\/p>\n<p>Mersinden Kad\u0131n Kooperatifi Ba\u015fkan\u0131 Meral Se\u00e7er, Mustafa Kemal Atat\u00fcrk&#8217;\u00fcn ilk kez 1936 y\u0131l\u0131nda Silifke Gazi \u00c7iftli\u011fi&#8217;nde kurdu\u011funu dile getirerek, &#8220;Mustafa Kemal Atat\u00fcrk kooperatif\u00e7ili\u011fin \u00f6nemini \u00e7ok iyi biliyordu. Bunun \u00fczerine hayat\u0131 boyunca \u00e7al\u0131\u015fma yapt\u0131. Anadolu&#8217;daki kooperatif\u00e7ilik ate\u015fini Silifke&#8217;nin Tekir \u00c7iftli\u011fi&#8217;nde yakt\u0131. Bizler de Atat\u00fcrk&#8217;\u00fcn b\u0131rakt\u0131\u011f\u0131 miras\u0131 Mersin B\u00fcy\u00fck\u015fehir Belediyesi ve Mersinden Kad\u0131n Kooperatifi i\u015f birli\u011finde ya\u015fatmaya \u00e7al\u0131\u015f\u0131yoruz, \u00e7al\u0131\u015fmaya da devam edece\u011fiz&#8221; dedi.<\/p>\n<p>Silifke Gazi \u00c7iftli\u011fi&#8217;nde kurulan at\u00f6lyeler sayesinde kad\u0131nlar\u0131n hem e\u011fitim ald\u0131\u011f\u0131n\u0131 hem de sosyalle\u015fti\u011fini vurgulayan Se\u00e7er, &#8220;Burada kad\u0131nlar \u00e7ocuklar\u0131yla birlikte zaman ge\u00e7iriyorlar. Bir\u00e7ok kad\u0131n, g\u00f6n\u00fcll\u00fc olarak bir araya geliyor, \u00e7al\u0131\u015f\u0131yor, kurslar veriyor, \u00fcretim konusunda birbirlerine destek oluyor.  Atat\u00fcrk&#8217;\u00fcn yolunda g\u00f6n\u00fcll\u00fc olarak ilerliyorlar&#8221; s\u00f6zlerine yer verdi.<\/p>\n<p>Kad\u0131nlar, Gazi \u00c7iftli\u011fi&#8217;nde g\u00fczel bir ge\u00e7irdi<\/p>\n<p>Etkinlikten \u00e7ok memnun kald\u0131\u011f\u0131n\u0131 belirten P\u0131nar Y\u0131lmaz, &#8220;Her \u015fey \u00e7ok g\u00fczeldi. B\u00f6yle bir etkinli\u011fi d\u00fczenledi\u011fi i\u00e7in B\u00fcy\u00fck\u015fehir&#8217;e te\u015fekk\u00fcr ederim. Buraya ilk defa geldim ve \u00e7ok be\u011fendim. Burada kad\u0131nlar\u0131n eme\u011fi bo\u015fa gitmiyor ve kar\u015f\u0131l\u0131\u011f\u0131n\u0131 buluyor. Vahap Ba\u015fkan\u0131m\u0131z, k\u00fc\u00e7\u00fckten b\u00fcy\u00fc\u011fe herkesin ruhuna de\u011finiyor. Onun hizmetlerini \u00e7ok be\u011feniyorum&#8221; derken Kad\u0131n at\u00f6lyesinden faydalanan Z\u00fcbeyde Y\u0131lmaz da, &#8220;\u015eimdiye kadar \u00e7ok \u015fey \u00f6\u011frendim, saymakla bitmez. \u00c7ok de\u011fi\u015fik fikirler ortaya \u00e7\u0131k\u0131yor. Etkinlikten \u00e7ok memnun kald\u0131k&#8221; dedi.<\/p>\n<p>Hayata Destek Derne\u011fi temsilcilerinden Psikolog Berna Yi\u011fitba\u015f, &#8220;Kad\u0131nlar\u0131n; m\u00fczikle sanatla, eli\u015fi \u00fcr\u00fcnleriyle buralarda olmalar\u0131 ve \u00fcretime d\u00e2hil olmalar\u0131 \u00e7ok k\u0131ymetli. G\u00f6zlerinin parlad\u0131\u011f\u0131n\u0131 g\u00f6rd\u00fcm&#8221; dedi. B\u00fcy\u00fck\u015fehir Belediyesi ile i\u015f birli\u011fi i\u00e7erisinde olduklar\u0131n\u0131 dile getiren Yi\u011fitba\u015f, &#8220;Yeni yeni ba\u015flayan ve kar\u015f\u0131l\u0131kl\u0131 i\u015f birli\u011fiyle interaktif y\u00fcr\u00fct\u00fclen bir s\u00fcrecimiz var. Daha yolun ba\u015f\u0131 ama ba\u015flamak bitirmenin b\u00fcy\u00fck bir k\u0131sm\u0131d\u0131r asl\u0131nda. O y\u00fczden \u00e7ok k\u0131ymetli buluyorum&#8221; diye konu\u015ftu.<\/p>\n<p>Susano\u011flu Turizm Geli\u015ftirme Kooperatif Ba\u015fkan\u0131 \u015eehbal Kurtar, etkinli\u011fi \u00e7ok be\u011fendi\u011fini s\u00f6yleyerek, &#8220;B\u00fcy\u00fck\u015fehir Belediyesi&#8217;nin kad\u0131na verdi\u011fi de\u011feri ve \u00f6nemi bir kez daha g\u00f6rd\u00fck. Silifke, Erdemli, Narl\u0131kuyu gibi da\u011flardan k\u0131y\u0131lar\u0131na kadar bildi\u011fim her yerde kad\u0131n eli de\u011ferleniyor&#8221; dedi.<\/p>\n","protected":false},"excerpt":{"rendered":"<p>Kent genelinde hayata ge\u00e7irdi\u011fi projelerle kad\u0131n elinden \u00fcretimi ve kad\u0131n istihdam\u0131n\u0131 destekleyen Mersin B\u00fcy\u00fck\u015fehir Belediyesi, Kad\u0131n ve Aile Hizmetleri Dairesi Ba\u015fkanl\u0131\u011f\u0131 \u00f6nc\u00fcl\u00fc\u011f\u00fcnde merkezden gelen kad\u0131n kooperatif ve dernekleri ile \u00fcretici kad\u0131nlar\u0131 Silifke Gazi \u00c7iftli\u011fi&#8217;nde bulu\u015fturdu. B\u00fcy\u00fck\u015fehir Belediyesi&#8217;nin yeniden yap\u0131land\u0131rd\u0131\u011f\u0131 ve i\u015flevsel hale getirdi\u011fi Silifke Gazi \u00c7iftli\u011fi&#8217;nde, Silifkeli kad\u0131n \u00fcreticilerin \u00fcretti\u011fi \u00fcr\u00fcnler de sat\u0131\u015fa sunuluyor. Y\u00f6resel [&hellip;]<\/p>\n","protected":false},"author":2,"featured_media":30794,"comment_status":"open","ping_status":"open","sticky":false,"template":"","format":"standard","meta":{"footnotes":""},"categories":[3],"tags":[],"class_list":["post-30793","post","type-post","status-publish","format-standard","has-post-thumbnail","hentry","category-manset"],"views":3,"_links":{"self":[{"href":"https:\/\/mersinkadingazetesi.com\/index.php?rest_route=\/wp\/v2\/posts\/30793"}],"collection":[{"href":"https:\/\/mersinkadingazetesi.com\/index.php?rest_route=\/wp\/v2\/posts"}],"about":[{"href":"https:\/\/mersinkadingazetesi.com\/index.php?rest_route=\/wp\/v2\/types\/post"}],"author":[{"embeddable":true,"href":"https:\/\/mersinkadingazetesi.com\/index.php?rest_route=\/wp\/v2\/users\/2"}],"replies":[{"embeddable":true,"href":"https:\/\/mersinkadingazetesi.com\/index.php?rest_route=%2Fwp%2Fv2%2Fcomments&post=30793"}],"version-history":[{"count":0,"href":"https:\/\/mersinkadingazetesi.com\/index.php?rest_route=\/wp\/v2\/posts\/30793\/revisions"}],"wp:featuredmedia":[{"embeddable":true,"href":"https:\/\/mersinkadingazetesi.com\/index.php?rest_route=\/wp\/v2\/media\/30794"}],"wp:attachment":[{"href":"https:\/\/mersinkadingazetesi.com\/index.php?rest_route=%2Fwp%2Fv2%2Fmedia&parent=30793"}],"wp:term":[{"taxonomy":"category","embeddable":true,"href":"https:\/\/mersinkadingazetesi.com\/index.php?rest_route=%2Fwp%2Fv2%2Fcategories&post=30793"},{"taxonomy":"post_tag","embeddable":true,"href":"https:\/\/mersinkadingazetesi.com\/index.php?rest_route=%2Fwp%2Fv2%2Ftags&post=30793"}],"curies":[{"name":"wp","href":"https:\/\/api.w.org\/{rel}","templated":true}]}}