{"id":30811,"date":"2024-02-22T12:17:04","date_gmt":"2024-02-22T09:17:04","guid":{"rendered":"http:\/\/mersinkadingazetesi.com\/?p=30811"},"modified":"2024-02-22T12:17:04","modified_gmt":"2024-02-22T09:17:04","slug":"ekmen-uluslararasi-anadili-gununde-yasayan-dil-ve-lehceleri-yeniden-sordu","status":"publish","type":"post","link":"https:\/\/mersinkadingazetesi.com\/?p=30811","title":{"rendered":"Ekmen, Uluslararas\u0131 Anadili G\u00fcn\u00fc\u2019nde ya\u015fayan dil ve leh\u00e7eleri yeniden sordu"},"content":{"rendered":"<p>DEVA Partisi Genel Ba\u015fkan Yard\u0131mc\u0131s\u0131 ve Mersin Milletvekili Mehmet Emin Ekmen, Milli E\u011fitim Bakan\u0131 Yusuf Tekin\u2019e \u201cYa\u015fayan Diller ve Leh\u00e7eleri\u201d, bu dersleri alan \u00f6\u011frenci say\u0131lar\u0131n\u0131, bu alanda lisans ve lisans \u00fcst\u00fc e\u011fitim alan \u00f6\u011fretmen adaylar\u0131n\u0131n mevcudunu ve adaylar\u0131n\u0131n atanma durumunu ifade eden \u00e7e\u015fitli istatistikleri yazd\u0131\u011f\u0131 bir soru \u00f6nergesiyle sorarak ya\u015fanan ma\u011fduriyetlere ve ihmallere dikkat \u00e7ekmek istemi\u015fti.<\/p>\n<p>Mill\u00ee E\u011fitim Bakanl\u0131\u011f\u0131\u2019ndan gelen k\u0131smi cevap \u00fczerine cevaps\u0131z kalan sorular\u0131 yeniden soran Ekmen, konuyu \u015f\u00f6yle ifade etti:<\/p>\n<p>\u201c\u00dclkemizin farkl\u0131 etnik dokusu, k\u00fclt\u00fcrel zenginli\u011fi ve ge\u00e7mi\u015ften g\u00fcn\u00fcm\u00fcze gelen medeniyet birikimi bizim i\u00e7in her zaman gurur kayna\u011f\u0131 olmu\u015ftur. Bu y\u00fczden T\u00fcrkiye\u2019nin bir ucundan \u00f6teki ucuna var olan dillerin veya leh\u00e7elerin ya\u015famas\u0131 ve ya\u015fat\u0131lmas\u0131 olduk\u00e7a \u00f6nemlidir. Bunun ise en \u00f6nemli ko\u015fulu yeni nesillere aktar\u0131m\u0131, yani e\u011fitimdir. Dolay\u0131s\u0131yla \u00fclkemizin bu zenginli\u011fini ya\u015fatmak ad\u0131na kararl\u0131 duru\u015fumuzu her zaman g\u00f6sterece\u011fimizi ifade ederek daha \u00f6nce bu konuda verilen soru \u00f6nergemizin cevaplanmayan maddelerini ve verilen cevaba istinaden sorma ihtiyac\u0131 hissetti\u011fimiz hususu cevaplanmak \u00fczere dikkatinize sunuyorum.\u201d<\/p>\n<p>Ekmen, \u00f6nerge ba\u011flam\u0131nda a\u015fa\u011f\u0131daki sorular\u0131 sordu:<\/p>\n<p>1.Bu ya\u015fayan diller ve leh\u00e7elerde 2012-2024 y\u0131llar\u0131 aras\u0131nda \u00f6rg\u00fcn olarak e\u011fitim g\u00f6ren ka\u00e7 \u00f6\u011frenci vard\u0131r. \u00d6\u011frencilerin \u015fehir ve leh\u00e7elere g\u00f6re da\u011f\u0131l\u0131m\u0131 nedir?<\/p>\n<p>2.2012-2024 y\u0131llar\u0131 aras\u0131nda yayg\u0131n e\u011fitim kurumlar\u0131nda ya\u015fayan diller ve leh\u00e7elerle ilgili e\u011fitim alan kursiyer say\u0131s\u0131 ka\u00e7t\u0131r? Kursiyerlerin \u015fehir ve leh\u00e7elere g\u00f6re da\u011f\u0131l\u0131m\u0131 nedir?<\/p>\n<p>3.Son 10 y\u0131lda ya\u015fayan diller ve leh\u00e7elerle ilgili alan mezunu \u00f6\u011fretmen aday\u0131 say\u0131s\u0131 ka\u00e7t\u0131r? Bu adaylar\u0131n alan baz\u0131nda da\u011f\u0131l\u0131m\u0131 nedir?<\/p>\n<p>4.Son 10 y\u0131lda bu alanlarda lisans\u00fcst\u00fc e\u011fitim g\u00f6ren \u00f6\u011fretmen veya \u00f6\u011fretmen aday\u0131 say\u0131s\u0131 ka\u00e7t\u0131r? Bunlar\u0131n alanlara g\u00f6re da\u011f\u0131l\u0131m\u0131 nedir?<\/p>\n<p>5.Ya\u015fayan diller ve leh\u00e7elerden Ad\u0131\u011fece, Abazaca, Lazca, G\u00fcrc\u00fcce, Arnavut\u00e7a ve Bo\u015fnak\u00e7a dillerinin \u00f6\u011fretimi amac\u0131yla e\u011fitimci yeti\u015ftirmek i\u00e7in lisans veya lisans\u00fcst\u00fc d\u00fczeyde bir program yoksa bu dillerin \u00f6\u011fretimi kimler taraf\u0131ndan ger\u00e7ekle\u015ftirilmektedir. Bu e\u011fitimcilerin kabul\u00fc i\u00e7in aranan asgari \u015fartlar nelerdir?<\/p>\n<p>6.Ya\u015fayan dil ve leh\u00e7elerin ya\u015famas\u0131 ve geli\u015fimi i\u00e7in Bakanl\u0131\u011f\u0131n\u0131z\u0131n belirlemi\u015f oldu\u011fu k\u0131sa, orta veya uzun vadeli planlar varsa nedir?<\/p>\n","protected":false},"excerpt":{"rendered":"<p>DEVA Partisi Genel Ba\u015fkan Yard\u0131mc\u0131s\u0131 ve Mersin Milletvekili Mehmet Emin Ekmen, Milli E\u011fitim Bakan\u0131 Yusuf Tekin\u2019e \u201cYa\u015fayan Diller ve Leh\u00e7eleri\u201d, bu dersleri alan \u00f6\u011frenci say\u0131lar\u0131n\u0131, bu alanda lisans ve lisans \u00fcst\u00fc e\u011fitim alan \u00f6\u011fretmen adaylar\u0131n\u0131n mevcudunu ve adaylar\u0131n\u0131n atanma durumunu ifade eden \u00e7e\u015fitli istatistikleri yazd\u0131\u011f\u0131 bir soru \u00f6nergesiyle sorarak ya\u015fanan ma\u011fduriyetlere ve ihmallere dikkat \u00e7ekmek [&hellip;]<\/p>\n","protected":false},"author":2,"featured_media":30812,"comment_status":"open","ping_status":"open","sticky":false,"template":"","format":"standard","meta":{"footnotes":""},"categories":[3],"tags":[],"class_list":["post-30811","post","type-post","status-publish","format-standard","has-post-thumbnail","hentry","category-manset"],"views":3,"_links":{"self":[{"href":"https:\/\/mersinkadingazetesi.com\/index.php?rest_route=\/wp\/v2\/posts\/30811"}],"collection":[{"href":"https:\/\/mersinkadingazetesi.com\/index.php?rest_route=\/wp\/v2\/posts"}],"about":[{"href":"https:\/\/mersinkadingazetesi.com\/index.php?rest_route=\/wp\/v2\/types\/post"}],"author":[{"embeddable":true,"href":"https:\/\/mersinkadingazetesi.com\/index.php?rest_route=\/wp\/v2\/users\/2"}],"replies":[{"embeddable":true,"href":"https:\/\/mersinkadingazetesi.com\/index.php?rest_route=%2Fwp%2Fv2%2Fcomments&post=30811"}],"version-history":[{"count":0,"href":"https:\/\/mersinkadingazetesi.com\/index.php?rest_route=\/wp\/v2\/posts\/30811\/revisions"}],"wp:featuredmedia":[{"embeddable":true,"href":"https:\/\/mersinkadingazetesi.com\/index.php?rest_route=\/wp\/v2\/media\/30812"}],"wp:attachment":[{"href":"https:\/\/mersinkadingazetesi.com\/index.php?rest_route=%2Fwp%2Fv2%2Fmedia&parent=30811"}],"wp:term":[{"taxonomy":"category","embeddable":true,"href":"https:\/\/mersinkadingazetesi.com\/index.php?rest_route=%2Fwp%2Fv2%2Fcategories&post=30811"},{"taxonomy":"post_tag","embeddable":true,"href":"https:\/\/mersinkadingazetesi.com\/index.php?rest_route=%2Fwp%2Fv2%2Ftags&post=30811"}],"curies":[{"name":"wp","href":"https:\/\/api.w.org\/{rel}","templated":true}]}}