{"id":30817,"date":"2024-02-22T12:24:10","date_gmt":"2024-02-22T09:24:10","guid":{"rendered":"http:\/\/mersinkadingazetesi.com\/?p=30817"},"modified":"2024-02-22T12:24:10","modified_gmt":"2024-02-22T09:24:10","slug":"mersinde-orkoy-egitimleri-tamamlandi","status":"publish","type":"post","link":"https:\/\/mersinkadingazetesi.com\/?p=30817","title":{"rendered":"Mersin&#8217;de ORK\u00d6Y e\u011fitimleri tamamland\u0131"},"content":{"rendered":"<p>Mersin Orman B\u00f6lge M\u00fcd\u00fcrl\u00fc\u011f\u00fc Orman ve K\u00f6y \u0130li\u015fkileri (ORK\u00d6Y) \u015eube M\u00fcd\u00fcrl\u00fc\u011f\u00fc taraf\u0131ndan 9 Orman \u0130\u015fletme M\u00fcd\u00fcrl\u00fc\u011f\u00fcnde e\u011fitim faaliyetleri tamamland\u0131.<br \/>\nGer\u00e7ekle\u015ftirilen e\u011fitimler kapsam\u0131nda, \u00d6deneklerin Tahsisi, \u00c7al\u0131\u015fma Programlar\u0131n\u0131n Haz\u0131rlanmas\u0131, Tespitlerin Yap\u0131lmas\u0131, \u00d6deme \u0130\u015fleri, Hukuki \u0130\u015fler ve \u0130klime Diren\u00e7li Ormanc\u0131l\u0131k Projesi (\u0130DOP) ile ilgili konular anlat\u0131ld\u0131.<br \/>\nOrman K\u00f6yleri Strateji ve Proje Geli\u015ftirme \u015eube M\u00fcd\u00fcr\u00fc Yusuf Kurt&#8217;un da kat\u0131l\u0131m\u0131yla Tarsus Orman \u0130\u015fletme M\u00fcd\u00fcrl\u00fc\u011f\u00fcnde d\u00fczenlenen etkinlikte, \u0130klime Diren\u00e7li Ormanc\u0131l\u0131k Projesi hakk\u0131nda detayl\u0131 bilgi verildi.<br \/>\nOrman k\u00f6yl\u00fclerine y\u00f6nelik desteklerin artarak s\u00fcrece\u011fi bildirildi.<\/p>\n","protected":false},"excerpt":{"rendered":"<p>Mersin Orman B\u00f6lge M\u00fcd\u00fcrl\u00fc\u011f\u00fc Orman ve K\u00f6y \u0130li\u015fkileri (ORK\u00d6Y) \u015eube M\u00fcd\u00fcrl\u00fc\u011f\u00fc taraf\u0131ndan 9 Orman \u0130\u015fletme M\u00fcd\u00fcrl\u00fc\u011f\u00fcnde e\u011fitim faaliyetleri tamamland\u0131. Ger\u00e7ekle\u015ftirilen e\u011fitimler kapsam\u0131nda, \u00d6deneklerin Tahsisi, \u00c7al\u0131\u015fma Programlar\u0131n\u0131n Haz\u0131rlanmas\u0131, Tespitlerin Yap\u0131lmas\u0131, \u00d6deme \u0130\u015fleri, Hukuki \u0130\u015fler ve \u0130klime Diren\u00e7li Ormanc\u0131l\u0131k Projesi (\u0130DOP) ile ilgili konular anlat\u0131ld\u0131. Orman K\u00f6yleri Strateji ve Proje Geli\u015ftirme \u015eube M\u00fcd\u00fcr\u00fc Yusuf Kurt&#8217;un da kat\u0131l\u0131m\u0131yla [&hellip;]<\/p>\n","protected":false},"author":2,"featured_media":30818,"comment_status":"open","ping_status":"open","sticky":false,"template":"","format":"standard","meta":{"footnotes":""},"categories":[2,3],"tags":[],"class_list":["post-30817","post","type-post","status-publish","format-standard","has-post-thumbnail","hentry","category-gundem","category-manset"],"views":2,"_links":{"self":[{"href":"https:\/\/mersinkadingazetesi.com\/index.php?rest_route=\/wp\/v2\/posts\/30817"}],"collection":[{"href":"https:\/\/mersinkadingazetesi.com\/index.php?rest_route=\/wp\/v2\/posts"}],"about":[{"href":"https:\/\/mersinkadingazetesi.com\/index.php?rest_route=\/wp\/v2\/types\/post"}],"author":[{"embeddable":true,"href":"https:\/\/mersinkadingazetesi.com\/index.php?rest_route=\/wp\/v2\/users\/2"}],"replies":[{"embeddable":true,"href":"https:\/\/mersinkadingazetesi.com\/index.php?rest_route=%2Fwp%2Fv2%2Fcomments&post=30817"}],"version-history":[{"count":0,"href":"https:\/\/mersinkadingazetesi.com\/index.php?rest_route=\/wp\/v2\/posts\/30817\/revisions"}],"wp:featuredmedia":[{"embeddable":true,"href":"https:\/\/mersinkadingazetesi.com\/index.php?rest_route=\/wp\/v2\/media\/30818"}],"wp:attachment":[{"href":"https:\/\/mersinkadingazetesi.com\/index.php?rest_route=%2Fwp%2Fv2%2Fmedia&parent=30817"}],"wp:term":[{"taxonomy":"category","embeddable":true,"href":"https:\/\/mersinkadingazetesi.com\/index.php?rest_route=%2Fwp%2Fv2%2Fcategories&post=30817"},{"taxonomy":"post_tag","embeddable":true,"href":"https:\/\/mersinkadingazetesi.com\/index.php?rest_route=%2Fwp%2Fv2%2Ftags&post=30817"}],"curies":[{"name":"wp","href":"https:\/\/api.w.org\/{rel}","templated":true}]}}