{"id":30823,"date":"2024-02-22T12:31:22","date_gmt":"2024-02-22T09:31:22","guid":{"rendered":"http:\/\/mersinkadingazetesi.com\/?p=30823"},"modified":"2024-02-22T12:31:22","modified_gmt":"2024-02-22T09:31:22","slug":"toroslarda-serdar-soydan-ruzgari-esti","status":"publish","type":"post","link":"https:\/\/mersinkadingazetesi.com\/?p=30823","title":{"rendered":"TOROSLAR&#8217;DA SERDAR SOYDAN R\u00dcZGARI EST\u0130"},"content":{"rendered":"<p>Cumhur \u0130ttifak\u0131 Mersin B\u00fcy\u00fck\u015fehir Belediye Ba\u015fkan Aday\u0131 Serdar Soydan, &#8220;Birli\u011fin g\u00fcc\u00fc ile emin ad\u0131mlarla ilerliyoruz. 31 Mart&#8217;ta il\u00e7e belediyeleri, b\u00fcy\u00fck\u015fehir belediyesi ve merkezi h\u00fck\u00fcmetin destekleri ile Mersin \u00e7a\u011f atlayacak&#8221; dedi.<\/p>\n<p>Yerel se\u00e7imlere say\u0131l\u0131 g\u00fcnler kala Cumhur \u0130ttifak\u0131 Mersin B\u00fcy\u00fck\u015fehir Belediye Ba\u015fkan Aday\u0131 Serdar Soydan, kenti ad\u0131m ad\u0131m ziyaret etmeye, vatanda\u015flar\u0131n \u015fikayet, talep ve \u00f6nerileri i\u00e7in \u00e7\u00f6z\u00fcm \u00fcretmeye devam ediyor. Toroslar il\u00e7esi Yusuf K\u0131l\u0131\u00e7 Mahallesi&#8217;ndeki a\u00e7\u0131k hava toplant\u0131s\u0131nda b\u00fcy\u00fck bir co\u015fku ile kar\u015f\u0131lanan Soydan&#8217;a Cumhur \u0130ttifak\u0131 Toroslar Belediye Ba\u015fkan Aday\u0131 Ali \u00d6z, \u00dclk\u00fc Ocaklar\u0131 \u0130l Ba\u015fkan\u0131 Emre Celal G\u00fcl, AK Parti Toroslar \u0130l\u00e7e Ba\u015fkan\u0131 Ferdi \u00c7okkeser, MHP Toroslar \u0130l\u00e7e Ba\u015fkan\u0131 Osman Mete Y\u0131ld\u0131z, \u00dclk\u00fc Ocaklar\u0131 Toroslar \u0130l\u00e7e Ba\u015fkan\u0131 Yunus Emre Tugay ve \u00e7ok say\u0131da vatanda\u015f e\u015flik etti.<\/p>\n<p>&#8220;S\u0130ZLER KARARINIZI VERM\u0130\u015eS\u0130N\u0130Z&#8221;<\/p>\n<p>Burada yapt\u0131\u011f\u0131 konu\u015fmada s\u00f6zleri destek tezah\u00fcratlar\u0131yla s\u0131k s\u0131k kesilen Soydan, &#8220;Sizler karar\u0131n\u0131z\u0131 vermi\u015fsiniz; Cumhur \u0130ttifak\u0131 demi\u015fsiniz. Hepinizden Allah raz\u0131 olsun&#8221; diye konu\u015ftu. Se\u00e7imden galip ayr\u0131lacaklar\u0131n\u0131, buna inand\u0131klar\u0131 i\u00e7in de y\u0131lmadan yorulmadan \u00e7al\u0131\u015ft\u0131klar\u0131n\u0131 ifade eden Serdar Soydan, &#8220;Gece uyumadan g\u00fcnd\u00fcz yorulmadan hep yollarday\u0131z; \u00e7al\u0131\u015fmalar\u0131m\u0131z\u0131 s\u00fcrd\u00fcr\u00fcyoruz. \u0130n\u015fallah 31 Mart&#8217;ta da Cumhur \u0130ttifak\u0131&#8217;n\u0131n zaferi ile Toroslar&#8217;da y\u00fckselen o bayra\u011f\u0131 indirmeyece\u011fiz. Ali \u00d6z Ba\u015fkan\u0131mla istikrara devam deyip \u00fcretken belediyecilik nas\u0131l yap\u0131l\u0131r g\u00f6sterece\u011fiz&#8221; dedi.<\/p>\n<p>&#8220;AMACIMIZ MERS\u0130N&#8217;\u0130N MUTLULU\u011eUDUR&#8221;<\/p>\n<p>Soydan, &#8220;31 Mart&#8217;ta herkesle m\u00fccadele edecek g\u00fcc\u00fcm\u00fcz var. Bize g\u00fc\u00e7 veren sizlersiniz. Her birinizden g\u00fc\u00e7 buluyoruz. Ben inan\u0131yorum ki bu azim ve kararl\u0131l\u0131kla se\u00e7im zaferine ula\u015faca\u011f\u0131z. Biz Cumhur \u0130ttifak\u0131 olarak \u00f6nce \u00fclkem ve milletim sonra partim ve biz anlay\u0131\u015f\u0131 ile ilerliyoruz. Hi\u00e7 kimseden bir menfaatimiz yok. Amac\u0131m\u0131z Toroslar\u0131m\u0131z, Mersinimiz ve \u00fclkemizin mutlulu\u011fudur. Biz sizler gibi vatan, millet sevdal\u0131s\u0131 hem\u015ferilerimiz ile yol y\u00fcr\u00fcyoruz&#8221; diye konu\u015ftu.<\/p>\n<p>&#8220;UYUM, B\u0130RL\u0130\u011e\u0130N G\u00dcC\u00dc \u0130LE GER\u00c7EKLE\u015e\u0130R&#8221;<\/p>\n<p>Serdar Soydan, &#8220;Her gitti\u011fimiz yerde il\u00e7e belediyesi ve b\u00fcy\u00fck\u015fehir belediyesinin uyumunun \u00f6neminden s\u00f6z ediyoruz. Bu uyum birli\u011fin g\u00fcc\u00fc ile ger\u00e7ekle\u015fir. Buna merkezi h\u00fck\u00fcmetin yetkisini de ekliyoruz. \u0130l\u00e7e belediyelerimizin yetkisi de b\u00fct\u00e7esi de s\u0131n\u0131rl\u0131d\u0131r. Belediye ba\u015fkanlar\u0131m\u0131z g\u00fc\u00e7leri nispetinde bu zamana kadar hizmet etmeye \u00e7al\u0131\u015ft\u0131lar. Ancak maalesef b\u00fcy\u00fck\u015fehir aya\u011f\u0131m\u0131z eksik oldu\u011fundan dolay\u0131 hizmetleri verimli alamad\u0131k. Biz i\u015fte bu d\u00f6nem, Toroslar\u0131n, Mersin&#8217;in geli\u015fmesi a\u00e7\u0131s\u0131ndan il\u00e7e belediyeleri, b\u00fcy\u00fck\u015fehir belediyesi ve merkezi h\u00fck\u00fcmetin destekleri ile kentimizin \u00e7a\u011f atlayaca\u011f\u0131n\u0131 ifade ediyoruz&#8221; ifadelerini kulland\u0131.<\/p>\n<p>&#8220;9 MART&#8217;TA PROJELER\u0130M\u0130Z\u0130 ANLATACA\u011eIZ&#8221;<\/p>\n<p>Soydan s\u00f6zlerini \u015f\u00f6yle noktalad\u0131: &#8220;Bu \u015fehir, \u00e7ocuklar\u0131m\u0131z\u0131n, bizlerin ya\u015fayaca\u011f\u0131, d\u00fcnyada parmakla g\u00f6sterilen bir \u015fehir haline gelecek. Mersin, ya\u015fan\u0131labilir kentler aras\u0131nda \u00fcst s\u0131ralara yerle\u015fecek. Biz de Cumhuriyetimizin 100. y\u0131l\u0131nda 100 projemizi 9 Mart&#8217;ta bir araya gelip Mersinli hem\u015ferilerimizle payla\u015faca\u011f\u0131z ve bunlar\u0131 size net bir \u015fekilde ifade edece\u011fiz. Biz ay\u0131rmadan ayr\u0131\u015ft\u0131rmadan y\u00f6netece\u011fiz. Sizler de bizlere bu konuda inand\u0131n\u0131z; g\u00fcvendiniz. Bunun kar\u015f\u0131l\u0131\u011f\u0131n\u0131 Cumhur \u0130ttifak\u0131na olan ilgi ve alakadan anl\u0131yoruz. Anamur&#8217;dan Tarsus&#8217;a t\u00fcm kentte ittifak\u0131m\u0131z\u0131n zaferini birlikte ya\u015fayaca\u011f\u0131z. Bundan \u015f\u00fcpheniz olmas\u0131n.&#8221;<\/p>\n","protected":false},"excerpt":{"rendered":"<p>Cumhur \u0130ttifak\u0131 Mersin B\u00fcy\u00fck\u015fehir Belediye Ba\u015fkan Aday\u0131 Serdar Soydan, &#8220;Birli\u011fin g\u00fcc\u00fc ile emin ad\u0131mlarla ilerliyoruz. 31 Mart&#8217;ta il\u00e7e belediyeleri, b\u00fcy\u00fck\u015fehir belediyesi ve merkezi h\u00fck\u00fcmetin destekleri ile Mersin \u00e7a\u011f atlayacak&#8221; dedi. Yerel se\u00e7imlere say\u0131l\u0131 g\u00fcnler kala Cumhur \u0130ttifak\u0131 Mersin B\u00fcy\u00fck\u015fehir Belediye Ba\u015fkan Aday\u0131 Serdar Soydan, kenti ad\u0131m ad\u0131m ziyaret etmeye, vatanda\u015flar\u0131n \u015fikayet, talep ve \u00f6nerileri i\u00e7in [&hellip;]<\/p>\n","protected":false},"author":2,"featured_media":30824,"comment_status":"open","ping_status":"open","sticky":false,"template":"","format":"standard","meta":{"footnotes":""},"categories":[3,6],"tags":[],"class_list":["post-30823","post","type-post","status-publish","format-standard","has-post-thumbnail","hentry","category-manset","category-siyaset-2"],"views":2,"_links":{"self":[{"href":"https:\/\/mersinkadingazetesi.com\/index.php?rest_route=\/wp\/v2\/posts\/30823"}],"collection":[{"href":"https:\/\/mersinkadingazetesi.com\/index.php?rest_route=\/wp\/v2\/posts"}],"about":[{"href":"https:\/\/mersinkadingazetesi.com\/index.php?rest_route=\/wp\/v2\/types\/post"}],"author":[{"embeddable":true,"href":"https:\/\/mersinkadingazetesi.com\/index.php?rest_route=\/wp\/v2\/users\/2"}],"replies":[{"embeddable":true,"href":"https:\/\/mersinkadingazetesi.com\/index.php?rest_route=%2Fwp%2Fv2%2Fcomments&post=30823"}],"version-history":[{"count":0,"href":"https:\/\/mersinkadingazetesi.com\/index.php?rest_route=\/wp\/v2\/posts\/30823\/revisions"}],"wp:featuredmedia":[{"embeddable":true,"href":"https:\/\/mersinkadingazetesi.com\/index.php?rest_route=\/wp\/v2\/media\/30824"}],"wp:attachment":[{"href":"https:\/\/mersinkadingazetesi.com\/index.php?rest_route=%2Fwp%2Fv2%2Fmedia&parent=30823"}],"wp:term":[{"taxonomy":"category","embeddable":true,"href":"https:\/\/mersinkadingazetesi.com\/index.php?rest_route=%2Fwp%2Fv2%2Fcategories&post=30823"},{"taxonomy":"post_tag","embeddable":true,"href":"https:\/\/mersinkadingazetesi.com\/index.php?rest_route=%2Fwp%2Fv2%2Ftags&post=30823"}],"curies":[{"name":"wp","href":"https:\/\/api.w.org\/{rel}","templated":true}]}}