{"id":30826,"date":"2024-02-22T12:32:12","date_gmt":"2024-02-22T09:32:12","guid":{"rendered":"http:\/\/mersinkadingazetesi.com\/?p=30826"},"modified":"2024-02-22T12:32:12","modified_gmt":"2024-02-22T09:32:12","slug":"tuncer-secim-calismalarina-hiz-kesmeden-devam-ediyor","status":"publish","type":"post","link":"https:\/\/mersinkadingazetesi.com\/?p=30826","title":{"rendered":"Tuncer, se\u00e7im \u00e7al\u0131\u015fmalar\u0131na h\u0131z kesmeden devam ediyor"},"content":{"rendered":"<p>CHP Mezitli Belediye Ba\u015fkan Aday\u0131 Ahmet Serkan Tuncer, se\u00e7im \u00e7al\u0131\u015fmalar\u0131na h\u0131z kesmeden devam ediyor.<\/p>\n<p>S\u0131k s\u0131k esnaflar ve vatanda\u015flar ile bir arada olmaya \u00f6zen g\u00f6steren Tuncer, saha \u00e7al\u0131\u015fmalar\u0131n\u0131n ve gen\u00e7li\u011finin verdi\u011fi enerji ile Mezitli&#8217;de ses getiriyor.<\/p>\n<p>Tuncer son olarak, Mezitli Atat\u00fcrk Mahallesi&#8217;nde yer alan esnaflar\u0131 tek tek gezerek sohbet etti. <\/p>\n<p>Her f\u0131rsatta Mezitli&#8217;yi marka kent yapacaklar\u0131n\u0131n alt\u0131n\u0131 \u00e7izen Tuncer; esnaflar\u0131n, vatanda\u015flar\u0131n talep ve \u00f6nerilerini dinledi.<\/p>\n<p>Her saha \u00e7al\u0131\u015fmas\u0131nda oldu\u011fu gibi, vatanda\u015flar Tuncer&#8217;e yo\u011fun ilgi g\u00f6sterdi. <\/p>\n<p>Tuncer, Mezitli&#8217;nin hak etti\u011fi de\u011feri g\u00f6rmesi i\u00e7in gen\u00e7li\u011fini ve Mezitlili olu\u015funu sonuna kadar kullanaca\u011f\u0131n\u0131 dile getirdi. <\/p>\n<p>Vatanda\u015flar Tuncer ile hat\u0131ra foto\u011fraf\u0131 \u00e7ektirdi.<\/p>\n<p>Bizim bu memleket i\u00e7in bir hayalimiz ve yazacak bir ba\u015far\u0131 hikayemiz var.<\/p>\n","protected":false},"excerpt":{"rendered":"<p>CHP Mezitli Belediye Ba\u015fkan Aday\u0131 Ahmet Serkan Tuncer, se\u00e7im \u00e7al\u0131\u015fmalar\u0131na h\u0131z kesmeden devam ediyor. S\u0131k s\u0131k esnaflar ve vatanda\u015flar ile bir arada olmaya \u00f6zen g\u00f6steren Tuncer, saha \u00e7al\u0131\u015fmalar\u0131n\u0131n ve gen\u00e7li\u011finin verdi\u011fi enerji ile Mezitli&#8217;de ses getiriyor. Tuncer son olarak, Mezitli Atat\u00fcrk Mahallesi&#8217;nde yer alan esnaflar\u0131 tek tek gezerek sohbet etti. Her f\u0131rsatta Mezitli&#8217;yi marka kent [&hellip;]<\/p>\n","protected":false},"author":2,"featured_media":30827,"comment_status":"open","ping_status":"open","sticky":false,"template":"","format":"standard","meta":{"footnotes":""},"categories":[2,3,5],"tags":[],"class_list":["post-30826","post","type-post","status-publish","format-standard","has-post-thumbnail","hentry","category-gundem","category-manset","category-mersin"],"views":1,"_links":{"self":[{"href":"https:\/\/mersinkadingazetesi.com\/index.php?rest_route=\/wp\/v2\/posts\/30826"}],"collection":[{"href":"https:\/\/mersinkadingazetesi.com\/index.php?rest_route=\/wp\/v2\/posts"}],"about":[{"href":"https:\/\/mersinkadingazetesi.com\/index.php?rest_route=\/wp\/v2\/types\/post"}],"author":[{"embeddable":true,"href":"https:\/\/mersinkadingazetesi.com\/index.php?rest_route=\/wp\/v2\/users\/2"}],"replies":[{"embeddable":true,"href":"https:\/\/mersinkadingazetesi.com\/index.php?rest_route=%2Fwp%2Fv2%2Fcomments&post=30826"}],"version-history":[{"count":0,"href":"https:\/\/mersinkadingazetesi.com\/index.php?rest_route=\/wp\/v2\/posts\/30826\/revisions"}],"wp:featuredmedia":[{"embeddable":true,"href":"https:\/\/mersinkadingazetesi.com\/index.php?rest_route=\/wp\/v2\/media\/30827"}],"wp:attachment":[{"href":"https:\/\/mersinkadingazetesi.com\/index.php?rest_route=%2Fwp%2Fv2%2Fmedia&parent=30826"}],"wp:term":[{"taxonomy":"category","embeddable":true,"href":"https:\/\/mersinkadingazetesi.com\/index.php?rest_route=%2Fwp%2Fv2%2Fcategories&post=30826"},{"taxonomy":"post_tag","embeddable":true,"href":"https:\/\/mersinkadingazetesi.com\/index.php?rest_route=%2Fwp%2Fv2%2Ftags&post=30826"}],"curies":[{"name":"wp","href":"https:\/\/api.w.org\/{rel}","templated":true}]}}