{"id":30835,"date":"2024-02-22T12:37:53","date_gmt":"2024-02-22T09:37:53","guid":{"rendered":"http:\/\/mersinkadingazetesi.com\/?p=30835"},"modified":"2024-02-22T12:37:53","modified_gmt":"2024-02-22T09:37:53","slug":"milletvekili-kocamaz-tas-ocaklari-projesinin-ced-sureci-derhal-durdurulsun-iptal-edilsin","status":"publish","type":"post","link":"https:\/\/mersinkadingazetesi.com\/?p=30835","title":{"rendered":"M\u0130LLETVEK\u0130L\u0130 KOCAMAZ; \u201cTA\u015e OCAKLARI PROJES\u0130N\u0130N \u00c7ED S\u00dcREC\u0130 DERHAL DURDURULSUN  \u0130PTAL ED\u0130LS\u0130N\u201d"},"content":{"rendered":"<p>\u0130Y\u0130 Parti Mersin Milletvekili Burhanettin Kocamaz, Mersin\u2019de Turun\u00e7lu, De\u011firmen\u00e7ay ve Hamzabeyli mahallelerinde 4 ayr\u0131 ta\u015f oca\u011f\u0131n\u0131n yap\u0131lmas\u0131 i\u00e7in vatanda\u015flar\u0131n ve k\u00f6yl\u00fclerin \u00c7ED toplant\u0131s\u0131n\u0131 yapt\u0131rmad\u0131\u011f\u0131 ta\u015f oca\u011f\u0131n\u0131 meclis g\u00fcndemine ta\u015f\u0131yarak Bakanl\u0131ktan, ta\u015f ocaklar\u0131 projesinin \u00c7ED s\u00fcrecinin derhal durdurularak \u0130ptal edilmesini talep istedi.<\/p>\n<p>Mersin\u2019de Turun\u00e7lu, De\u011firmen\u00e7ay, Hamzabeyli, \u00c7ukurke\u015flik ve Hacgedi\u011fi mahallelerinde yap\u0131lmak istenen ta\u015f ocaklar\u0131na tepki g\u00f6stermek i\u00e7in vatanda\u015flar ve mahalle sakinleri eylem ve tepkilerini devam ediyor. Mersin \u00c7evre Platformu da, maden ve ta\u015f ocaklar\u0131 i\u00e7in da\u011flar\u0131n, k\u00f6ylerin dinamitle talan edilmesine kar\u015f\u0131 alanlarda m\u00fccadelesini s\u00fcrd\u00fcr\u00fcyor.<\/p>\n<p>\u0130Y\u0130 Parti Mersin Milletvekili Burhanettin Kocamaz, Mersin\u2019de Turun\u00e7lu, De\u011firmen\u00e7ay ve Hamzabeyli mahallelerinde kurulmas\u0131 planlanan ta\u015f oca\u011f\u0131n\u0131 T\u00fcrkiye B\u00fcy\u00fck Millet Meclisi (TBMM) g\u00fcndemine ta\u015f\u0131d\u0131.<\/p>\n<p>Mersin Milletvekili Burhanettin Kocamaz,  Turun\u00e7lu, De\u011firmen\u00e7ay ve Hamzabeyli mahallelerinde 4 ayr\u0131 ta\u015f oca\u011f\u0131n\u0131n yap\u0131lmas\u0131 i\u00e7in nihai \u00c7ED raporunun Mersin \u00c7evre, \u015eehircilik ve \u0130klim De\u011fi\u015fikli\u011fi \u0130l M\u00fcd\u00fcrl\u00fc\u011f\u00fc taraf\u0131ndan 15 \u015eubat 2024 tarihinde ask\u0131ya \u00e7\u0131kar\u0131l\u0131p halk\u0131n g\u00f6r\u00fc\u015f\u00fcne a\u00e7\u0131ld\u0131\u011f\u0131n\u0131 s\u00f6yledi.<\/p>\n<p>Mersin ile ilgili al\u0131nan kararlarda kent insan\u0131n\u0131n taleplerinin h\u00fck\u00fcmet taraf\u0131ndan hi\u00e7bir \u015fekilde dikkate al\u0131nmad\u0131\u011f\u0131n\u0131 \u00f6ne s\u00fcren Kocamaz, \u201cMersin Liman\u0131na yap\u0131lacak ve Atat\u00fcrk Park\u0131n\u0131 yok edecek ilave iskele amac\u0131yla planlanan ta\u015f ocaklar\u0131 K\u0131rm\u0131z\u0131 ve Efrenk Derelerine, i\u00e7mesuyu kaynaklar\u0131na, tar\u0131m alanlar\u0131na ve yerle\u015fim yerlerine \u00e7ok yak\u0131n bir konumdad\u0131r\u201d dedi.<\/p>\n<p>B\u00f6lgenin, orman ve tar\u0131m arazileri yo\u011funluklu olup Yayla turizmi yap\u0131ld\u0131\u011f\u0131n\u0131 hat\u0131rlatan Milletvekili Kocamaz, Ta\u015f ocaklar\u0131n\u0131n, b\u00f6lgenin ormanl\u0131k ve tar\u0131m alanlar\u0131na, i\u00e7me suyu kaynaklar\u0131na, dereler ve Yayla turizmine \u00e7ok b\u00fcy\u00fck zarar verece\u011fine i\u015faret etti.<\/p>\n<p>Patlatmadan ve ta\u015f\u0131madan kaynakl\u0131 olu\u015facak g\u00fcr\u00fclt\u00fc ve tozun  insan sa\u011fl\u0131\u011f\u0131na zarar verece\u011finin alt\u0131n\u0131 \u00e7izen Kocamaz H\u00fck\u00fcmete  seslenerek Turun\u00e7lu, De\u011firmen\u00e7ay ve Hamzabeyli mahallelerinde ta\u015f ocaklar\u0131n\u0131n kurulmas\u0131n\u0131 istemediklerini, Bakanl\u0131ktan, ta\u015f ocaklar\u0131 projesinin \u00c7ED s\u00fcrecinin derhal durdurularak \u0130ptal edilmesini talep etti.<\/p>\n","protected":false},"excerpt":{"rendered":"<p>\u0130Y\u0130 Parti Mersin Milletvekili Burhanettin Kocamaz, Mersin\u2019de Turun\u00e7lu, De\u011firmen\u00e7ay ve Hamzabeyli mahallelerinde 4 ayr\u0131 ta\u015f oca\u011f\u0131n\u0131n yap\u0131lmas\u0131 i\u00e7in vatanda\u015flar\u0131n ve k\u00f6yl\u00fclerin \u00c7ED toplant\u0131s\u0131n\u0131 yapt\u0131rmad\u0131\u011f\u0131 ta\u015f oca\u011f\u0131n\u0131 meclis g\u00fcndemine ta\u015f\u0131yarak Bakanl\u0131ktan, ta\u015f ocaklar\u0131 projesinin \u00c7ED s\u00fcrecinin derhal durdurularak \u0130ptal edilmesini talep istedi. Mersin\u2019de Turun\u00e7lu, De\u011firmen\u00e7ay, Hamzabeyli, \u00c7ukurke\u015flik ve Hacgedi\u011fi mahallelerinde yap\u0131lmak istenen ta\u015f ocaklar\u0131na tepki g\u00f6stermek [&hellip;]<\/p>\n","protected":false},"author":2,"featured_media":30836,"comment_status":"open","ping_status":"open","sticky":false,"template":"","format":"standard","meta":{"footnotes":""},"categories":[1,2,3,5,6],"tags":[],"class_list":["post-30835","post","type-post","status-publish","format-standard","has-post-thumbnail","hentry","category-genel","category-gundem","category-manset","category-mersin","category-siyaset-2"],"views":1,"_links":{"self":[{"href":"https:\/\/mersinkadingazetesi.com\/index.php?rest_route=\/wp\/v2\/posts\/30835"}],"collection":[{"href":"https:\/\/mersinkadingazetesi.com\/index.php?rest_route=\/wp\/v2\/posts"}],"about":[{"href":"https:\/\/mersinkadingazetesi.com\/index.php?rest_route=\/wp\/v2\/types\/post"}],"author":[{"embeddable":true,"href":"https:\/\/mersinkadingazetesi.com\/index.php?rest_route=\/wp\/v2\/users\/2"}],"replies":[{"embeddable":true,"href":"https:\/\/mersinkadingazetesi.com\/index.php?rest_route=%2Fwp%2Fv2%2Fcomments&post=30835"}],"version-history":[{"count":0,"href":"https:\/\/mersinkadingazetesi.com\/index.php?rest_route=\/wp\/v2\/posts\/30835\/revisions"}],"wp:featuredmedia":[{"embeddable":true,"href":"https:\/\/mersinkadingazetesi.com\/index.php?rest_route=\/wp\/v2\/media\/30836"}],"wp:attachment":[{"href":"https:\/\/mersinkadingazetesi.com\/index.php?rest_route=%2Fwp%2Fv2%2Fmedia&parent=30835"}],"wp:term":[{"taxonomy":"category","embeddable":true,"href":"https:\/\/mersinkadingazetesi.com\/index.php?rest_route=%2Fwp%2Fv2%2Fcategories&post=30835"},{"taxonomy":"post_tag","embeddable":true,"href":"https:\/\/mersinkadingazetesi.com\/index.php?rest_route=%2Fwp%2Fv2%2Ftags&post=30835"}],"curies":[{"name":"wp","href":"https:\/\/api.w.org\/{rel}","templated":true}]}}